{"id":10417,"date":"2022-02-02T06:39:41","date_gmt":"2022-02-02T06:39:41","guid":{"rendered":"https:\/\/ajan.africa\/?p=10417"},"modified":"2022-02-02T12:32:16","modified_gmt":"2022-02-02T12:32:16","slug":"the-arrupe-madagascar-center-ca-mdg%ef%bf%bc","status":"publish","type":"post","link":"https:\/\/ajan.africa\/fr\/the-arrupe-madagascar-center-ca-mdg%ef%bf%bc\/","title":{"rendered":"The Arrupe Madagascar Center (CA MDG)- The AJAN Impact stories project"},"content":{"rendered":"<p><strong>Vision<\/strong><\/p>\n\n\n\n<p>&nbsp;\u00ab Une soci\u00e9t\u00e9 plus juste, un monde plus viable et un environnement plus vivable \u00bb.<\/p>\n\n\n\n<p><strong>Mission<\/strong><\/p>\n\n\n\n<p>Promouvoir la recherche de solutions p\u00e9rennes aux probl\u00e8mes de la soci\u00e9t\u00e9 malagasy, en faveur et avec les pauvres, dans les dimensions \u00e9conomiques, politiques, socioculturelles, \u00e9cologiques et religieuses.<\/p>\n\n\n\n<p><strong>Valeurs<\/strong><\/p>\n\n\n\n<p class=\"translation-block\">FEFIE : Foi \u2013 Engagement \u2013 Fraternit\u00e9 \u2013 Integrit\u00e9 \u2013 Excellence<\/p>\n\n\n\n<p><strong>Leitmotiv :<\/strong><\/p>\n\n\n\n<p>\u00ab Foi engag\u00e9e pour la Justice \u00bb<\/p>\n\n\n\n<p><strong>Pr\u00e9sentation g\u00e9n\u00e9rale de l\u2019entit\u00e9<\/strong><\/p>\n\n\n\n<p>Le Centre Arrupe Madagascar (CA MDG), ant\u00e9rieurement connu sous le nom de \u00ab Centre Social Arrupe \u00bb (CSA) a exist\u00e9 officiellement depuis le 15 mai 2005, date de l\u2019inauguration de son si\u00e8ge dans l\u2019enceinte de l\u2019ECAR Faravohitra Antananarivo. Il s\u2019agit d\u2019une \u0153uvre de la Compagnie de J\u00e9sus \u00e0 Madagascar sous la coordination de l\u2019Apostolat Social et Ecologique. La raison d\u2019\u00eatre du Centre Arrupe se fonde sur la mise en pratique de l\u2019engagement de la Compagnie de J\u00e9sus : \u00ab Le service de la foi et la promotion de la justice \u00bb, selon sa 32\u00e8me Congr\u00e9gation G\u00e9n\u00e9rale.<\/p>\n\n\n\n<p><strong>Brefs descriptifs des Programmes du CA MDG<\/strong><\/p>\n\n\n\n<p><strong>Programme Sant\u00e9 et Famille PSF<\/strong><\/p>\n\n\n\n<p class=\"translation-block\">PSF a pour mission de r\u00e9aliser la sensibilisation, la protection, la promotion et la transmission des valeurs d\u2019une famille saine et harmonieuse. En effet, il se tourne vers les familles, les parents, les jeunes, et les hommes et les femmes pour partager et faire vivre une vision de respect mutuel, d\u2019engagements communs et d\u2019un esprit de dialogue. La PSF contribue \u00e9galement \u00e0 r\u00e9duire les violences sur les femmes et les fillettes, des grands fl\u00e9aux qui minent l\u2019\u00e9quilibre et l\u2019harmonie de la soci\u00e9t\u00e9 malagasy.<\/p>\n\n\n\n<figure class=\"wp-block-image size-large\"><img fetchpriority=\"high\" decoding=\"async\" width=\"1024\" height=\"768\" src=\"https:\/\/ajan.africa\/wp-content\/uploads\/2022\/02\/4.-Sensibilisation-VIH-1024x768.jpg\" alt=\"\" class=\"wp-image-10419\" srcset=\"https:\/\/ajan.africa\/wp-content\/uploads\/2022\/02\/4.-Sensibilisation-VIH-1024x768.jpg 1024w, https:\/\/ajan.africa\/wp-content\/uploads\/2022\/02\/4.-Sensibilisation-VIH-300x225.jpg 300w, https:\/\/ajan.africa\/wp-content\/uploads\/2022\/02\/4.-Sensibilisation-VIH-768x576.jpg 768w, https:\/\/ajan.africa\/wp-content\/uploads\/2022\/02\/4.-Sensibilisation-VIH-1536x1152.jpg 1536w, https:\/\/ajan.africa\/wp-content\/uploads\/2022\/02\/4.-Sensibilisation-VIH-2048x1536.jpg 2048w, https:\/\/ajan.africa\/wp-content\/uploads\/2022\/02\/4.-Sensibilisation-VIH-16x12.jpg 16w\" sizes=\"(max-width: 1024px) 100vw, 1024px\" \/><\/figure>\n\n\n\n<p><strong>Programme Recherche et Documentation PRD<\/strong><\/p>\n\n\n\n<p>Le PRD est un programme charni\u00e8re entre tous les programmes du Centre Arrupe. Ses actions sont pr\u00e9c\u00e9d\u00e9es de recherches scientifiques, \u00e9tay\u00e9es par des enqu\u00eates sur le terrain, des analyses et des interviews d\u2019experts. Le PRD est charg\u00e9 de concevoir et diffuser les publications officielles du Centre Arrupe, et prend en charge la gestion de la Biblioth\u00e8que<\/p>\n\n\n\n<p><strong>Programme Participation Citoyenne et Efficacit\u00e9 Economique PCE<\/strong><\/p>\n\n\n\n<p>Le programme PCE a \u00e9t\u00e9 mis en place pour renforcer les activit\u00e9s de formation et d\u2019\u00e9ducation du Centre Arrupe. Il contribue \u00e0 renforcer les engagements politiques au niveau local, r\u00e9gional et national, et l\u2019esprit entrepreneurial de la jeunesse.<\/p>\n\n\n\n<p><strong>Programme Environnement et D\u00e9veloppement Durable EDD<\/strong><\/p>\n\n\n\n<p class=\"translation-block\">Le programme EDD fait \u00e9cho \u00e0 l\u2019appel du Pape Fran\u00e7ois dans son encyclique \u00ab Laudato \u2018Si \u00bb. Il participe \u00e0 promouvoir cet esprit \u00e9cologique et fait un lien entre les objectifs de d\u00e9veloppement durable et l\u2019environnement pour mieux prendre soin de notre maison commune. Il vise une prise de conscience collective quant aux cons\u00e9quences des politiques, des choix individuels, et des modes de production sur notre environnement.<\/p>\n\n\n\n<p><strong>Le Programme Sant\u00e9 et Famille, avec l\u2019African Jesuit Aids Network depuis sa cr\u00e9ation<\/strong><\/p>\n\n\n\n<p><strong><em>Les activit\u00e9s primaires de PSF dans la lutte contre le VIH\/sida<\/em><\/strong><\/p>\n\n\n\n<p>La Pastorale de la Sant\u00e9 et de la Famille (PSF) est une entit\u00e9 mise en place au sein de Centre Arrupe depuis 2005, date de son inauguration, o\u00f9 l\u2019on vu la participation de Mgr Michael Czerny, fondateur de l\u2019AJAN, pour l\u2019appui \u00e0 la mise en \u0153uvre des activit\u00e9s li\u00e9es au VIH\/sida au Centre. En effet, PSF a \u00e9t\u00e9 connue par ses activit\u00e9s initiales de lutte contre le VIH\/Sida, dans le but de r\u00e9duire et d\u2019\u00e9radiquer ce fl\u00e9au, parmi tant d\u2019autres la pr\u00e9vention par l\u2019\u00e9ducation de la population de toute cat\u00e9gorie d\u2019\u00e2ge, accentuant la pr\u00e9f\u00e9rence aux jeunes adolescents et aussi aux personnes exclues et victimes de discrimination dans notre soci\u00e9t\u00e9.<\/p>\n\n\n\n<p>Deux principaux zones ont \u00e9t\u00e9 s\u00e9lectionn\u00e9s \u00e0 cet effet, il s\u2019agit des r\u00e9gions nord, situ\u00e9es \u00e0 60 km d\u2019Antananarivo : Andriampamaky et Anjozorobe, regroupant 50 \u00e9glises locaux situ\u00e9s dans les brousses, avec \u00e0 peu pr\u00e8s 200.000 habitants, o\u00f9 les acc\u00e8s \u00e0 la sant\u00e9 et \u00e0 l\u2019\u00e9ducation pr\u00e9sentaient quelques d\u00e9fis. L\u2019objectif \u00e9tait de contribuer \u00e0 stabiliser et r\u00e9duire le taux de pr\u00e9valence du VIH\/sida \u00e0 moins de 1% \u00e0 Madagascar, de renforcer la pr\u00e9vention au sein de la population en promouvant les comportements sans risque face au VIH\/sida, et de prendre en charge les patients pvvihs dans les r\u00e9gions concern\u00e9es.<\/p>\n\n\n\n<p>Les activit\u00e9s relatives \u00e0 cette constante lutte ont \u00e9t\u00e9 : des partages et des \u00e9changes pour s\u2019informer et informer la population cible sur le VIH\/sida, counseling et d\u00e9pistage VIH et Syphilis, animation de masse et activit\u00e9s sportives, accompagnement des pvvihs, et le d\u00e9veloppement rural.<\/p>\n\n\n\n<figure class=\"wp-block-image size-large\"><img decoding=\"async\" width=\"1024\" height=\"678\" src=\"https:\/\/ajan.africa\/wp-content\/uploads\/2022\/02\/6.-Formation-AHAPPY-1024x678.jpg\" alt=\"\" class=\"wp-image-10420\" srcset=\"https:\/\/ajan.africa\/wp-content\/uploads\/2022\/02\/6.-Formation-AHAPPY-1024x678.jpg 1024w, https:\/\/ajan.africa\/wp-content\/uploads\/2022\/02\/6.-Formation-AHAPPY-300x199.jpg 300w, https:\/\/ajan.africa\/wp-content\/uploads\/2022\/02\/6.-Formation-AHAPPY-768x509.jpg 768w, https:\/\/ajan.africa\/wp-content\/uploads\/2022\/02\/6.-Formation-AHAPPY-1536x1017.jpg 1536w, https:\/\/ajan.africa\/wp-content\/uploads\/2022\/02\/6.-Formation-AHAPPY-2048x1356.jpg 2048w, https:\/\/ajan.africa\/wp-content\/uploads\/2022\/02\/6.-Formation-AHAPPY-18x12.jpg 18w\" sizes=\"(max-width: 1024px) 100vw, 1024px\" \/><\/figure>\n\n\n\n<p><\/p>\n\n\n\n<p><strong><em>2008, Points focaux sur l\u2019\u00e9ducation<\/em><\/strong><\/p>\n\n\n\n<p class=\"translation-block\">Depuis l\u2019ann\u00e9e 2008, les conf\u00e9rences des \u00e9v\u00eaques de Madagascar ont invit\u00e9 les commissions \u00e9piscopales \u00e0 \u00e9laborer un outil d\u2019\u00e9ducation pour toutes cat\u00e9gories de personnes (enfants, jeunes, adolescents, parents, enseignants, agents de sant\u00e9, etc.), le CA MDG \u00e9tait parmi les concepteurs de cet outil ou programme de formation nomm\u00e9 Education \u00e0 la Vie et \u00e0 l\u2019Amour \u2013 EVA, les principaux th\u00e8mes confi\u00e9s au CA MDG \u00e9taient ax\u00e9s sur la bio\u00e9thique et la Planification Familiale Naturelle. Depuis 2010, une \u00e9mission radio hebdomadaire \u00e0 la Radio Don Bosco Madagascar a \u00e9t\u00e9 r\u00e9alis\u00e9e avec la collaboration des commissions \u00e9piscopales Famille, Sant\u00e9 et Education. L\u2019\u00e9quipe de la PSF a tenu le r\u00f4le de coordinatrice et animatrice principale de cette \u00e9mission renomm\u00e9e, \u00e9tant donn\u00e9 que la radio est capt\u00e9e dans tous les 22 dioc\u00e8ses de Madagascar, avec \u00e0 peu pr\u00e8s 3.600.000 auditeurs r\u00e9guliers selon les recherches effectu\u00e9es par les responsables de la Radio Don Bosco. En 2014, ce programme a \u00e9t\u00e9 par ailleurs renforc\u00e9 par la parution d\u2019AHAPPY (AJAN HIV\/AIDS Prevention Program for Youth), sp\u00e9cialement pour les jeunes. La PSF a eu l\u2019opportunit\u00e9 de recevoir l\u2019\u00e9quipe de l\u2019AJAN pour une formation des formateurs sur AHAPPY en 2019, les institutions \u00e9ducatives des j\u00e9suites, avec quelques \u00e9tablissements catholique ont b\u00e9n\u00e9fici\u00e9 de cette formation et sont maintenant en train de s\u2019approprier et d\u2019appliquer le document comme mati\u00e8re parmi tant d\u2019autres dans le programme scolaire. \n<br>\n<strong>La lutte contre la violence, une marche avec les plus vuln\u00e9rables<\/strong>\n<br>\nPar ailleurs, la PSF s\u2019est engag\u00e9e en 2019 dans la lutte contre la violence \u00e0 l\u2019\u00e9gard des filles et des femmes (LVFF) qui brise plusieurs familles et bafoue des droits humains fondamentaux. Selon les statistiques des Violences Bas\u00e9es sur le Genre (VBG) \u00e0 Madagascar, 31% de filles et de femmes ont d\u00e9j\u00e0 subi une de formes de la violence : 26% des victimes subissent des violences physiques, 24% des violences psychologiques et affectives, 39% sont abandonn\u00e9es par leur conjoint et 11% sont victimes de violences sexuelles. (source : http:\/\/www.education.gov.mg\/luttecontre-les-violences-faites-aux-femmes\/ - Mars 2019). Quelques organisations internationales, l\u2019Etat, et des ONG m\u00e8nent activement de combat face \u00e0 la gravit\u00e9 de ce fl\u00e9au dans notre pays ; mais malgr\u00e9 ces efforts soutenus, il y a encore beaucoup \u00e0 faire surtout \u00e0 cause de certains facteurs \u00e9conomiques, sociaux et culturels, qui favorisent les diff\u00e9rentes sortes de violences \u00e0 l\u2019\u00e9gard du genre f\u00e9minin. Les cons\u00e9quences sont nombreuses et sont n\u00e9fastes sur le plan psychologique, professionnel, affectif, physique, social, etc. Le CA MDG s\u2019engage dans cette lutte, en offrant des s\u00e9ries de formation sur le d\u00e9veloppement genre, l\u2019accompagnement des victimes, l\u2019audit participatif de genre, des recherches sur un th\u00e8me sp\u00e9cifique, des ateliers de r\u00e9flexion, et des sensibilisations diverses. L\u2019objectif global c\u2019est de contribuer \u00e0 la pr\u00e9vention et \u00e0 la r\u00e9duction de la violence \u00e0 l\u2019\u00e9gard des filles et des femmes, am\u00e9liorer ainsi les conditions de vie du genre f\u00e9minin et renforcer leur autonomie. Les r\u00e9gions cibles sont celles qui repr\u00e9sentent notamment les taux les plus \u00e9lev\u00e9s en violences \u00e0 l\u2019\u00e9gard des femmes : Antananarivo (Centre), Farafangana et Mananjary (Sud Est), Moramanga (Centre Est), Port Berg\u00e9 (Nord) et Taolagnaro (Sud). \n<br>\n<strong>Success Stories <\/strong>\n<br>\nMalgr\u00e9 les circonstances et les contextes li\u00e9s au VIH\/sida, le CA MDG, apr\u00e8s avoir effectu\u00e9 une recherche sur les facteurs favorisant les adh\u00e9sions th\u00e9rapeutiques des pvvihs, a restructur\u00e9 ses activit\u00e9s sur l\u2019accompagnement et prise en charge des pvvihs en difficult\u00e9. Le CA MDG travaille avec tous les r\u00e9seaux \u0153uvrant dans ce continuel combat, et y est connu pour servir les plus vuln\u00e9rables dans la prise en charge. \nApr\u00e8s avoir effectu\u00e9 les activit\u00e9s de d\u00e9veloppement rural dans la r\u00e9gion d\u2019Andriampamaky en 2014, les bonnes pratiques acquises par la population sur les techniques modernes d\u2019agriculture et d\u2019\u00e9levage sont continuellement pratiqu\u00e9es dans cette r\u00e9gion en cette ann\u00e9e 2021, gr\u00e2ce \u00e0 notre suivi ponctuel et  \u00e9changes avec les habitants. \nLe Programme AHAPPY, ayant renforc\u00e9, le Programme sur l\u2019EVA, le CA MDG est visiblement connu et sert de r\u00e9f\u00e9rence pour les formations dans ces domaines. Des demandes de formations, de documents, d\u2019\u00e9changes ou de recherches se sont accrus ces derni\u00e8res ann\u00e9es malgr\u00e9 le fait que beaucoup d\u2019institutions et d\u2019organisations r\u00e9alisent \u00e9galement des activit\u00e9s relatives \u00e0 ces th\u00e8mes, notamment les \u00e9tablissements catholiques qui promeuvent l\u2019EVA dans les \u00e9coles. \nL\u2019ann\u00e9e 2019 a \u00e9t\u00e9 notre date de d\u00e9but des activit\u00e9s sur la Lutte contre les Violences \u00e0 l\u2019\u00e9gard des Filles et des Femmes. Actuellement CA MDG s\u2019engage davantage dans cette lutte et sert \u00e9galement de Centre de r\u00e9f\u00e9rence en soutenant les victimes dans tous les domaines. Cette activit\u00e9 nous a \u00e9galement permis de renforcer notre visibilit\u00e9, \u00e9tant donn\u00e9 les zones d\u2019interventions diversifi\u00e9s pour cette activit\u00e9, sans parler des collaborations gagn\u00e9es avec les r\u00e9seaux de lutte contre les violences et les personnes ressources.<\/p>\n\n\n\n<figure class=\"wp-block-image size-large\"><img decoding=\"async\" width=\"1024\" height=\"678\" src=\"https:\/\/ajan.africa\/wp-content\/uploads\/2022\/02\/5.Emission-EVA-1024x678.jpg\" alt=\"\" class=\"wp-image-10423\" srcset=\"https:\/\/ajan.africa\/wp-content\/uploads\/2022\/02\/5.Emission-EVA-1024x678.jpg 1024w, https:\/\/ajan.africa\/wp-content\/uploads\/2022\/02\/5.Emission-EVA-300x199.jpg 300w, https:\/\/ajan.africa\/wp-content\/uploads\/2022\/02\/5.Emission-EVA-768x509.jpg 768w, https:\/\/ajan.africa\/wp-content\/uploads\/2022\/02\/5.Emission-EVA-1536x1017.jpg 1536w, https:\/\/ajan.africa\/wp-content\/uploads\/2022\/02\/5.Emission-EVA-2048x1356.jpg 2048w, https:\/\/ajan.africa\/wp-content\/uploads\/2022\/02\/5.Emission-EVA-18x12.jpg 18w\" sizes=\"(max-width: 1024px) 100vw, 1024px\" \/><\/figure>\n\n\n\n<figure class=\"wp-block-image size-large\"><img loading=\"lazy\" decoding=\"async\" width=\"1024\" height=\"678\" src=\"https:\/\/ajan.africa\/wp-content\/uploads\/2022\/02\/7.-Formation-LVFF-1024x678.jpg\" alt=\"\" class=\"wp-image-10422\" srcset=\"https:\/\/ajan.africa\/wp-content\/uploads\/2022\/02\/7.-Formation-LVFF-1024x678.jpg 1024w, https:\/\/ajan.africa\/wp-content\/uploads\/2022\/02\/7.-Formation-LVFF-300x199.jpg 300w, https:\/\/ajan.africa\/wp-content\/uploads\/2022\/02\/7.-Formation-LVFF-768x509.jpg 768w, https:\/\/ajan.africa\/wp-content\/uploads\/2022\/02\/7.-Formation-LVFF-1536x1017.jpg 1536w, https:\/\/ajan.africa\/wp-content\/uploads\/2022\/02\/7.-Formation-LVFF-2048x1356.jpg 2048w, https:\/\/ajan.africa\/wp-content\/uploads\/2022\/02\/7.-Formation-LVFF-18x12.jpg 18w\" sizes=\"(max-width: 1024px) 100vw, 1024px\" \/><\/figure>","protected":false},"excerpt":{"rendered":"<p>Vision &nbsp;\u201cA fairer society, a more viable world and a more livable environment\u201d. Mission Promote the search for lasting solutions to the problems of Malagasy society, in favor of and with the poor, in the economic, political, socio-cultural, ecological and religious dimensions. Values FEFIE : Faith \u2013 Commitment \u2013 \u200b\u200bFraternity<\/p>\n<p><a class=\"sd-more sd-all-trans\" href=\"https:\/\/ajan.africa\/fr\/the-arrupe-madagascar-center-ca-mdg%ef%bf%bc\/#more-10417\">Lire la suite<\/a><\/p>","protected":false},"author":155,"featured_media":10421,"comment_status":"open","ping_status":"open","sticky":false,"template":"","format":"standard","meta":{"om_disable_all_campaigns":false,"_monsterinsights_skip_tracking":false,"_monsterinsights_sitenote_active":false,"_monsterinsights_sitenote_note":"","_monsterinsights_sitenote_category":0,"footnotes":""},"categories":[98],"tags":[],"class_list":["post-10417","post","type-post","status-publish","format-standard","has-post-thumbnail","hentry","category-ajan-news-articles"],"aioseo_notices":[],"_links":{"self":[{"href":"https:\/\/ajan.africa\/fr\/wp-json\/wp\/v2\/posts\/10417","targetHints":{"allow":["GET"]}}],"collection":[{"href":"https:\/\/ajan.africa\/fr\/wp-json\/wp\/v2\/posts"}],"about":[{"href":"https:\/\/ajan.africa\/fr\/wp-json\/wp\/v2\/types\/post"}],"author":[{"embeddable":true,"href":"https:\/\/ajan.africa\/fr\/wp-json\/wp\/v2\/users\/155"}],"replies":[{"embeddable":true,"href":"https:\/\/ajan.africa\/fr\/wp-json\/wp\/v2\/comments?post=10417"}],"version-history":[{"count":0,"href":"https:\/\/ajan.africa\/fr\/wp-json\/wp\/v2\/posts\/10417\/revisions"}],"wp:featuredmedia":[{"embeddable":true,"href":"https:\/\/ajan.africa\/fr\/wp-json\/wp\/v2\/media\/10421"}],"wp:attachment":[{"href":"https:\/\/ajan.africa\/fr\/wp-json\/wp\/v2\/media?parent=10417"}],"wp:term":[{"taxonomy":"category","embeddable":true,"href":"https:\/\/ajan.africa\/fr\/wp-json\/wp\/v2\/categories?post=10417"},{"taxonomy":"post_tag","embeddable":true,"href":"https:\/\/ajan.africa\/fr\/wp-json\/wp\/v2\/tags?post=10417"}],"curies":[{"name":"wp","href":"https:\/\/api.w.org\/{rel}","templated":true}]}}