{"id":10903,"date":"2022-08-03T06:55:51","date_gmt":"2022-08-03T06:55:51","guid":{"rendered":"https:\/\/ajan.africa\/?p=10903"},"modified":"2022-09-05T07:32:36","modified_gmt":"2022-09-05T07:32:36","slug":"the-launch-of-the-training-of-ahappy-trainers-at-the-jesuit-novitiate-in-drc","status":"publish","type":"post","link":"https:\/\/ajan.africa\/fr\/the-launch-of-the-training-of-ahappy-trainers-at-the-jesuit-novitiate-in-drc\/","title":{"rendered":"LES NOVICES J\u00c9SUITES ET LES NOVICES DE MERE LAURA MISSIONNAIRES EN RDC CONGO ENTREPRENDENT UNE FORMATION AHAPPY DE FORMATEURS"},"content":{"rendered":"<p class=\"translation-block\">African Jesuit AIDS Network, (AJAN) a entrepris la formation AHAPPY de formateurs (AHAPPY TOT) pour les novices, dans le <em>Noviciat-Notre Dame de la Compagnie de J\u00e9sus<\/em> \u00e0 Kinkeso\/Inkisi- situ\u00e9 dans le dioc\u00e8se catholique de Kisantu en R\u00e9publique D\u00e9mocratique du Congo du 1er au 5 ao\u00fbt 2022.<\/p>\n\n\n\n<div class=\"wp-block-columns is-layout-flex wp-container-core-columns-is-layout-9d6595d7 wp-block-columns-is-layout-flex\">\n<div class=\"wp-block-column is-layout-flow wp-block-column-is-layout-flow\" style=\"flex-basis:100%\">\n<div class=\"wp-block-columns is-layout-flex wp-container-core-columns-is-layout-9d6595d7 wp-block-columns-is-layout-flex\">\n<div class=\"wp-block-column is-layout-flow wp-block-column-is-layout-flow\">\n<figure class=\"wp-block-image size-large\"><img fetchpriority=\"high\" decoding=\"async\" width=\"1024\" height=\"768\" src=\"https:\/\/ajan.africa\/wp-content\/uploads\/2022\/08\/WhatsApp-Image-2022-08-11-at-3.48.33-PM-1024x768.jpeg\" alt=\"\" class=\"wp-image-10961\" srcset=\"https:\/\/ajan.africa\/wp-content\/uploads\/2022\/08\/WhatsApp-Image-2022-08-11-at-3.48.33-PM-1024x768.jpeg 1024w, https:\/\/ajan.africa\/wp-content\/uploads\/2022\/08\/WhatsApp-Image-2022-08-11-at-3.48.33-PM-300x225.jpeg 300w, https:\/\/ajan.africa\/wp-content\/uploads\/2022\/08\/WhatsApp-Image-2022-08-11-at-3.48.33-PM-768x576.jpeg 768w, https:\/\/ajan.africa\/wp-content\/uploads\/2022\/08\/WhatsApp-Image-2022-08-11-at-3.48.33-PM-1536x1153.jpeg 1536w, https:\/\/ajan.africa\/wp-content\/uploads\/2022\/08\/WhatsApp-Image-2022-08-11-at-3.48.33-PM-16x12.jpeg 16w, https:\/\/ajan.africa\/wp-content\/uploads\/2022\/08\/WhatsApp-Image-2022-08-11-at-3.48.33-PM.jpeg 1599w\" sizes=\"(max-width: 1024px) 100vw, 1024px\" \/><\/figure>\n<\/div>\n\n\n\n<div class=\"wp-block-column is-layout-flow wp-block-column-is-layout-flow\">\n<figure class=\"wp-block-image size-large\"><img decoding=\"async\" width=\"1024\" height=\"768\" src=\"https:\/\/ajan.africa\/wp-content\/uploads\/2022\/08\/WhatsApp-Image-2022-08-11-at-3.53.50-PM-5-1024x768.jpeg\" alt=\"\" class=\"wp-image-10962\" srcset=\"https:\/\/ajan.africa\/wp-content\/uploads\/2022\/08\/WhatsApp-Image-2022-08-11-at-3.53.50-PM-5-1024x768.jpeg 1024w, https:\/\/ajan.africa\/wp-content\/uploads\/2022\/08\/WhatsApp-Image-2022-08-11-at-3.53.50-PM-5-300x225.jpeg 300w, https:\/\/ajan.africa\/wp-content\/uploads\/2022\/08\/WhatsApp-Image-2022-08-11-at-3.53.50-PM-5-768x576.jpeg 768w, https:\/\/ajan.africa\/wp-content\/uploads\/2022\/08\/WhatsApp-Image-2022-08-11-at-3.53.50-PM-5-1536x1153.jpeg 1536w, https:\/\/ajan.africa\/wp-content\/uploads\/2022\/08\/WhatsApp-Image-2022-08-11-at-3.53.50-PM-5-16x12.jpeg 16w, https:\/\/ajan.africa\/wp-content\/uploads\/2022\/08\/WhatsApp-Image-2022-08-11-at-3.53.50-PM-5.jpeg 1599w\" sizes=\"(max-width: 1024px) 100vw, 1024px\" \/><\/figure>\n<\/div>\n<\/div>\n<\/div>\n<\/div>\n\n\n\n<p class=\"has-text-align-center has-small-font-size\"><em>Novices j\u00e9suites de 2e ann\u00e9e et Novices et pr\u00e9-novices de la Congr\u00e9gaton Missionnaire de la M\u00e8re Laura<\/em><\/p>\n\n\n\n<p class=\"translation-block\">En ce mois d'ao\u00fbt 2022, le Noviciat J\u00e9suite de la Province d'Afrique Centrale (ACE) f\u00eatait ses 25 ans depuis son ouverture \u00e0 Kisantu et AJAN se r\u00e9jouit d'avoir parcouru ce chemin avec eux, car la formation s'inscrit dans la vulgarisation du programme AHAPPY et la Pr\u00e9f\u00e9rence Apostolique Universelle (PAU) des J\u00e9suites, num\u00e9ro trois, qui est \u00e0 savoir\u00a0<strong><em>\"\u00a0Accompagner les jeunes dans la cr\u00e9ation d'un avenir rempli d'esp\u00e9rance<\/em><\/strong>\". TOUTES NOS F\u00c9LICITATIONS! Et nous remercions Dieu pour beaucoup de gr\u00e2ces sur cette maison de formation. Le noviciat est la premi\u00e8re \u00e9tape de la formation j\u00e9suite.<\/p>\n\n\n\n<figure class=\"wp-block-image size-large\"><img decoding=\"async\" width=\"1024\" height=\"768\" src=\"https:\/\/ajan.africa\/wp-content\/uploads\/2022\/08\/WhatsApp-Image-2022-08-11-at-3.45.35-PM-1-1024x768.jpeg\" alt=\"\" class=\"wp-image-10971\" srcset=\"https:\/\/ajan.africa\/wp-content\/uploads\/2022\/08\/WhatsApp-Image-2022-08-11-at-3.45.35-PM-1-1024x768.jpeg 1024w, https:\/\/ajan.africa\/wp-content\/uploads\/2022\/08\/WhatsApp-Image-2022-08-11-at-3.45.35-PM-1-300x225.jpeg 300w, https:\/\/ajan.africa\/wp-content\/uploads\/2022\/08\/WhatsApp-Image-2022-08-11-at-3.45.35-PM-1-768x576.jpeg 768w, https:\/\/ajan.africa\/wp-content\/uploads\/2022\/08\/WhatsApp-Image-2022-08-11-at-3.45.35-PM-1-1536x1153.jpeg 1536w, https:\/\/ajan.africa\/wp-content\/uploads\/2022\/08\/WhatsApp-Image-2022-08-11-at-3.45.35-PM-1-16x12.jpeg 16w, https:\/\/ajan.africa\/wp-content\/uploads\/2022\/08\/WhatsApp-Image-2022-08-11-at-3.45.35-PM-1.jpeg 1599w\" sizes=\"(max-width: 1024px) 100vw, 1024px\" \/><figcaption><em>Pr. Matambura Isma\u00ebl SJ. Le directeur d'AJAN re\u00e7oit un t-shirt pour marquer les 25 ans de l'ouverture de la formation du noviciat \u00e0 Kisantu, RDC<\/em>.<\/figcaption><\/figure>\n\n\n\n<p class=\"translation-block\">Le mandat d'AJAN, en plus de plusieurs autres, est de maintenir le VIH et le SIDA \u00e0 l'ordre du jour des j\u00e9suites, de l'\u00c9glise et du reste de la soci\u00e9t\u00e9. <strong><em>Le r\u00e9seau cherche \u00e0 responsabiliser les j\u00e9suites, les agents pastoraux, les religieux et d'autres personnes dans le courant dominant de la soci\u00e9t\u00e9, afin qu'ils jouent un r\u00f4le plus actif dans la lutte contre le VIH\/SIDA avec un engagement soutenu dans leurs diverses capacit\u00e9s et domaines de mission <\/em><\/strong>. L'entreprise est \u00e9galement motiv\u00e9e par l'appel \u00e0 cheminer avec les jeunes dans la cr\u00e9ation d'un avenir plein d'espoir (PAU3). Notamment, AJAN, r\u00e9pond \u00e0 cet appel en utilisant les outils et les ressources \u00e0 sa disposition, l'un d'entre eux \u00e9tant le programme AJAN de pr\u00e9vention du VIH et du SIDA pour les jeunes (AHAPPY).<\/p>\n\n\n\n<div class=\"wp-block-columns is-layout-flex wp-container-core-columns-is-layout-9d6595d7 wp-block-columns-is-layout-flex\">\n<div class=\"wp-block-column is-layout-flow wp-block-column-is-layout-flow\" style=\"flex-basis:50%\">\n<figure class=\"wp-block-image size-large is-resized\"><img loading=\"lazy\" decoding=\"async\" src=\"https:\/\/ajan.africa\/wp-content\/uploads\/2022\/08\/WhatsApp-Image-2022-08-02-at-4.13.44-PM-1024x461.jpeg\" alt=\"\" class=\"wp-image-10907\" width=\"411\" height=\"184\" srcset=\"https:\/\/ajan.africa\/wp-content\/uploads\/2022\/08\/WhatsApp-Image-2022-08-02-at-4.13.44-PM-1024x461.jpeg 1024w, https:\/\/ajan.africa\/wp-content\/uploads\/2022\/08\/WhatsApp-Image-2022-08-02-at-4.13.44-PM-300x135.jpeg 300w, https:\/\/ajan.africa\/wp-content\/uploads\/2022\/08\/WhatsApp-Image-2022-08-02-at-4.13.44-PM-768x346.jpeg 768w, https:\/\/ajan.africa\/wp-content\/uploads\/2022\/08\/WhatsApp-Image-2022-08-02-at-4.13.44-PM-1536x691.jpeg 1536w, https:\/\/ajan.africa\/wp-content\/uploads\/2022\/08\/WhatsApp-Image-2022-08-02-at-4.13.44-PM-18x8.jpeg 18w, https:\/\/ajan.africa\/wp-content\/uploads\/2022\/08\/WhatsApp-Image-2022-08-02-at-4.13.44-PM.jpeg 1600w\" sizes=\"(max-width: 411px) 100vw, 411px\" \/><figcaption><em>Novices j\u00e9suites de 2e ann\u00e9e et novices de la Congr\u00e9gation missionnaire de la M\u00e8re Laura lors de discussions de groupe.<\/em><\/figcaption><\/figure>\n<\/div>\n\n\n\n<div class=\"wp-block-column is-layout-flow wp-block-column-is-layout-flow\" style=\"flex-basis:50%\">\n<figure class=\"wp-block-image size-large is-resized\"><img loading=\"lazy\" decoding=\"async\" src=\"https:\/\/ajan.africa\/wp-content\/uploads\/2022\/08\/WhatsApp-Image-2022-08-02-at-4.13.43-PM-1024x461.jpeg\" alt=\"\" class=\"wp-image-10904\" width=\"402\" height=\"180\" srcset=\"https:\/\/ajan.africa\/wp-content\/uploads\/2022\/08\/WhatsApp-Image-2022-08-02-at-4.13.43-PM-1024x461.jpeg 1024w, https:\/\/ajan.africa\/wp-content\/uploads\/2022\/08\/WhatsApp-Image-2022-08-02-at-4.13.43-PM-300x135.jpeg 300w, https:\/\/ajan.africa\/wp-content\/uploads\/2022\/08\/WhatsApp-Image-2022-08-02-at-4.13.43-PM-768x346.jpeg 768w, https:\/\/ajan.africa\/wp-content\/uploads\/2022\/08\/WhatsApp-Image-2022-08-02-at-4.13.43-PM-1536x691.jpeg 1536w, https:\/\/ajan.africa\/wp-content\/uploads\/2022\/08\/WhatsApp-Image-2022-08-02-at-4.13.43-PM-18x8.jpeg 18w, https:\/\/ajan.africa\/wp-content\/uploads\/2022\/08\/WhatsApp-Image-2022-08-02-at-4.13.43-PM.jpeg 1600w\" sizes=\"(max-width: 402px) 100vw, 402px\" \/><\/figure>\n<\/div>\n<\/div>\n\n\n\n<p>Conform\u00e9ment au mandat ci-dessus, la formation de formateurs AHAPPY de 5 jours (AHAPPY TOT) a \u00e9t\u00e9 anim\u00e9e par une \u00e9quipe de formateurs d'AJAN dirig\u00e9e par le P\u00e8re Matambura Ismael SJ, Directeur d'AJAN accompagn\u00e9 de M. Kienge Dieu Merci et Mme Sergon Pascalia qui a r\u00e9uni dix-sept participants, dont 13 novices j\u00e9suites en derni\u00e8re ann\u00e9e de formation au noviciat et 2 novices et 2 pr\u00e9-novices de la Congr\u00e9gation Missionnaire de la M\u00e8re Laura, une institution religieuse f\u00e9minine.<\/p>\n\n\n\n<p>La formation s'est av\u00e9r\u00e9e tr\u00e8s interactive, passionnante et les participants ont fait preuve de beaucoup de cr\u00e9ativit\u00e9 tout en commentant l'ensemble de la session. <\/p>\n\n\n\n<p>Les jeunes hommes et femmes pr\u00e9sents ont d\u00e9clar\u00e9 : \u00ab Mes compagnons, je nous appelle \u00e0 prendre note de la n\u00e9cessit\u00e9 d'\u00eatre ancr\u00e9s car nous pouvons parfois devenir abstraits, cette session m'a interpell\u00e9 car je n'avais jamais imagin\u00e9 la situation du VIH en Afrique. est aussi grave qu'il est et j'arrive \u00e0 comprendre maintenant ; la formation parlait concr\u00e8tement de nos Pr\u00e9f\u00e9rences Apostoliques Universelles (PAU) 2, 3 et 4 car nous, les j\u00e9suites, sommes vraiment \u00e0 discerner. Nous discernons pour et avec les personnes que nous servons. (Participant SJ).<\/p>\n\n\n\n<div class=\"wp-block-columns is-layout-flex wp-container-core-columns-is-layout-9d6595d7 wp-block-columns-is-layout-flex\">\n<div class=\"wp-block-column is-layout-flow wp-block-column-is-layout-flow\" style=\"flex-basis:33.34%\">\n<figure class=\"wp-block-image size-large\"><img loading=\"lazy\" decoding=\"async\" width=\"1024\" height=\"768\" src=\"https:\/\/ajan.africa\/wp-content\/uploads\/2022\/08\/WhatsApp-Image-2022-08-11-at-3.48.28-PM-1024x768.jpeg\" alt=\"\" class=\"wp-image-10969\" srcset=\"https:\/\/ajan.africa\/wp-content\/uploads\/2022\/08\/WhatsApp-Image-2022-08-11-at-3.48.28-PM-1024x768.jpeg 1024w, https:\/\/ajan.africa\/wp-content\/uploads\/2022\/08\/WhatsApp-Image-2022-08-11-at-3.48.28-PM-300x225.jpeg 300w, https:\/\/ajan.africa\/wp-content\/uploads\/2022\/08\/WhatsApp-Image-2022-08-11-at-3.48.28-PM-768x576.jpeg 768w, https:\/\/ajan.africa\/wp-content\/uploads\/2022\/08\/WhatsApp-Image-2022-08-11-at-3.48.28-PM-1536x1153.jpeg 1536w, https:\/\/ajan.africa\/wp-content\/uploads\/2022\/08\/WhatsApp-Image-2022-08-11-at-3.48.28-PM-16x12.jpeg 16w, https:\/\/ajan.africa\/wp-content\/uploads\/2022\/08\/WhatsApp-Image-2022-08-11-at-3.48.28-PM.jpeg 1599w\" sizes=\"(max-width: 1024px) 100vw, 1024px\" \/><\/figure>\n<\/div>\n\n\n\n<div class=\"wp-block-column is-layout-flow wp-block-column-is-layout-flow\" style=\"flex-basis:33.34%\">\n<figure class=\"wp-block-image size-large\"><img loading=\"lazy\" decoding=\"async\" width=\"1024\" height=\"768\" src=\"https:\/\/ajan.africa\/wp-content\/uploads\/2022\/08\/WhatsApp-Image-2022-08-11-at-3.47.35-PM-1-1024x768.jpeg\" alt=\"\" class=\"wp-image-10968\" srcset=\"https:\/\/ajan.africa\/wp-content\/uploads\/2022\/08\/WhatsApp-Image-2022-08-11-at-3.47.35-PM-1-1024x768.jpeg 1024w, https:\/\/ajan.africa\/wp-content\/uploads\/2022\/08\/WhatsApp-Image-2022-08-11-at-3.47.35-PM-1-300x225.jpeg 300w, https:\/\/ajan.africa\/wp-content\/uploads\/2022\/08\/WhatsApp-Image-2022-08-11-at-3.47.35-PM-1-768x576.jpeg 768w, https:\/\/ajan.africa\/wp-content\/uploads\/2022\/08\/WhatsApp-Image-2022-08-11-at-3.47.35-PM-1-1536x1153.jpeg 1536w, https:\/\/ajan.africa\/wp-content\/uploads\/2022\/08\/WhatsApp-Image-2022-08-11-at-3.47.35-PM-1-16x12.jpeg 16w, https:\/\/ajan.africa\/wp-content\/uploads\/2022\/08\/WhatsApp-Image-2022-08-11-at-3.47.35-PM-1.jpeg 1599w\" sizes=\"(max-width: 1024px) 100vw, 1024px\" \/><\/figure>\n<\/div>\n\n\n\n<div class=\"wp-block-column is-layout-flow wp-block-column-is-layout-flow\" style=\"flex-basis:33.33%\">\n<figure class=\"wp-block-image size-large\"><img loading=\"lazy\" decoding=\"async\" width=\"1024\" height=\"768\" src=\"https:\/\/ajan.africa\/wp-content\/uploads\/2022\/08\/WhatsApp-Image-2022-08-11-at-3.47.36-PM-1024x768.jpeg\" alt=\"\" class=\"wp-image-10970\" srcset=\"https:\/\/ajan.africa\/wp-content\/uploads\/2022\/08\/WhatsApp-Image-2022-08-11-at-3.47.36-PM-1024x768.jpeg 1024w, https:\/\/ajan.africa\/wp-content\/uploads\/2022\/08\/WhatsApp-Image-2022-08-11-at-3.47.36-PM-300x225.jpeg 300w, https:\/\/ajan.africa\/wp-content\/uploads\/2022\/08\/WhatsApp-Image-2022-08-11-at-3.47.36-PM-768x576.jpeg 768w, https:\/\/ajan.africa\/wp-content\/uploads\/2022\/08\/WhatsApp-Image-2022-08-11-at-3.47.36-PM-1536x1153.jpeg 1536w, https:\/\/ajan.africa\/wp-content\/uploads\/2022\/08\/WhatsApp-Image-2022-08-11-at-3.47.36-PM-16x12.jpeg 16w, https:\/\/ajan.africa\/wp-content\/uploads\/2022\/08\/WhatsApp-Image-2022-08-11-at-3.47.36-PM.jpeg 1599w\" sizes=\"(max-width: 1024px) 100vw, 1024px\" \/><\/figure>\n<\/div>\n<\/div>\n\n\n\n<p class=\"has-text-align-center has-small-font-size\"><em>Remise du Certificat AHAPPY aux participants par le P. Matambura Isma\u00ebl SJ. Directeur AJAN<\/em><\/p>\n\n\n\n<p>\"Merci de nous avoir invit\u00e9 \u00e0 participer. Vous ne comprenez peut-\u00eatre pas \u00e0 quel point cette formation est utile. Nous avons beaucoup de jeunes filles qui viennent nous voir, souvent je me demande quoi faire pour les aider, merci beaucoup de partager des connaissances sur d'autres sujets de pr\u00e9occupation importants comme les IST, la toxicomanie, la sexualit\u00e9, la violence sexiste, en plus du VIH et du SIDA ; la formation a \u00e9t\u00e9 tr\u00e8s courte et pensez \u00e0 la rallonger car je pense qu'il y a tellement de choses, on a s\u00fbrement besoin d'apprendre. (Novice de M\u00e8re Laura).<\/p>\n\n\n\n<p>Alors que la formation touchait \u00e0 sa fin, le P. Isma\u00ebl Matambura SJ. Le directeur d'AJAN a d\u00e9livr\u00e9 des certificats aux participants qui avaient suivi avec succ\u00e8s le cours de formation AHAPPY, et il avait ceci \u00e0 dire : \"Gr\u00e2ce \u00e0 cette formation et \u00e0 de nombreuses autres qui ont d\u00e9j\u00e0 \u00e9t\u00e9 dispens\u00e9es plus t\u00f4t dans l'ann\u00e9e, AJAN a compl\u00e9t\u00e9 le renforcement des capacit\u00e9s exercice pour les j\u00e9suites en formation avec l'utilisation du programme. Notre motivation est de contribuer \u00e0 la pr\u00e9paration des jeunes j\u00e9suites \u00e0 la mission, notamment en accompagnant les jeunes et les personnes vuln\u00e9rables. De plus, les participants ont re\u00e7u des outils pour se pr\u00e9parer \u00e0 affronter le monde des jeunes et de la soci\u00e9t\u00e9 avec confiance et, plus important encore, en mettant l'accent non seulement sur l'am\u00e9lioration des r\u00e9alit\u00e9s sociales, mais sur la recherche de changements profonds et authentiques dans les communaut\u00e9s dans lesquelles ils travaillent.<\/p>\n\n\n\n<div class=\"wp-block-columns is-layout-flex wp-container-core-columns-is-layout-9d6595d7 wp-block-columns-is-layout-flex\">\n<div class=\"wp-block-column is-layout-flow wp-block-column-is-layout-flow\" style=\"flex-basis:50%\">\n<figure class=\"wp-block-image size-large\"><img loading=\"lazy\" decoding=\"async\" width=\"1024\" height=\"768\" src=\"https:\/\/ajan.africa\/wp-content\/uploads\/2022\/08\/WhatsApp-Image-2022-08-11-at-3.45.27-PM-1024x768.jpeg\" alt=\"\" class=\"wp-image-10963\" srcset=\"https:\/\/ajan.africa\/wp-content\/uploads\/2022\/08\/WhatsApp-Image-2022-08-11-at-3.45.27-PM-1024x768.jpeg 1024w, https:\/\/ajan.africa\/wp-content\/uploads\/2022\/08\/WhatsApp-Image-2022-08-11-at-3.45.27-PM-300x225.jpeg 300w, https:\/\/ajan.africa\/wp-content\/uploads\/2022\/08\/WhatsApp-Image-2022-08-11-at-3.45.27-PM-768x576.jpeg 768w, https:\/\/ajan.africa\/wp-content\/uploads\/2022\/08\/WhatsApp-Image-2022-08-11-at-3.45.27-PM-16x12.jpeg 16w, https:\/\/ajan.africa\/wp-content\/uploads\/2022\/08\/WhatsApp-Image-2022-08-11-at-3.45.27-PM.jpeg 1152w\" sizes=\"(max-width: 1024px) 100vw, 1024px\" \/><\/figure>\n<\/div>\n\n\n\n<div class=\"wp-block-column is-layout-flow wp-block-column-is-layout-flow\" style=\"flex-basis:50%\">\n<figure class=\"wp-block-image size-large\"><img loading=\"lazy\" decoding=\"async\" width=\"1024\" height=\"768\" src=\"https:\/\/ajan.africa\/wp-content\/uploads\/2022\/08\/WhatsApp-Image-2022-08-11-at-3.53.51-PM-1024x768.jpeg\" alt=\"\" class=\"wp-image-10964\" srcset=\"https:\/\/ajan.africa\/wp-content\/uploads\/2022\/08\/WhatsApp-Image-2022-08-11-at-3.53.51-PM-1024x768.jpeg 1024w, https:\/\/ajan.africa\/wp-content\/uploads\/2022\/08\/WhatsApp-Image-2022-08-11-at-3.53.51-PM-300x225.jpeg 300w, https:\/\/ajan.africa\/wp-content\/uploads\/2022\/08\/WhatsApp-Image-2022-08-11-at-3.53.51-PM-768x576.jpeg 768w, https:\/\/ajan.africa\/wp-content\/uploads\/2022\/08\/WhatsApp-Image-2022-08-11-at-3.53.51-PM-1536x1153.jpeg 1536w, https:\/\/ajan.africa\/wp-content\/uploads\/2022\/08\/WhatsApp-Image-2022-08-11-at-3.53.51-PM-16x12.jpeg 16w, https:\/\/ajan.africa\/wp-content\/uploads\/2022\/08\/WhatsApp-Image-2022-08-11-at-3.53.51-PM.jpeg 1599w\" sizes=\"(max-width: 1024px) 100vw, 1024px\" \/><\/figure>\n<\/div>\n<\/div>\n\n\n\n<p>Lors de la c\u00e9r\u00e9monie de cl\u00f4ture, le socius (Assistant du ma\u00eetre des novices), le P. Gabriel Kunonga SJ a soulign\u00e9 que l'utilit\u00e9 de toute connaissance r\u00e9side dans son application. Il a rappel\u00e9 aux participants que la fin du noviciat est le d\u00e9but d'une vie intensive d'\u00e9tude et d'engagement dans les \u0153uvres apostoliques, notant que la formation est opportune pour les novices car ils ont des comp\u00e9tences suppl\u00e9mentaires pour les ancrer dans leurs missions. Il a insist\u00e9 aupr\u00e8s des participants pour qu'ils utilisent les informations \u00e0 leur avantage et pour le b\u00e9n\u00e9fice de la soci\u00e9t\u00e9\/communaut\u00e9 dans son ensemble.&nbsp;<\/p>\n\n\n\n<figure class=\"wp-block-image size-large\"><img loading=\"lazy\" decoding=\"async\" width=\"1024\" height=\"461\" src=\"https:\/\/ajan.africa\/wp-content\/uploads\/2022\/08\/WhatsApp-Image-2022-08-02-at-4.13.51-PM-1024x461.jpeg\" alt=\"\" class=\"wp-image-10905\" srcset=\"https:\/\/ajan.africa\/wp-content\/uploads\/2022\/08\/WhatsApp-Image-2022-08-02-at-4.13.51-PM-1024x461.jpeg 1024w, https:\/\/ajan.africa\/wp-content\/uploads\/2022\/08\/WhatsApp-Image-2022-08-02-at-4.13.51-PM-300x135.jpeg 300w, https:\/\/ajan.africa\/wp-content\/uploads\/2022\/08\/WhatsApp-Image-2022-08-02-at-4.13.51-PM-768x346.jpeg 768w, https:\/\/ajan.africa\/wp-content\/uploads\/2022\/08\/WhatsApp-Image-2022-08-02-at-4.13.51-PM-1536x691.jpeg 1536w, https:\/\/ajan.africa\/wp-content\/uploads\/2022\/08\/WhatsApp-Image-2022-08-02-at-4.13.51-PM-18x8.jpeg 18w, https:\/\/ajan.africa\/wp-content\/uploads\/2022\/08\/WhatsApp-Image-2022-08-02-at-4.13.51-PM.jpeg 1600w\" sizes=\"(max-width: 1024px) 100vw, 1024px\" \/><\/figure>\n\n\n\n<p>A travers les formations men\u00e9es, AJAN souhaite outiller les jeunes j\u00e9suites et autres religieux en formation pour accompagner les jeunes qu'ils rencontrent dans leurs lieux d'apostolat et les engager dans la lutte contre le VIH et les violences auxquelles ils sont actuellement confront\u00e9s dans leur milieu de jeunesse.<\/p>\n\n\n\n<p class=\"translation-block\"><strong>JOYEUX 25<sup>e<\/sup> Anniversaire au <em>Noviciat Notre Dame M\u00e8re de la Compagnie de J\u00e9sus<\/em> !<\/strong><\/p>\n\n\n\n<p style=\"font-size:16px\">Par Mme Sergon Pascalia,<\/p>\n\n\n\n<p style=\"font-size:16px\" class=\"translation-block\"><em>Bureau de renforcement des capacit\u00e9s d'AJAN<\/em>r.<\/p>\n\n\n\n<p class=\"translation-block\"><em>Suivez-nous sur nos sites de r\u00e9seaux sociaux<\/em>&gt;&gt;&gt;<\/p>\n\n\n\n<div class=\"wp-block-columns is-layout-flex wp-container-core-columns-is-layout-9d6595d7 wp-block-columns-is-layout-flex\">\n<div class=\"wp-block-column is-layout-flow wp-block-column-is-layout-flow\" style=\"flex-basis:50%\">\n<div class=\"wp-block-media-text alignwide is-stacked-on-mobile\" style=\"grid-template-columns:15% auto\"><figure class=\"wp-block-media-text__media\"><img loading=\"lazy\" decoding=\"async\" width=\"1024\" height=\"1024\" src=\"https:\/\/ajan.africa\/wp-content\/uploads\/2022\/08\/Facebook_Logo_2019-1024x1024.png\" alt=\"\" class=\"wp-image-10908 size-full\" srcset=\"https:\/\/ajan.africa\/wp-content\/uploads\/2022\/08\/Facebook_Logo_2019-1024x1024.png 1024w, https:\/\/ajan.africa\/wp-content\/uploads\/2022\/08\/Facebook_Logo_2019-300x300.png 300w, https:\/\/ajan.africa\/wp-content\/uploads\/2022\/08\/Facebook_Logo_2019-150x150.png 150w, https:\/\/ajan.africa\/wp-content\/uploads\/2022\/08\/Facebook_Logo_2019-768x768.png 768w, https:\/\/ajan.africa\/wp-content\/uploads\/2022\/08\/Facebook_Logo_2019-12x12.png 12w, https:\/\/ajan.africa\/wp-content\/uploads\/2022\/08\/Facebook_Logo_2019-189x189.png 189w, https:\/\/ajan.africa\/wp-content\/uploads\/2022\/08\/Facebook_Logo_2019-85x85.png 85w, https:\/\/ajan.africa\/wp-content\/uploads\/2022\/08\/Facebook_Logo_2019.png 1200w\" sizes=\"(max-width: 1024px) 100vw, 1024px\" \/><\/figure><div class=\"wp-block-media-text__content\">\n<p><a href=\"https:\/\/www.facebook.com\/AfricanJesuitAIDSNetwork\" data-type=\"URL\" data-id=\"https:\/\/www.facebook.com\/AfricanJesuitAIDSNetwork\">African Jesuit AIDS Network (AJAN)<\/a><\/p>\n<\/div><\/div>\n<\/div>\n\n\n\n<div class=\"wp-block-column is-layout-flow wp-block-column-is-layout-flow\" style=\"flex-basis:50%\">\n<div class=\"wp-block-media-text alignwide is-stacked-on-mobile\" style=\"grid-template-columns:15% auto\"><figure class=\"wp-block-media-text__media\"><img loading=\"lazy\" decoding=\"async\" width=\"1024\" height=\"1024\" src=\"https:\/\/ajan.africa\/wp-content\/uploads\/2022\/08\/twitter-logo-png-transparent-background-logo-twitter-png-1024x1024.png\" alt=\"\" class=\"wp-image-10909 size-full\" srcset=\"https:\/\/ajan.africa\/wp-content\/uploads\/2022\/08\/twitter-logo-png-transparent-background-logo-twitter-png-1024x1024.png 1024w, https:\/\/ajan.africa\/wp-content\/uploads\/2022\/08\/twitter-logo-png-transparent-background-logo-twitter-png-300x300.png 300w, https:\/\/ajan.africa\/wp-content\/uploads\/2022\/08\/twitter-logo-png-transparent-background-logo-twitter-png-150x150.png 150w, https:\/\/ajan.africa\/wp-content\/uploads\/2022\/08\/twitter-logo-png-transparent-background-logo-twitter-png-768x768.png 768w, https:\/\/ajan.africa\/wp-content\/uploads\/2022\/08\/twitter-logo-png-transparent-background-logo-twitter-png-1536x1536.png 1536w, https:\/\/ajan.africa\/wp-content\/uploads\/2022\/08\/twitter-logo-png-transparent-background-logo-twitter-png-2048x2048.png 2048w, https:\/\/ajan.africa\/wp-content\/uploads\/2022\/08\/twitter-logo-png-transparent-background-logo-twitter-png-12x12.png 12w, https:\/\/ajan.africa\/wp-content\/uploads\/2022\/08\/twitter-logo-png-transparent-background-logo-twitter-png-189x189.png 189w, https:\/\/ajan.africa\/wp-content\/uploads\/2022\/08\/twitter-logo-png-transparent-background-logo-twitter-png-85x85.png 85w\" sizes=\"(max-width: 1024px) 100vw, 1024px\" \/><\/figure><div class=\"wp-block-media-text__content\">\n<p><a href=\"https:\/\/twitter.com\/AJANCenter\" data-type=\"URL\" data-id=\"https:\/\/twitter.com\/AJANCenter\">R\u00e9seau j\u00e9suite africain contre le sida<br>@AJANCenter<\/a><\/p>\n<\/div><\/div>\n<\/div>\n<\/div>","protected":false},"excerpt":{"rendered":"<p>African Jesuit AIDS Network, (AJAN) undertook the AHAPPY training of trainers (AHAPPY TOT) for the Novices, in the Noviciat-Notre Dame de la Compagnie de J\u00e9sus at Kinkeso\/Inkisi- located in the Catholic Diocese of Kisantu in the Democratic Republic of the Congo from 1st to the 5th of August 2022. 2nd<\/p>\n<p><a class=\"sd-more sd-all-trans\" href=\"https:\/\/ajan.africa\/fr\/the-launch-of-the-training-of-ahappy-trainers-at-the-jesuit-novitiate-in-drc\/#more-10903\">Lire la suite<\/a><\/p>","protected":false},"author":5,"featured_media":10974,"comment_status":"open","ping_status":"open","sticky":false,"template":"","format":"standard","meta":{"om_disable_all_campaigns":false,"_monsterinsights_skip_tracking":false,"_monsterinsights_sitenote_active":false,"_monsterinsights_sitenote_note":"","_monsterinsights_sitenote_category":0,"footnotes":""},"categories":[103],"tags":[],"class_list":["post-10903","post","type-post","status-publish","format-standard","has-post-thumbnail","hentry","category-ajanews-august-2022-edition"],"aioseo_notices":[],"_links":{"self":[{"href":"https:\/\/ajan.africa\/fr\/wp-json\/wp\/v2\/posts\/10903","targetHints":{"allow":["GET"]}}],"collection":[{"href":"https:\/\/ajan.africa\/fr\/wp-json\/wp\/v2\/posts"}],"about":[{"href":"https:\/\/ajan.africa\/fr\/wp-json\/wp\/v2\/types\/post"}],"author":[{"embeddable":true,"href":"https:\/\/ajan.africa\/fr\/wp-json\/wp\/v2\/users\/5"}],"replies":[{"embeddable":true,"href":"https:\/\/ajan.africa\/fr\/wp-json\/wp\/v2\/comments?post=10903"}],"version-history":[{"count":0,"href":"https:\/\/ajan.africa\/fr\/wp-json\/wp\/v2\/posts\/10903\/revisions"}],"wp:featuredmedia":[{"embeddable":true,"href":"https:\/\/ajan.africa\/fr\/wp-json\/wp\/v2\/media\/10974"}],"wp:attachment":[{"href":"https:\/\/ajan.africa\/fr\/wp-json\/wp\/v2\/media?parent=10903"}],"wp:term":[{"taxonomy":"category","embeddable":true,"href":"https:\/\/ajan.africa\/fr\/wp-json\/wp\/v2\/categories?post=10903"},{"taxonomy":"post_tag","embeddable":true,"href":"https:\/\/ajan.africa\/fr\/wp-json\/wp\/v2\/tags?post=10903"}],"curies":[{"name":"wp","href":"https:\/\/api.w.org\/{rel}","templated":true}]}}