{"id":10943,"date":"2022-08-10T12:39:27","date_gmt":"2022-08-10T12:39:27","guid":{"rendered":"https:\/\/ajan.africa\/?p=10943"},"modified":"2022-08-23T12:43:47","modified_gmt":"2022-08-23T12:43:47","slug":"celebration-of-the-close-of-the-ignatian-year","status":"publish","type":"post","link":"https:\/\/ajan.africa\/fr\/celebration-of-the-close-of-the-ignatian-year\/","title":{"rendered":"C\u00e9l\u00e9bration de la Cl\u00f4ture de l'Ann\u00e9e IGNATIENNE 2022"},"content":{"rendered":"<figure class=\"wp-block-image size-large\"><img fetchpriority=\"high\" decoding=\"async\" width=\"1024\" height=\"328\" src=\"https:\/\/ajan.africa\/wp-content\/uploads\/2022\/08\/Ignatian-500-1024x328.jpg\" alt=\"\" class=\"wp-image-10954\" srcset=\"https:\/\/ajan.africa\/wp-content\/uploads\/2022\/08\/Ignatian-500-1024x328.jpg 1024w, https:\/\/ajan.africa\/wp-content\/uploads\/2022\/08\/Ignatian-500-300x96.jpg 300w, https:\/\/ajan.africa\/wp-content\/uploads\/2022\/08\/Ignatian-500-768x246.jpg 768w, https:\/\/ajan.africa\/wp-content\/uploads\/2022\/08\/Ignatian-500-18x6.jpg 18w, https:\/\/ajan.africa\/wp-content\/uploads\/2022\/08\/Ignatian-500.jpg 1242w\" sizes=\"(max-width: 1024px) 100vw, 1024px\" \/><\/figure>\n\n\n\n<p>Dans notre num\u00e9ro de juillet, nous c\u00e9l\u00e9brons le 500e anniversaire de la blessure de saint Ignace \u00e0 la bataille de Pampelune.<\/p>\n\n\n\n<p class=\"translation-block\">Le mois de juillet est sp\u00e9cial pour nous AJAN en tant que r\u00e9seau. Elle marque la cl\u00f4ture de l'Ann\u00e9e ignatienne\u00a0: 500<sup>e<\/sup> anniversaire de la conversion de saint Ignace de Loyola, le fondateur de la soci\u00e9t\u00e9 de J\u00e9sus (J\u00e9suites).<\/p>\n\n\n\n<p>L'ann\u00e9e ignatienne a \u00e9t\u00e9 annonc\u00e9e par le P. Arturo Sosa, S.J., Sup\u00e9rieur g\u00e9n\u00e9ral de la Compagnie de J\u00e9sus \u00e0 c\u00e9l\u00e9brer dans les \u0153uvres j\u00e9suites du monde entier. Cela a commenc\u00e9 par la c\u00e9r\u00e9monie de lancement dirig\u00e9e par le P\u00e8re G\u00e9n\u00e9ral \u00e0 Rome le 20 mai 2021. Chaque Province et R\u00e9gion j\u00e9suite a \u00e9galement organis\u00e9 une c\u00e9r\u00e9monie de lancement le m\u00eame jour. Le th\u00e8me de cette ann\u00e9e jubilaire \u00e9tait \u00ab Voir toutes choses nouvelles en Christ \u00bb.<\/p>\n\n\n\n<p>Selon le P. Ismael Matambura, directeur d'AJAN, C\u00e9l\u00e9bration de l'ann\u00e9e ignatienne \u00e0 travers le r\u00e9seau \u00e0 travers les lentilles d'AJAN, s'est concentr\u00e9 sur \u00ab\u00a0Voir toutes les choses nouvelles en Christ \u00e0 travers des initiatives et de la cr\u00e9ativit\u00e9 dirig\u00e9es par des jeunes\u00a0\u00bb. C'est une mani\u00e8re de se r\u00e9approprier le th\u00e8me g\u00e9n\u00e9ral. Les 500 ans de la conversion d'Ignace sont devenus l'occasion pour le r\u00e9seau de r\u00e9fl\u00e9chir \u00e0 une approche ignatienne de la pand\u00e9mie et de guider l'engagement des centres affili\u00e9s sur le terrain en investissant dans la jeunesse pour une g\u00e9n\u00e9ration saine et \u00e9quilibr\u00e9e et une Afrique sans sida et sans in\u00e9galit\u00e9s.<\/p>\n\n\n\n<p class=\"translation-block\">Dans son message \u00e0 la fraternit\u00e9 j\u00e9suite en Afrique et dans le monde entier lors de la c\u00e9l\u00e9bration de la fin de l'ann\u00e9e ignatienne le 31<sup>er<\/sup>\u00a0juillet 2022, le P. Agbonkhianmeghe E. Orobator SJ, pr\u00e9sident de la Conf\u00e9rence j\u00e9suite d'Afrique et de Madagascar a d\u00e9clar\u00e9 : \u00ab La diversit\u00e9 et la cr\u00e9ativit\u00e9 de cette Ann\u00e9e ignatienne ont apport\u00e9 un renouveau \u00e0 la Compagnie de J\u00e9sus \u00e0 travers le monde. J\u00e9suites et collaborateurs ont essay\u00e9 des choses nouvelles et innovantes ; ils ont d\u00e9couvert de nouvelles opportunit\u00e9s apostoliques pour approfondir la mission de vie de la Compagnie de J\u00e9sus. La richesse, l'\u00e9nergie et la cr\u00e9ativit\u00e9 doivent \u00eatre mises au service du renouvellement continu de la Compagnie de J\u00e9sus dans les provinces, les r\u00e9gions, les communaut\u00e9s, les apostolats, les r\u00e9seaux, etc.<\/p>\n\n\n\n<p class=\"translation-block\">Il a poursuivi en d\u00e9clarant : \u00ab Alors que nous concluons formellement l'Ann\u00e9e ignatienne, que cette f\u00eate de saint Ignace de Loyola marque le v\u00e9ritable d\u00e9but de l'Ann\u00e9e ignatienne. Que chaque ann\u00e9e devienne une ann\u00e9e ignatienne \u2013 un temps et une saison de cr\u00e9ativit\u00e9 sans fin ; une occasion privil\u00e9gi\u00e9e de vivre selon le meilleur de nos traditions et de nos fa\u00e7ons de proc\u00e9der, en nous rappelant toujours que les j\u00e9suites et les partenaires dans la mission \u00ab ne se contentent jamais du statu quo, du connu, de l'exp\u00e9riment\u00e9, du d\u00e9j\u00e0 existant. Nous sommes constamment amen\u00e9s \u00e0 d\u00e9couvrir, red\u00e9finir et atteindre le <em>magis<\/em>. Pour nous, les fronti\u00e8res et les fronti\u00e8res ne sont pas des obstacles ou des fins, mais de nouveaux d\u00e9fis \u00e0 relever, de nouvelles opportunit\u00e9s \u00e0 accueillir. En effet, la n\u00f4tre est une sainte audace, \u2018une certaine agressivit\u00e9 apostolique\u2019, typique de notre fa\u00e7on de proc\u00e9der \u00bb (CG 34, d. 26, n\u00b0 26). Que saint Ignace interc\u00e8de pour nous afin que Dieu nous accorde cette gr\u00e2ce de voir toutes choses nouvelles en Christ maintenant et \u00e0 chaque instant de notre vie-mission. Que l'ann\u00e9e ignatienne commence !<\/p>\n\n\n\n<p>Dieu continue d'inviter chacun de nous \u00e0 agir de mani\u00e8re nouvelle et audacieuse qui r\u00e9concilie notre monde, apportant justice, paix, attention et compassion. AJAN r\u00eave de cr\u00e9er une g\u00e9n\u00e9ration africaine plus bienveillante et compatissante, pleine d'espoir et engag\u00e9e \u00e0 prot\u00e9ger la plan\u00e8te.<\/p>\n\n\n\n<p>Pour cette ann\u00e9e ignatienne, le fruit de la r\u00e9flexion d'AJAN est le lancement d'activit\u00e9s communes \u00e0 travers le r\u00e9seau qui promeuvent les jeunes et qui garantissent que les jeunes sont au centre de notre mission et de nos solutions inspir\u00e9es par la conversion d'Ignace. \u00c0 cet \u00e9gard, le projet d'initiatives jeunesse \u00e0 jeunesse d'AJAN a men\u00e9 des activit\u00e9s dans divers pays, elles seront rapport\u00e9es dans un num\u00e9ro sp\u00e9cial d'AJANews.<\/p>\n\n\n\n<p class=\"translation-block\"><strong>Par<\/strong>, Dennis Owuoche<\/p>\n\n\n\n<p>Charg\u00e9e de communication et de recherche.<\/p>\n\n\n\n<p><em><mark style=\"background-color:#abb8c3\" class=\"has-inline-color\"><strong>Suivez-nous sur nos r\u00e9seaux sociaux<\/strong><\/mark><\/em><\/p>\n\n\n\n<div class=\"wp-block-columns is-layout-flex wp-container-core-columns-is-layout-9d6595d7 wp-block-columns-is-layout-flex\">\n<div class=\"wp-block-column is-layout-flow wp-block-column-is-layout-flow\" style=\"flex-basis:50%\">\n<div class=\"wp-block-media-text alignwide is-stacked-on-mobile\" style=\"grid-template-columns:15% auto\"><figure class=\"wp-block-media-text__media\"><img decoding=\"async\" width=\"1024\" height=\"1024\" src=\"https:\/\/ajan.africa\/wp-content\/uploads\/2022\/08\/Facebook_Logo_2019-1024x1024.png\" alt=\"\" class=\"wp-image-10908 size-full\" srcset=\"https:\/\/ajan.africa\/wp-content\/uploads\/2022\/08\/Facebook_Logo_2019-1024x1024.png 1024w, https:\/\/ajan.africa\/wp-content\/uploads\/2022\/08\/Facebook_Logo_2019-300x300.png 300w, https:\/\/ajan.africa\/wp-content\/uploads\/2022\/08\/Facebook_Logo_2019-150x150.png 150w, https:\/\/ajan.africa\/wp-content\/uploads\/2022\/08\/Facebook_Logo_2019-768x768.png 768w, https:\/\/ajan.africa\/wp-content\/uploads\/2022\/08\/Facebook_Logo_2019-12x12.png 12w, https:\/\/ajan.africa\/wp-content\/uploads\/2022\/08\/Facebook_Logo_2019-189x189.png 189w, https:\/\/ajan.africa\/wp-content\/uploads\/2022\/08\/Facebook_Logo_2019-85x85.png 85w, https:\/\/ajan.africa\/wp-content\/uploads\/2022\/08\/Facebook_Logo_2019.png 1200w\" sizes=\"(max-width: 1024px) 100vw, 1024px\" \/><\/figure><div class=\"wp-block-media-text__content\">\n<p><a href=\"https:\/\/www.facebook.com\/AfricanJesuitAIDSNetwork\" data-type=\"URL\" data-id=\"https:\/\/www.facebook.com\/AfricanJesuitAIDSNetwork\">African Jesuit AIDS Network (AJAN)<\/a><\/p>\n<\/div><\/div>\n<\/div>\n\n\n\n<div class=\"wp-block-column is-layout-flow wp-block-column-is-layout-flow\" style=\"flex-basis:50%\">\n<div class=\"wp-block-media-text alignwide is-stacked-on-mobile\" style=\"grid-template-columns:15% auto\"><figure class=\"wp-block-media-text__media\"><img decoding=\"async\" width=\"1024\" height=\"1024\" src=\"https:\/\/ajan.africa\/wp-content\/uploads\/2022\/08\/twitter-logo-png-transparent-background-logo-twitter-png-1024x1024.png\" alt=\"\" class=\"wp-image-10909 size-full\" srcset=\"https:\/\/ajan.africa\/wp-content\/uploads\/2022\/08\/twitter-logo-png-transparent-background-logo-twitter-png-1024x1024.png 1024w, https:\/\/ajan.africa\/wp-content\/uploads\/2022\/08\/twitter-logo-png-transparent-background-logo-twitter-png-300x300.png 300w, https:\/\/ajan.africa\/wp-content\/uploads\/2022\/08\/twitter-logo-png-transparent-background-logo-twitter-png-150x150.png 150w, https:\/\/ajan.africa\/wp-content\/uploads\/2022\/08\/twitter-logo-png-transparent-background-logo-twitter-png-768x768.png 768w, https:\/\/ajan.africa\/wp-content\/uploads\/2022\/08\/twitter-logo-png-transparent-background-logo-twitter-png-1536x1536.png 1536w, https:\/\/ajan.africa\/wp-content\/uploads\/2022\/08\/twitter-logo-png-transparent-background-logo-twitter-png-2048x2048.png 2048w, https:\/\/ajan.africa\/wp-content\/uploads\/2022\/08\/twitter-logo-png-transparent-background-logo-twitter-png-12x12.png 12w, https:\/\/ajan.africa\/wp-content\/uploads\/2022\/08\/twitter-logo-png-transparent-background-logo-twitter-png-189x189.png 189w, https:\/\/ajan.africa\/wp-content\/uploads\/2022\/08\/twitter-logo-png-transparent-background-logo-twitter-png-85x85.png 85w\" sizes=\"(max-width: 1024px) 100vw, 1024px\" \/><\/figure><div class=\"wp-block-media-text__content\">\n<p><a href=\"https:\/\/twitter.com\/AJANCenter\" data-type=\"URL\" data-id=\"https:\/\/twitter.com\/AJANCenter\">R\u00e9seau j\u00e9suite africain contre le sida<br>@AJANCenter<\/a><\/p>\n<\/div><\/div>\n<\/div>\n<\/div>","protected":false},"excerpt":{"rendered":"<p>In our July Newsletter issue we celebrate the 500th anniversary of the wounding of St. Ignatius at the battle of Pamplona. The month of July is a special one for us AJAN as a Network. It marks the closure of the Ignatian Year: 500th anniversary of the conversion of St<\/p>\n<p><a class=\"sd-more sd-all-trans\" href=\"https:\/\/ajan.africa\/fr\/celebration-of-the-close-of-the-ignatian-year\/#more-10943\">Lire la suite<\/a><\/p>","protected":false},"author":5,"featured_media":0,"comment_status":"open","ping_status":"open","sticky":false,"template":"","format":"standard","meta":{"om_disable_all_campaigns":false,"_monsterinsights_skip_tracking":false,"_monsterinsights_sitenote_active":false,"_monsterinsights_sitenote_note":"","_monsterinsights_sitenote_category":0,"footnotes":""},"categories":[83],"tags":[],"class_list":["post-10943","post","type-post","status-publish","format-standard","hentry","category-ajan-news-articles-english"],"aioseo_notices":[],"_links":{"self":[{"href":"https:\/\/ajan.africa\/fr\/wp-json\/wp\/v2\/posts\/10943","targetHints":{"allow":["GET"]}}],"collection":[{"href":"https:\/\/ajan.africa\/fr\/wp-json\/wp\/v2\/posts"}],"about":[{"href":"https:\/\/ajan.africa\/fr\/wp-json\/wp\/v2\/types\/post"}],"author":[{"embeddable":true,"href":"https:\/\/ajan.africa\/fr\/wp-json\/wp\/v2\/users\/5"}],"replies":[{"embeddable":true,"href":"https:\/\/ajan.africa\/fr\/wp-json\/wp\/v2\/comments?post=10943"}],"version-history":[{"count":0,"href":"https:\/\/ajan.africa\/fr\/wp-json\/wp\/v2\/posts\/10943\/revisions"}],"wp:attachment":[{"href":"https:\/\/ajan.africa\/fr\/wp-json\/wp\/v2\/media?parent=10943"}],"wp:term":[{"taxonomy":"category","embeddable":true,"href":"https:\/\/ajan.africa\/fr\/wp-json\/wp\/v2\/categories?post=10943"},{"taxonomy":"post_tag","embeddable":true,"href":"https:\/\/ajan.africa\/fr\/wp-json\/wp\/v2\/tags?post=10943"}],"curies":[{"name":"wp","href":"https:\/\/api.w.org\/{rel}","templated":true}]}}