{"id":11379,"date":"2022-10-28T07:25:15","date_gmt":"2022-10-28T07:25:15","guid":{"rendered":"https:\/\/ajan.africa\/?p=11379"},"modified":"2022-11-01T10:53:41","modified_gmt":"2022-11-01T10:53:41","slug":"renforcer-leducation-therapeutique-pour-une-bonne-prise-des-medicaments","status":"publish","type":"post","link":"https:\/\/ajan.africa\/fr\/renforcer-leducation-therapeutique-pour-une-bonne-prise-des-medicaments\/","title":{"rendered":"Renforcer l\u2019\u00e9ducation th\u00e9rapeutique, pour une bonne prise des medicaments"},"content":{"rendered":"<p>L\u2019\u00e9ducation th\u00e9rapeutique est un processus de renforcement des capacit\u00e9s du patient et\/ou de son entourage \u00e0 prendre en charge l\u2019affection qui le touche. Elle est compl\u00e9mentaire et indissociable des traitements et des soins, du soulagement des sympt\u00f4mes, de la pr\u00e9vention des complications. Elle participe \u00e0 l\u2019am\u00e9lioration de la sant\u00e9 du patient (biologique, clinique) et \u00e0 l\u2019am\u00e9lioration de sa qualit\u00e9 de vie et \u00e0 celle de ses proches.<\/p>\n\n\n\n<p>C\u2019est dans ce cadre que, lors de la descente de la clinique mobile du Service Yezu Mwiza \u00e0 Magara ce mardi 11 octobre 2022, un accent particulier a \u00e9t\u00e9 mis sur l\u2019\u00e9ducation th\u00e9rapeutique en rapport avec la prise des m\u00e9dicaments comme l\u2019explique le docteur Gaston IRANKUNDA, responsable de cette unit\u00e9 mobile du SYM : \u00ab Le suivi des PVVIH est un travail de longue haleine, c\u2019est pour cela que, pour un patient qui doit prendre un traitement, toute sa vie, l\u2019\u00e9ducation th\u00e9rapeutique est n\u00e9cessaire, voire m\u00eame obligatoire, pour \u00e9viter le rel\u00e2chement dans la prise des m\u00e9dicaments qui conduit souvent \u00e0 l\u2019inobservance. Nous voulons que tous nos patients deviennent observant au traitement afin d\u2019avoir une charge virale ind\u00e9tectable et ainsi freiner la contamination du VIH \u00bb.<\/p>\n\n\n\n<figure class=\"wp-block-image size-large\"><img fetchpriority=\"high\" decoding=\"async\" width=\"1024\" height=\"683\" src=\"https:\/\/ajan.africa\/wp-content\/uploads\/2022\/10\/SYM-2-OCT-22-1024x683.jpg\" alt=\"\" class=\"wp-image-11380\" srcset=\"https:\/\/ajan.africa\/wp-content\/uploads\/2022\/10\/SYM-2-OCT-22-1024x683.jpg 1024w, https:\/\/ajan.africa\/wp-content\/uploads\/2022\/10\/SYM-2-OCT-22-300x200.jpg 300w, https:\/\/ajan.africa\/wp-content\/uploads\/2022\/10\/SYM-2-OCT-22-768x512.jpg 768w, https:\/\/ajan.africa\/wp-content\/uploads\/2022\/10\/SYM-2-OCT-22-18x12.jpg 18w, https:\/\/ajan.africa\/wp-content\/uploads\/2022\/10\/SYM-2-OCT-22.jpg 1200w\" sizes=\"(max-width: 1024px) 100vw, 1024px\" \/><figcaption>Equipe de la clinique mobile du SYM en route pour rencontrer les b\u00e9n\u00e9ficiaires<br><\/figcaption><\/figure>\n\n\n\n<p>D\u2019habitude, c\u2019est le patient qui va vers une structure de sant\u00e9. Le Service Yezu Mwiza a constat\u00e9 que la plupart de ses b\u00e9n\u00e9ficiaires sont vuln\u00e9rables et n\u2019ont pas de moyens pour venir \u00e0 chaque fois r\u00e9cup\u00e9rer les m\u00e9dicaments ou se faire soigner. Guid\u00e9 par la compassion de J\u00e9sus, il a mis en place une strat\u00e9gie de clinique mobile, c\u2019est le Service Yezu Mwiza qui va vers le patient avec tout son paquet de services, dans un endroit plus proche de sa localit\u00e9, pour que ce dernier ne soit plus oblig\u00e9 de parcourir de longues distances \u00e0 la recherche des soins, mais aussi \u00e0 venir en aide ces personnes alit\u00e9es qui n\u2019arrivent plus \u00e0 venir s\u2019approvisionner en m\u00e9dicaments (visite \u00e0 domicile).<\/p>\n\n\n\n<p>Les b\u00e9n\u00e9ficiaires du Service Yezu Mwiza appr\u00e9cient beaucoup le fait que la clinique mobile a r\u00e9duit leur long trajet \u00e0 la recherche des services de soins : \u00ab Avec la venue de la clinique mobile dans notre localit\u00e9, tout est devenu facile pour moi, j\u2019ai un acc\u00e8s facile au traitement ARV et non ARV, \u00e0 la consultation gratuite et aussi \u00e0 l\u2019\u00e9ducation th\u00e9rapeutique, mon \u00e9tat de sant\u00e9 s\u2019est am\u00e9lior\u00e9, ma charge virale est ind\u00e9tectable, j\u2019ai retrouv\u00e9 la joie de vivre, alors qu\u2019avant, j\u2019\u00e9tais d\u00e9sesp\u00e9r\u00e9 \u00bb, t\u00e9moigne un des b\u00e9n\u00e9ficiaires du SYM \u00e0 Magara.<\/p>\n\n\n\n<div class=\"wp-block-group\"><div class=\"wp-block-group__inner-container is-layout-flow wp-block-group-is-layout-flow\">\n<div class=\"wp-block-columns is-layout-flex wp-container-core-columns-is-layout-9d6595d7 wp-block-columns-is-layout-flex\">\n<div class=\"wp-block-column is-layout-flow wp-block-column-is-layout-flow\" style=\"flex-basis:100%\">\n<figure class=\"wp-block-image size-full\"><img decoding=\"async\" width=\"999\" height=\"661\" src=\"https:\/\/ajan.africa\/wp-content\/uploads\/2022\/10\/SYM-3-OCT-22.jpg\" alt=\"\" class=\"wp-image-11381\" srcset=\"https:\/\/ajan.africa\/wp-content\/uploads\/2022\/10\/SYM-3-OCT-22.jpg 999w, https:\/\/ajan.africa\/wp-content\/uploads\/2022\/10\/SYM-3-OCT-22-300x198.jpg 300w, https:\/\/ajan.africa\/wp-content\/uploads\/2022\/10\/SYM-3-OCT-22-768x508.jpg 768w, https:\/\/ajan.africa\/wp-content\/uploads\/2022\/10\/SYM-3-OCT-22-18x12.jpg 18w\" sizes=\"(max-width: 999px) 100vw, 999px\" \/><figcaption>Equipe de la clinique mobile avec les b\u00e9n\u00e9ficiaires de Magara<\/figcaption><\/figure>\n<\/div>\n<\/div>\n<\/div><\/div>\n\n\n\n<p>Le responsable de la clinique mobile indique \u00e9galement que cette strat\u00e9gie est un ouf de soulagement, car elle donne aux b\u00e9n\u00e9ficiaires vuln\u00e9rables un acc\u00e8s facile et gratuit aux services de soins : \u00ab Lorsqu\u2019ils vont dans les autres structures, ils sont oblig\u00e9s de payer les frais de d\u00e9placement et les frais pour tous les services auxquels ils ont besoin. Celui ou celle qui n\u2019a pas les moyens ne va pas aller se faire soigner. Le Service Yezu Mwiza a donc voulu venir en aide \u00e0 ces personnes vuln\u00e9rables en leur permettant un acc\u00e8s facile et gratuit \u00e0 tous ses services (la consultation, les examens compl\u00e9mentaires, l\u2019\u00e9ducation th\u00e9rapeutique ainsi que les m\u00e9dicaments pour la prise en charge \u00e0 la fois du VIH et d\u2019autres pathologies) \u00e0 proximit\u00e9 de leurs domiciles \u00bb, ajoute-t-il.<\/p>\n\n\n\n<p style=\"font-size:14px\"><em>Histoire par<\/em><\/p>\n\n\n\n<p style=\"font-size:14px\"><em>Service Yezu Mwiza {SYM} communication team<\/em><\/p>","protected":false},"excerpt":{"rendered":"<p>Therapeutic education is a process of strengthening the capacities of the patient and\/or those around him to take charge of the condition that affects him. It is complementary and inseparable from treatment and care, the relief of symptoms, the prevention of complications. It contributes to the improvement of the patient&#8217;s<\/p>\n<p><a class=\"sd-more sd-all-trans\" href=\"https:\/\/ajan.africa\/fr\/renforcer-leducation-therapeutique-pour-une-bonne-prise-des-medicaments\/#more-11379\">Lire la suite<\/a><\/p>","protected":false},"author":5,"featured_media":11383,"comment_status":"open","ping_status":"open","sticky":false,"template":"","format":"standard","meta":{"om_disable_all_campaigns":false,"_monsterinsights_skip_tracking":false,"_monsterinsights_sitenote_active":false,"_monsterinsights_sitenote_note":"","_monsterinsights_sitenote_category":0,"footnotes":""},"categories":[81,105],"tags":[],"class_list":["post-11379","post","type-post","status-publish","format-standard","has-post-thumbnail","hentry","category-ajanews-articles-french","category-ajanews-october-2022-edition"],"aioseo_notices":[],"_links":{"self":[{"href":"https:\/\/ajan.africa\/fr\/wp-json\/wp\/v2\/posts\/11379","targetHints":{"allow":["GET"]}}],"collection":[{"href":"https:\/\/ajan.africa\/fr\/wp-json\/wp\/v2\/posts"}],"about":[{"href":"https:\/\/ajan.africa\/fr\/wp-json\/wp\/v2\/types\/post"}],"author":[{"embeddable":true,"href":"https:\/\/ajan.africa\/fr\/wp-json\/wp\/v2\/users\/5"}],"replies":[{"embeddable":true,"href":"https:\/\/ajan.africa\/fr\/wp-json\/wp\/v2\/comments?post=11379"}],"version-history":[{"count":0,"href":"https:\/\/ajan.africa\/fr\/wp-json\/wp\/v2\/posts\/11379\/revisions"}],"wp:featuredmedia":[{"embeddable":true,"href":"https:\/\/ajan.africa\/fr\/wp-json\/wp\/v2\/media\/11383"}],"wp:attachment":[{"href":"https:\/\/ajan.africa\/fr\/wp-json\/wp\/v2\/media?parent=11379"}],"wp:term":[{"taxonomy":"category","embeddable":true,"href":"https:\/\/ajan.africa\/fr\/wp-json\/wp\/v2\/categories?post=11379"},{"taxonomy":"post_tag","embeddable":true,"href":"https:\/\/ajan.africa\/fr\/wp-json\/wp\/v2\/tags?post=11379"}],"curies":[{"name":"wp","href":"https:\/\/api.w.org\/{rel}","templated":true}]}}