{"id":11396,"date":"2022-11-01T09:12:33","date_gmt":"2022-11-01T09:12:33","guid":{"rendered":"https:\/\/ajan.africa\/?p=11396"},"modified":"2022-11-03T11:23:47","modified_gmt":"2022-11-03T11:23:47","slug":"journee-internationale-de-la-paix-50-etudiants-des-associations-du-centre-catholique-universitaire-soutillent-contre-les-formes-de-discrimination-les-discours-de-haine-et-la-desinformation","status":"publish","type":"post","link":"https:\/\/ajan.africa\/fr\/journee-internationale-de-la-paix-50-etudiants-des-associations-du-centre-catholique-universitaire-soutillent-contre-les-formes-de-discrimination-les-discours-de-haine-et-la-desinformation\/","title":{"rendered":"C\u00c9L\u00c9BRATION DE LA JOURN\u00c9E INTERNATIONALE DE LA PAIX EN R\u00c9PUBLIQUE CENTRAFRICAINE : 50 \u00c9TUDIANTS DES ASSOCIATIONS DU CENTRE CATHOLIQUE UNIVERSITAIRE SE DONNENT DES CONNAISSANCES CONTRE LES FORMES DE DISCRIMINATION, LES DISCRIMINATIONS DE HAINE ET LA D\u00c9SINFORMATION"},"content":{"rendered":"<p>Dans le cadre des activit\u00e9s de la comm\u00e9moration diff\u00e9r\u00e9e de la Journ\u00e9e Internationale de la Paix (JID 2022), la journ\u00e9e du 09 octobre 2022 de 8h \u00e0 14h. a \u00e9t\u00e9 consacr\u00e9e \u00e0 une causerie p\u00e9dagogique avec 50 \u00e9tudiants des associations \u00e9tudiantes du Centre Catholique Universitaire. Il s'agit des Pairs Educateurs du CIEE-CCU, des Volontaires de la Paix et de quelques \u00e9l\u00e8ves de la Jeunesse Etudiante Catholique (JEC). Cette activit\u00e9 a \u00e9t\u00e9 rendue possible gr\u00e2ce au soutien multiforme de la Mission multidimensionnelle int\u00e9gr\u00e9e d'appui des Nations Unies en R\u00e9publique centrafricaine (MINUSCA).<\/p>\n\n\n\n<p>L'\u00e9v\u00e9nement qui s'est d\u00e9roul\u00e9 au Centre Catholique Universitaire (CCU), \u00e0 Bangui, en R\u00e9publique centrafricaine, a commenc\u00e9 par une s\u00e9ance de discussion qui a \u00e9t\u00e9 ouverte par le coordinateur du CIEE-CCU qui a souhait\u00e9 la bienvenue aux participants et la mobilisation des jeunes. Il les a invit\u00e9s \u00e0 profiter de ce cadre d'\u00e9changes pour qu'il ne soit pas seulement un passe-temps, mais un lieu de contribution \u00e0 l'\u00e9dification d'une paix durable en RCA. Il a soulign\u00e9 \u00e0 juste titre que l'objectif de la causerie est de mobiliser les jeunes autour de la lutte contre les diff\u00e9rentes formes de discrimination, les discours de haine et la d\u00e9sinformation. Savoir identifier les formes de discrimination, les discours de haine et s'engager \u00e0 ne pas \u00eatre une passoire facile d'opinions non \u00e9clair\u00e9es est un combat d\u00e9j\u00e0 gagn\u00e9 sur le plan personnel avant de devoir jouer le r\u00f4le d'\u00e9ducateur de conscience dans les diff\u00e9rents milieux sociaux.<\/p>\n\n\n\n<figure class=\"wp-block-image size-large\"><img fetchpriority=\"high\" decoding=\"async\" width=\"1024\" height=\"515\" src=\"https:\/\/ajan.africa\/wp-content\/uploads\/2022\/10\/IMG_20221008_101956_339-1024x515.jpg\" alt=\"\" class=\"wp-image-11398\" srcset=\"https:\/\/ajan.africa\/wp-content\/uploads\/2022\/10\/IMG_20221008_101956_339-1024x515.jpg 1024w, https:\/\/ajan.africa\/wp-content\/uploads\/2022\/10\/IMG_20221008_101956_339-300x151.jpg 300w, https:\/\/ajan.africa\/wp-content\/uploads\/2022\/10\/IMG_20221008_101956_339-768x386.jpg 768w, https:\/\/ajan.africa\/wp-content\/uploads\/2022\/10\/IMG_20221008_101956_339-1536x772.jpg 1536w, https:\/\/ajan.africa\/wp-content\/uploads\/2022\/10\/IMG_20221008_101956_339-2048x1029.jpg 2048w, https:\/\/ajan.africa\/wp-content\/uploads\/2022\/10\/IMG_20221008_101956_339-18x9.jpg 18w, https:\/\/ajan.africa\/wp-content\/uploads\/2022\/10\/IMG_20221008_101956_339-266x135.jpg 266w\" sizes=\"(max-width: 1024px) 100vw, 1024px\" \/><\/figure>\n\n\n\n<p>Une premi\u00e8re partie de la causerie \u00e9ducative a \u00e9t\u00e9 anim\u00e9e par M. Delphin KPATA GBIGBI, expert en Analyse et R\u00e9solution des Conflits autour du th\u00e8me \u00ab Bannir les formes de discrimination \u00e0 l\u2019\u00e9gard des \u00e9l\u00e8ves et \u00e9tudiants : quelles solutions envisag\u00e9es pour lutter contre les discours de haine et la d\u00e9sinformation dans les communaut\u00e9s ? \u00bb. Il a commenc\u00e9 par pr\u00e9senter les diff\u00e9rentes formes de discrimination auxquelles font face les jeunes dans leur milieu de vie. Ensuite il a fait le lien entre ces diff\u00e9rentes formes de discrimination et les discours de haine avant de proposer des solutions pour lutter contre ces fl\u00e9aux. A partir d\u2019une m\u00e9thode interactive et dynamique, les participants ont pu travailler en groupe restreint sur des sous th\u00e8mes. Quelques r\u00e9ponses aux questions soulev\u00e9es par l\u2019une ou l\u2019autre pr\u00e9sentation ont permis au facilitateur de lever des zones d\u2019ombres. Au terme de sa communication, le facilitateur a interpell\u00e9 les participants \u00e0 poser des actes concrets pour le changement de mentalit\u00e9s de leurs pairs jeunes.<\/p>\n\n\n\n<p>La seconde partie de l\u2019activit\u00e9 a \u00e9t\u00e9 anim\u00e9e par le coordonnateur du CIEE-CCU, M. Charles SOMDA autour du th\u00e8me \u00ab civisme et citoyennet\u00e9 en milieu scolaire et estudiantin : cas des \u00e9tudiants des associations du CCU \u00bb. Une br\u00e8ve pr\u00e9sentation de l\u2019historique du CIEE-CCU a permis une mise en contexte de l\u2019intervention. La mission du CIEE-CCU est ax\u00e9e sur l\u2019\u00e9ducation, l\u2019encadrement, la formation, l\u2019accompagnement des jeunes en g\u00e9n\u00e9ral et des \u00e9tudiants de l\u2019universit\u00e9 de Bangui et des instituts sup\u00e9rieurs, hautes \u00e9coles de la ville de Bangui. Au coeur de ses activit\u00e9s se situe au souci d\u2019\u00e9veil \u00e0 une conscience citoyenne et \u00e0 des comportements civiques et moraux \u00e0 m\u00eame de contribuer \u00e0 l\u2019\u00e9dification d\u2019un mieux-\u00eatre social r\u00e9el.<\/p>\n\n\n\n<figure class=\"wp-block-image size-large\"><img decoding=\"async\" width=\"1024\" height=\"525\" src=\"https:\/\/ajan.africa\/wp-content\/uploads\/2022\/10\/IMG_20221008_135542_001-1024x525.jpg\" alt=\"\" class=\"wp-image-11399\" srcset=\"https:\/\/ajan.africa\/wp-content\/uploads\/2022\/10\/IMG_20221008_135542_001-1024x525.jpg 1024w, https:\/\/ajan.africa\/wp-content\/uploads\/2022\/10\/IMG_20221008_135542_001-300x154.jpg 300w, https:\/\/ajan.africa\/wp-content\/uploads\/2022\/10\/IMG_20221008_135542_001-768x394.jpg 768w, https:\/\/ajan.africa\/wp-content\/uploads\/2022\/10\/IMG_20221008_135542_001-1536x788.jpg 1536w, https:\/\/ajan.africa\/wp-content\/uploads\/2022\/10\/IMG_20221008_135542_001-2048x1051.jpg 2048w, https:\/\/ajan.africa\/wp-content\/uploads\/2022\/10\/IMG_20221008_135542_001-18x9.jpg 18w, https:\/\/ajan.africa\/wp-content\/uploads\/2022\/10\/IMG_20221008_135542_001-266x135.jpg 266w\" sizes=\"(max-width: 1024px) 100vw, 1024px\" \/><\/figure>\n\n\n\n<p>Au-del\u00e0 des d\u00e9finitions techniques des termes civisme et citoyennet\u00e9, le facilitateur a montr\u00e9 qu\u2019il existe un lien intrins\u00e8que entre eux. Si la citoyennet\u00e9 s\u2019entend comme le fait d\u2019\u00eatre d\u2019une cit\u00e9, elle rel\u00e8ve de l\u2019identit\u00e9 et de l\u2019appartenance \u00e0 un milieu \u00ab une cit\u00e9 \u00bb qui donne droit \u00e0 des privil\u00e8ges et des devoirs, le civisme est de l\u2019ordre de savoir \u00eatre avec les autres dans la cit\u00e9. Le civisme touche \u00e0 une dimension du comportement, et des attitudes louables du citoyen. Civisme et citoyennet\u00e9 renvoient \u00e0 une conscience, \u00e0 un sentiment de fiert\u00e9 et d\u2019appartenance \u00e0 un milieu social qui pousse \u00e0 un engagement exemplaire pour am\u00e9liorer ma soci\u00e9t\u00e9 et la vie de mes concitoyens.<\/p>\n\n\n\n<p>Pour \u00eatre citoyen il ne faudra donc pas se limiter \u00e0 des questions de documents civils, mais il faut consid\u00e9rer le degr\u00e9 d\u2019attachement \u00e0 la cit\u00e9 qui fait que l\u2019on s\u2019y comporte bien en contribuant au bien de ses concitoyens. Un citoyen civique ne doit pas tol\u00e9rer la discrimination sous toutes ses formes. Il s\u2019\u00e9rige toujours contre tout discours de haines potentiels pierres d\u2019attente des conflits violents mettant en mal la coh\u00e9sion sociale. Un bon citoyen est prudent dans son rapport aux informations et opinions, puisqu\u2019il est conscient du danger de la d\u00e9sinformation. La citoyennet\u00e9 nous confr\u00e8re une identit\u00e9 et le civisme nous confirme dans cette identit\u00e9 \u00e0 travers l\u2019attachement et le d\u00e9vouement que nous avons pour le bien de notre cit\u00e9.<\/p>\n\n\n\n<p>L\u2019animateur a progressivement amen\u00e9 les participant \u00e0 une sorte d\u2019auto-\u00e9valuation de soi pour voir jusqu\u2019\u00e0 quel degr\u00e9 ils\/elles sont citoyennes et civiques au quotidien de leur vie. Il a insist\u00e9 sur l\u2019amour de la patrie comme point de d\u00e9part du civisme. Le civisme est un \u00e9l\u00e9ment cl\u00e9 pour le d\u00e9veloppement de tout pays. Il devient r\u00e9alit\u00e9 lorsqu\u2019il y a une v\u00e9ritable transformation personnelle. Laquelle transformation personnelle marquera le point de d\u00e9part pour le changement social qualitatif. Des exercices pratiques \u00e0 faire au quotidien ont \u00e9t\u00e9 donn\u00e9s aux participants pour contribuer \u00e0 l\u2019\u00e9chelle individuelle \u00e0 l\u2019\u00e9dification de relations sociales saines o\u00f9 tout homme est respect\u00e9 dans sa dignit\u00e9. Chaque participant a \u00e9t\u00e9 invit\u00e9 \u00e0 s\u2019efforcer au quotidien \u00e0<\/p>\n\n\n\n<ol class=\"wp-block-list\">\n<li>Ne pas critiquer et mettre en mal les autres<\/li>\n\n\n\n<li>S\u2019int\u00e9resser avec sinc\u00e9rit\u00e9 aux autres<\/li>\n\n\n\n<li>Sourire pour communiquer la joie<\/li>\n\n\n\n<li>Avoir le sens de l\u2019\u00e9coute prudente<\/li>\n<\/ol>\n\n\n\n<p><\/p>\n\n\n\n<p style=\"font-size:14px\"><strong><em>Par<\/em><\/strong><\/p>\n\n\n\n<p style=\"font-size:14px\"><em>Evince PENDABERY et Charles SOMDA SJ, CIEE,<\/em><\/p>","protected":false},"excerpt":{"rendered":"<p>As part of the activities of the delayed commemoration of the International Day of Peace (IDD 2022), the day of October 09, 2022 from 8 a.m. to 2 p.m. was devoted to an educational talk with 50 students from the Student Associations of the Center Catholique Universitaire. These are the<\/p>\n<p><a class=\"sd-more sd-all-trans\" href=\"https:\/\/ajan.africa\/fr\/journee-internationale-de-la-paix-50-etudiants-des-associations-du-centre-catholique-universitaire-soutillent-contre-les-formes-de-discrimination-les-discours-de-haine-et-la-desinformation\/#more-11396\">Lire la suite<\/a><\/p>","protected":false},"author":5,"featured_media":0,"comment_status":"open","ping_status":"open","sticky":false,"template":"","format":"standard","meta":{"om_disable_all_campaigns":false,"_monsterinsights_skip_tracking":false,"_monsterinsights_sitenote_active":false,"_monsterinsights_sitenote_note":"","_monsterinsights_sitenote_category":0,"footnotes":""},"categories":[81,105],"tags":[],"class_list":["post-11396","post","type-post","status-publish","format-standard","hentry","category-ajanews-articles-french","category-ajanews-october-2022-edition"],"aioseo_notices":[],"_links":{"self":[{"href":"https:\/\/ajan.africa\/fr\/wp-json\/wp\/v2\/posts\/11396","targetHints":{"allow":["GET"]}}],"collection":[{"href":"https:\/\/ajan.africa\/fr\/wp-json\/wp\/v2\/posts"}],"about":[{"href":"https:\/\/ajan.africa\/fr\/wp-json\/wp\/v2\/types\/post"}],"author":[{"embeddable":true,"href":"https:\/\/ajan.africa\/fr\/wp-json\/wp\/v2\/users\/5"}],"replies":[{"embeddable":true,"href":"https:\/\/ajan.africa\/fr\/wp-json\/wp\/v2\/comments?post=11396"}],"version-history":[{"count":0,"href":"https:\/\/ajan.africa\/fr\/wp-json\/wp\/v2\/posts\/11396\/revisions"}],"wp:attachment":[{"href":"https:\/\/ajan.africa\/fr\/wp-json\/wp\/v2\/media?parent=11396"}],"wp:term":[{"taxonomy":"category","embeddable":true,"href":"https:\/\/ajan.africa\/fr\/wp-json\/wp\/v2\/categories?post=11396"},{"taxonomy":"post_tag","embeddable":true,"href":"https:\/\/ajan.africa\/fr\/wp-json\/wp\/v2\/tags?post=11396"}],"curies":[{"name":"wp","href":"https:\/\/api.w.org\/{rel}","templated":true}]}}