{"id":11401,"date":"2022-11-01T09:03:08","date_gmt":"2022-11-01T09:03:08","guid":{"rendered":"https:\/\/ajan.africa\/?p=11401"},"modified":"2024-07-22T20:38:27","modified_gmt":"2024-07-22T20:38:27","slug":"staggering-progress-across-womens-childrens-and-adolescents-health-ajans-call-is-to-rise-respond-and-reach-out","status":"publish","type":"post","link":"https:\/\/ajan.africa\/fr\/staggering-progress-across-womens-childrens-and-adolescents-health-ajans-call-is-to-rise-respond-and-reach-out\/","title":{"rendered":"Progr\u00e8s stup\u00e9fiants, dans la sant\u00e9 des femmes, des enfants et des adolescents - L'appel d'AJAN est de se lever, de r\u00e9pondre et de tendre la main"},"content":{"rendered":"<p>Dans les derni\u00e8res donn\u00e9es publi\u00e9es par les Nations Unies dans son rapport sur la sant\u00e9 des femmes, des enfants et des adolescents, il y a un recul qui montre qu'environ 25 millions d'enfants n'\u00e9taient pas ou sous-vaccin\u00e9s en 2021, soit 6 millions de plus qu'en 2019 \u2013 augmentant leur risque de contracter des maladies mortelles et d\u00e9bilitantes. Des millions d'enfants n'ont pas pu aller \u00e0 l'\u00e9cole pendant la pand\u00e9mie, dont beaucoup pendant plus d'un an, tandis qu'environ 80 % des enfants de 104 pays et territoires ont perdu leur apprentissage en raison des fermetures d'\u00e9coles. Depuis le d\u00e9but de la pand\u00e9mie mondiale, 10,5 millions d'enfants ont perdu un parent ou un soignant \u00e0 cause du COVID-19.<\/p>\n\n\n\n<figure class=\"wp-block-image size-full\"><img fetchpriority=\"high\" decoding=\"async\" width=\"1000\" height=\"666\" src=\"https:\/\/ajan.africa\/wp-content\/uploads\/2022\/11\/Mother-and-child-medical-care-at-SYM.jpg\" alt=\"\" class=\"wp-image-11413\" srcset=\"https:\/\/ajan.africa\/wp-content\/uploads\/2022\/11\/Mother-and-child-medical-care-at-SYM.jpg 1000w, https:\/\/ajan.africa\/wp-content\/uploads\/2022\/11\/Mother-and-child-medical-care-at-SYM-300x200.jpg 300w, https:\/\/ajan.africa\/wp-content\/uploads\/2022\/11\/Mother-and-child-medical-care-at-SYM-768x511.jpg 768w, https:\/\/ajan.africa\/wp-content\/uploads\/2022\/11\/Mother-and-child-medical-care-at-SYM-18x12.jpg 18w\" sizes=\"(max-width: 1000px) 100vw, 1000px\" \/><figcaption class=\"translation-block\"><em>Une m\u00e8re sous PTME qui a amen\u00e9 son enfant de 18 mois pour un test s\u00e9rologique du VIH<\/em> <strong>(SYM, Burundi)<\/strong><\/figcaption><\/figure>\n\n\n\n<p>Avec la pand\u00e9mie de Covid-19 \u00e0 port\u00e9e de main et la r\u00e9duction des ressources qui a affect\u00e9 les progr\u00e8s qui avaient \u00e9t\u00e9 r\u00e9alis\u00e9s dans l'expansion des services de sant\u00e9 aux communaut\u00e9s rurales et les plus vuln\u00e9rables, cela signifie seulement qu'un enfant n\u00e9 dans un pays \u00e0 faible revenu a une vie moyenne esp\u00e9rance de vie \u00e0 la naissance d'environ 63 ans, contre 80 dans un pays \u00e0 revenu \u00e9lev\u00e9. Cet \u00e9cart de survie d\u00e9vastateur de 17 ans a peu chang\u00e9 au cours des derni\u00e8res ann\u00e9es. En 2020, 5 millions d'enfants sont morts avant m\u00eame l'\u00e2ge de 5 ans, principalement de causes \u00e9vitables ou traitables. Pendant ce temps, la plupart des d\u00e9c\u00e8s de m\u00e8res, d'enfants et d'adolescents et des mortinaissances sont concentr\u00e9s dans deux r\u00e9gions seulement : l'Afrique subsaharienne et l'Asie du Sud.<\/p>\n\n\n\n<p>Il est \u00e9galement not\u00e9 qu'une femme en Afrique subsaharienne a environ 130 fois plus de risques de mourir de causes li\u00e9es \u00e0 la grossesse ou \u00e0 l'accouchement qu'une femme en Europe ou en Am\u00e9rique du Nord. La couverture des soins pr\u00e9natals, des accoucheuses qualifi\u00e9es et des soins postnatals est loin d'atteindre toutes les femmes dans les pays \u00e0 revenu faible ou interm\u00e9diaire, ce qui les expose \u00e0 un risque \u00e9lev\u00e9 de d\u00e9c\u00e8s et d'invalidit\u00e9.<\/p>\n\n\n\n<p>Malgr\u00e9 une r\u00e9duction de la mortalit\u00e9 maternelle de 39 % entre 2000 et 2017, l'Afrique subsaharienne repr\u00e9sentait encore plus des deux tiers (68 %) des d\u00e9c\u00e8s maternels dans le monde chaque ann\u00e9e et 53 % de la mortalit\u00e9 des enfants de moins de cinq ans. En 2021, six nouvelles infections \u00e0 VIH sur sept chez les adolescents \u00e2g\u00e9s de 15 \u00e0 19 ans concernent des filles en Afrique subsaharienne.<\/p>\n\n\n\n<p>\u00ab Au c\u0153ur de notre promesse non tenue se trouve l'incapacit\u00e9 \u00e0 rem\u00e9dier aux in\u00e9galit\u00e9s b\u00e9antes \u00e0 l'origine des crises mondiales, de la pand\u00e9mie de COVID-19 aux conflits et \u00e0 l'urgence climatique. Le rapport d\u00e9crit les impacts de ces crises sur les femmes, les enfants et les adolescents, de la mortalit\u00e9 maternelle aux pertes d'\u00e9ducation en passant par la malnutrition s\u00e9v\u00e8re \u00bb, a d\u00e9clar\u00e9 Antonio Guterres, Secr\u00e9taire g\u00e9n\u00e9ral des Nations Unies.<\/p>\n\n\n\n<p>M\u00eame si ces in\u00e9galit\u00e9s ont \u00e9t\u00e9 exacerb\u00e9es par le Covid-19, o\u00f9 plusieurs pays d'Afrique ont connu de graves perturbations des services de sant\u00e9 essentiels, une augmentation des violences sexuelles, des grossesses chez les adolescentes et des fermetures d'\u00e9coles, il est \u00e9vident, maintenant plus que jamais, de changer d'orientation. et voir comment nous pouvons mieux d\u00e9fendre les besoins des jeunes, continuer \u00e0 investir dans les services de sant\u00e9, afin de faire face \u00e0 toutes les \u00e9pid\u00e9mies et pand\u00e9mies en r\u00e9imaginant nos syst\u00e8mes de sant\u00e9 afin d'atteindre v\u00e9ritablement chaque femme, enfant et adolescent, peu importe qui ils sont ou o\u00f9 ils vivent.<\/p>\n\n\n\n<p class=\"translation-block\">Alors que nous nous recentrons, c'est aussi un appel \u00e0 avoir une vision de ce que le <strong>\"Bien commun\"<\/strong> implique. <em> <strong>Cura Personalis<\/strong><\/em> l'une des valeurs fondamentales d'AJAN (African Jesuit AIDS Network) va de pair avec ce que le P. Fred Kammer, S.J. dit \u00e0 propos du \u00ab Bien commun \u00bb, dans son rapport sur la pens\u00e9e sociale catholique, il rappelle qu'une soci\u00e9t\u00e9 juste ne peut devenir une r\u00e9alit\u00e9 que lorsqu'elle se fonde sur le respect de la dignit\u00e9 transcendante de la personne humaine. \"Par cons\u00e9quent, l'ordre social et son d\u00e9veloppement doivent invariablement travailler au profit de la personne humaine, puisque l'ordre des choses doit \u00eatre subordonn\u00e9 \u00e0 l'ordre des personnes, et non l'inverse.\" Envisager les patients ou les r\u00e9sidents du point de vue du bien commun signifie que nous, en tant qu'\u00eatres humains, devons respecter leur dignit\u00e9, qu'ils re\u00e7oivent des soins de haute qualit\u00e9 et qu'ils ne sont pas trait\u00e9s comme des individus isol\u00e9s, mais comme des membres de familles et d'autres communaut\u00e9s. Il est n\u00e9cessaire de poursuivre les efforts de sensibilisation de nos centres de terrain aupr\u00e8s de la communaut\u00e9 locale et de ses membres, de veiller \u00e0 ce que leurs besoins fondamentaux soient satisfaits, de permettre la participation de la communaut\u00e9 aux programmes en cours de d\u00e9ploiement.<\/p>\n\n\n\n<p>So as progress towards the realization of a healthy society, this is a call to us to rise, respond and reach out to those in need, in Pope John Paul\u2019s view, we are mandated to commit ourselves to effective action to change the economic, social, cultural, and political \u201cways of doing things\u201d that create and enhance health care injustice. AJAN strives and continues to stand with the women, children and adolescents by erecting structures of social, economic, and health care justice.<\/p>\n\n\n\n<p style=\"font-size:14px\" class=\"translation-block\"><strong>Par<\/strong>, Dennis Owuoche<\/p>\n\n\n\n<p style=\"font-size:14px\"><em>Charg\u00e9 de communication et de recherche AJAN<\/em><\/p>","protected":false},"excerpt":{"rendered":"<p>In the latest Data released by the United Nations in its report on Women\u2019s, Children\u2019s, and Adolescents\u2019 Health, there is a backslide which shows that an estimated 25 million children were un- or under-vaccinated in 2021 \u2013 6 million more than in 2019 &#8211; increasing their risk of contracting deadly<\/p>\n<p><a class=\"sd-more sd-all-trans\" href=\"https:\/\/ajan.africa\/fr\/staggering-progress-across-womens-childrens-and-adolescents-health-ajans-call-is-to-rise-respond-and-reach-out\/#more-11401\">Lire la suite<\/a><\/p>","protected":false},"author":5,"featured_media":0,"comment_status":"open","ping_status":"open","sticky":false,"template":"","format":"standard","meta":{"om_disable_all_campaigns":false,"_monsterinsights_skip_tracking":false,"_monsterinsights_sitenote_active":false,"_monsterinsights_sitenote_note":"","_monsterinsights_sitenote_category":0,"footnotes":""},"categories":[98,105,132],"tags":[],"class_list":["post-11401","post","type-post","status-publish","format-standard","hentry","category-ajan-news-articles","category-ajanews-october-2022-edition","category-hiv-aids-updates"],"aioseo_notices":[],"_links":{"self":[{"href":"https:\/\/ajan.africa\/fr\/wp-json\/wp\/v2\/posts\/11401","targetHints":{"allow":["GET"]}}],"collection":[{"href":"https:\/\/ajan.africa\/fr\/wp-json\/wp\/v2\/posts"}],"about":[{"href":"https:\/\/ajan.africa\/fr\/wp-json\/wp\/v2\/types\/post"}],"author":[{"embeddable":true,"href":"https:\/\/ajan.africa\/fr\/wp-json\/wp\/v2\/users\/5"}],"replies":[{"embeddable":true,"href":"https:\/\/ajan.africa\/fr\/wp-json\/wp\/v2\/comments?post=11401"}],"version-history":[{"count":0,"href":"https:\/\/ajan.africa\/fr\/wp-json\/wp\/v2\/posts\/11401\/revisions"}],"wp:attachment":[{"href":"https:\/\/ajan.africa\/fr\/wp-json\/wp\/v2\/media?parent=11401"}],"wp:term":[{"taxonomy":"category","embeddable":true,"href":"https:\/\/ajan.africa\/fr\/wp-json\/wp\/v2\/categories?post=11401"},{"taxonomy":"post_tag","embeddable":true,"href":"https:\/\/ajan.africa\/fr\/wp-json\/wp\/v2\/tags?post=11401"}],"curies":[{"name":"wp","href":"https:\/\/api.w.org\/{rel}","templated":true}]}}