{"id":12378,"date":"2023-04-05T13:40:16","date_gmt":"2023-04-05T13:40:16","guid":{"rendered":"https:\/\/ajan.africa\/?p=12378"},"modified":"2023-04-05T13:42:49","modified_gmt":"2023-04-05T13:42:49","slug":"a-reflection-for-holy-thursday-the-lords-last-supper-6th-april-2023","status":"publish","type":"post","link":"https:\/\/ajan.africa\/fr\/a-reflection-for-holy-thursday-the-lords-last-supper-6th-april-2023\/","title":{"rendered":"Une r\u00e9flexion pour le Jeudi Saint - la C\u00e8ne du Seigneur 6 AVRIL 2023"},"content":{"rendered":"<p class=\"translation-block\">Ce jeudi saint, nous c\u00e9l\u00e9brons l'institution de l'Eucharistie comme corps et sang de J\u00e9sus. Il marque la fin de l'aum\u00f4ne, du je\u00fbne et de la pri\u00e8re du Car\u00eame, et le d\u00e9but du Triduum pascal, lorsque nous contemplons la mort et la r\u00e9surrection de J\u00e9sus pour nos p\u00e9ch\u00e9s et le plan de r\u00e9demption de Dieu pour le monde. La R\u00e9flexion des lectures du Jeudi Saint est de\u00a0<em><strong>Fleury NDUWAY<\/strong><\/em><strong><em>O SJ.<\/em><\/strong><\/p>\n\n\n\n<div class=\"wp-block-media-text alignwide is-stacked-on-mobile\"><figure class=\"wp-block-media-text__media\"><img fetchpriority=\"high\" decoding=\"async\" width=\"672\" height=\"830\" src=\"https:\/\/ajan.africa\/wp-content\/uploads\/2023\/04\/Picture1.jpg\" alt=\"\" class=\"wp-image-12379 size-full\" srcset=\"https:\/\/ajan.africa\/wp-content\/uploads\/2023\/04\/Picture1.jpg 672w, https:\/\/ajan.africa\/wp-content\/uploads\/2023\/04\/Picture1-243x300.jpg 243w, https:\/\/ajan.africa\/wp-content\/uploads\/2023\/04\/Picture1-10x12.jpg 10w\" sizes=\"(max-width: 672px) 100vw, 672px\" \/><\/figure><div class=\"wp-block-media-text__content\">\n<h3 class=\"wp-block-heading\">Lectures du jeudi saint<\/h3>\n\n\n\n<ul class=\"wp-block-list\">\n<li class=\"translation-block\"><strong>Premi\u00e8re lecture\u00a0:<\/strong> Exode 12\u00a0:1-8, 11-14<\/li>\n\n\n\n<li class=\"translation-block\"><strong>Psaume responsorial<\/strong>\u00a0:\u00a0Psaume 116<\/li>\n\n\n\n<li class=\"translation-block\"><strong>Deuxi\u00e8me lecture<\/strong>\u00a0: 1 Corinthiens 11\u00a0:\u00a023-26<\/li>\n\n\n\n<li class=\"translation-block\"><strong>\u00c9vangile\u00a0: Matthieu\u00a0:<\/strong> \u00a0Jean 13\u00a0:\u00a01-15<\/li>\n<\/ul>\n<\/div><\/div>\n\n\n\n<p>Dans les lectures d'aujourd'hui, on nous rappelle que la vie de J\u00e9sus est la source de notre salut et que sa vie fonde notre relation avec Dieu et les uns avec les autres.<\/p>\n\n\n\n<p>Dans la premi\u00e8re lecture, on nous rappelle que nous sommes le peuple de l'alliance et que le Christ notre P\u00e2que a \u00e9t\u00e9 sacrifi\u00e9 comme un agneau pour que nous soyons libres et que nous vivions en enfants de Dieu. Ainsi, lorsqu'il partage le pain et le vin avec ses disciples, comme on le voit dans la deuxi\u00e8me lecture, on nous rappelle que la vie de J\u00e9sus est la source de notre salut. Il a institu\u00e9 la sainte communion selon laquelle quiconque mange son corps et boit son sang aura la vie \u00e9ternelle. Par ce myst\u00e8re, J\u00e9sus veut nous montrer que m\u00eame si nous ne pouvons pas le toucher ou partager le souper comme il l'a fait avec ses disciples, il est pr\u00e9sent dans l'Eucharistie. Ainsi, J\u00e9sus donne \u00e0 ses disciples la commission et l'autorit\u00e9 de c\u00e9l\u00e9brer la Sainte Communion, de la m\u00eame mani\u00e8re qu'Il l'avait fait.<\/p>\n\n\n\n<p>Dans l'\u00e9vangile, nous voyons J\u00e9sus laver les pieds de ses disciples. Certains d'entre eux refusent m\u00eame d'\u00eatre lav\u00e9s. C'est un bon moment qui nous rappelle comment dans ce dernier acte de J\u00e9sus, il montre et d\u00e9montre \u00e0 ses disciples combien il est totalement \u00e0 leur service. Il s'humilie en s'agenouillant pour accomplir une t\u00e2che subalterne (un acte qu'aucune autorit\u00e9 fi\u00e8re n'accepterait d'accomplir) d'esclave. Et pourquoi fait-il cela ? J\u00e9sus veut leur prouver le vrai sens de l'autorit\u00e9.<\/p>\n\n\n\n<p>J\u00e9sus veut prouver comment le pouvoir et l'autorit\u00e9 sont li\u00e9s au service. Et c'est un appel pour nous aujourd'hui \u00e0 nous poser quelques questions : Avec l'autorit\u00e9 et le pouvoir investis en nous, comment servons-nous les autres ? Est-ce que mon pouvoir et mon autorit\u00e9 me permettent d'\u00eatre humble pour servir mes fr\u00e8res et s\u0153urs, ma communaut\u00e9, etc. ? Demandons cette gr\u00e2ce d'amour et d'humilit\u00e9 pour servir. C'est ce qui devrait nous caract\u00e9riser en tant que chr\u00e9tiens et peuple de l'alliance.<\/p>\n\n\n\n<p style=\"font-size:15px\" class=\"translation-block\"><em>Par, <strong>Fleury NDUWAYO<\/strong> <strong>SJ,<\/strong><\/em><\/p>\n\n\n\n<p style=\"font-size:15px\" class=\"translation-block\"><em>Coordonnateur des projets et programmes, Service Yezu Mwiza<\/em> (SYM), Bujumbura, Burundi.<\/p>","protected":false},"excerpt":{"rendered":"<p>This Holy Thursday, we celebrate the institution of the Eucharist as Jesus\u2019 body and blood. It marks the end of Lent\u2019s almsgiving, fasting, and prayer, and the beginning of the Easter Triduum, when we contemplate Jesus&#8217; dying and rising for our sins and God&#8217;s plan of redemption for the world.<\/p>\n<p><a class=\"sd-more sd-all-trans\" href=\"https:\/\/ajan.africa\/fr\/a-reflection-for-holy-thursday-the-lords-last-supper-6th-april-2023\/#more-12378\">Lire la suite<\/a><\/p>","protected":false},"author":5,"featured_media":12381,"comment_status":"closed","ping_status":"open","sticky":false,"template":"","format":"standard","meta":{"om_disable_all_campaigns":false,"_monsterinsights_skip_tracking":false,"_monsterinsights_sitenote_active":false,"_monsterinsights_sitenote_note":"","_monsterinsights_sitenote_category":0,"footnotes":""},"categories":[62],"tags":[],"class_list":["post-12378","post","type-post","status-publish","format-standard","has-post-thumbnail","hentry","category-reflect-articles"],"aioseo_notices":[],"_links":{"self":[{"href":"https:\/\/ajan.africa\/fr\/wp-json\/wp\/v2\/posts\/12378","targetHints":{"allow":["GET"]}}],"collection":[{"href":"https:\/\/ajan.africa\/fr\/wp-json\/wp\/v2\/posts"}],"about":[{"href":"https:\/\/ajan.africa\/fr\/wp-json\/wp\/v2\/types\/post"}],"author":[{"embeddable":true,"href":"https:\/\/ajan.africa\/fr\/wp-json\/wp\/v2\/users\/5"}],"replies":[{"embeddable":true,"href":"https:\/\/ajan.africa\/fr\/wp-json\/wp\/v2\/comments?post=12378"}],"version-history":[{"count":0,"href":"https:\/\/ajan.africa\/fr\/wp-json\/wp\/v2\/posts\/12378\/revisions"}],"wp:featuredmedia":[{"embeddable":true,"href":"https:\/\/ajan.africa\/fr\/wp-json\/wp\/v2\/media\/12381"}],"wp:attachment":[{"href":"https:\/\/ajan.africa\/fr\/wp-json\/wp\/v2\/media?parent=12378"}],"wp:term":[{"taxonomy":"category","embeddable":true,"href":"https:\/\/ajan.africa\/fr\/wp-json\/wp\/v2\/categories?post=12378"},{"taxonomy":"post_tag","embeddable":true,"href":"https:\/\/ajan.africa\/fr\/wp-json\/wp\/v2\/tags?post=12378"}],"curies":[{"name":"wp","href":"https:\/\/api.w.org\/{rel}","templated":true}]}}