{"id":12399,"date":"2023-04-07T18:08:22","date_gmt":"2023-04-07T18:08:22","guid":{"rendered":"https:\/\/ajan.africa\/?p=12399"},"modified":"2023-04-07T18:58:58","modified_gmt":"2023-04-07T18:58:58","slug":"holy-saturday-reflection-8th-april-2023","status":"publish","type":"post","link":"https:\/\/ajan.africa\/fr\/holy-saturday-reflection-8th-april-2023\/","title":{"rendered":"R\u00e9flexion du samedi saint 8 avril 2023"},"content":{"rendered":"<h2 class=\"wp-block-heading\">Samedi saint \/ Veill\u00e9e pascale \u2013 Lectures<\/h2>\n\n\n\n<blockquote class=\"wp-block-quote is-layout-flow wp-block-quote-is-layout-flow\">\n<p class=\"translation-block\"><strong>Premi\u00e8re lecture\u00a0:<\/strong>\u00a0Gen\u00e8se 1\u00a0:\u00a01\u00a0-\u00a02\u00a0:\u00a02 ou 1\u00a0:\u00a01, 26-31a<br><strong>Psaume responsorial\u00a0:<\/strong>\u00a0Psaumes 104\u00a0:\u00a01-2, 5-6, 10, 12, 13-14, 24, 35 ou Psaumes 33\u00a0: 4-5, 6-7, 12-13, 20 et 22<br><strong>Deuxi\u00e8me lecture\u00a0:<\/strong>\u00a0Gen\u00e8se 22\u00a0: 1-18 ou 22\u00a0:\u00a01-2, 9a, 10-13, 15-18<br><strong>Psaume responsorial\u00a0:<\/strong>\u00a0Psaumes 16\u00a0:\u00a05, 8, 9-10, 11<br><strong>Troisi\u00e8me lecture\u00a0:<\/strong>\u00a0Exode\u00a014\u00a0:\u00a015\u00a0-\u00a015\u00a0:\u00a01<br><strong>Psaume responsorial\u00a0:<\/strong>\u00a0Exode\u00a015\u00a0:\u00a01-2, 3-4, 5-6, 17-18<br><strong>Quatri\u00e8me lecture \u00a0:<\/strong>\u00a0Isa\u00efe\u00a054\u00a0:\u00a05-14<br><strong>Psaume responsorial\u00a0:<\/strong>\u00a0Psaumes 30\u00a0:\u00a02, 4, 5-6, 11-12, 13<br><strong>Cinqui\u00e8me lecture\u00a0:<\/strong>\u00a0Isa\u00efe 55\u00a0: 1-11<br><strong>Psaume responsorial\u00a0:<\/strong>\u00a0Isa\u00efe 12\u00a0: 2-3, 4, 5-6<br><strong>Sixi\u00e8me lecture\u00a0:<\/strong>\u00a0Baruch 3\u00a0: 9-15, 32\u00a0-\u00a04\u00a0:\u00a04<br><strong>Psaume responsorial\u00a0:<\/strong>\u00a0Psaumes 19\u00a0:\u00a08, 9, 10, 11<br><strong>Septi\u00e8me lecture\u00a0:<\/strong>\u00a0\u00c9z\u00e9chiel 36\u00a0:\u00a016- 17a, 18-28<br><strong>Psaume responsorial\u00a0:<\/strong>\u00a0Psaumes 42\u00a0: 3, 5 ; 43\u00a0:\u00a03, 4 ou Isa\u00efe 12\u00a0:\u00a02-3, 4bcd, 5-6 ou Psaumes 51\u00a0:\u00a012-13, 14-15, 18-19<br><strong>Lecture des \u00e9p\u00eetres\u00a0:<\/strong>\u00a0Romains 6\u00a0:\u00a03 -11<br><strong>Psaume responsorial\u00a0:<\/strong>\u00a0Psaumes 118\u00a0: 1-2, 16-17, 22-23<br><strong>\u00c9vangile\u00a0:<\/strong>\u00a0Luc 24\u00a0: 1-12<\/p>\n<\/blockquote>\n\n\n\n<p class=\"translation-block\">Ce Samedi Saint est le jour du Triduum pascal nous prenons le temps de nous concentrer sur les femmes qui ont accompagn\u00e9 Notre Dame \u00e0 tout moment. Pour eux, comme pour nous, c'\u00e9tait l'heure la plus sombre. Mais dans cette situation les femmes ne sont pas rest\u00e9es paralys\u00e9es. Ils n'ont pas c\u00e9d\u00e9 aux forces obscures du regret et du remords. Ils ne se sont pas repli\u00e9s dans le pessimisme. Ils n'ont pas fui la r\u00e9alit\u00e9. Ils ont fait quelque chose de simple et d'extraordinaire : dans leurs maisons, ils ont pr\u00e9par\u00e9 du parfum pour le Corps de J\u00e9sus. La r\u00e9flexion sur la lecture d'aujourd'hui est propos\u00e9e par <strong><em>Jean de la Croix Nsabimana, SJ.<\/em><\/strong><\/p>\n\n\n\n<p>La d\u00e9claration : \u00ab Il est ressuscit\u00e9 \u00bb que nous avons entendue dans l'\u00e9vangile d'aujourd'hui (Mt 28, 1-8) rend notre vie chr\u00e9tienne unique. Ce que beaucoup croyaient \u00eatre la fin s'est av\u00e9r\u00e9 \u00eatre le d\u00e9but de l'\u00e9ternit\u00e9. La mort n'a pas retenu J\u00e9sus captif pour toujours. J\u00e9sus est ressuscit\u00e9 des morts et sa victoire sur la mort est devenue la victoire de tous ceux qui croient en lui. J\u00e9sus n'est pas seulement notre mod\u00e8le ou un exemple \u00e0 imiter, mais notre Sauveur.<\/p>\n\n\n\n<p>L'\u00e9vangile d'aujourd'hui mentionne deux femmes, Marie-Madeleine et l'autre Marie, qui sont all\u00e9es voir le tombeau. Ces femmes avaient exp\u00e9riment\u00e9 la bont\u00e9 du Seigneur J\u00e9sus et cela les a pouss\u00e9es \u00e0 l'aimer m\u00eame apr\u00e8s sa mort. Cependant, leur espoir \u00e9tait limit\u00e9 car ils pensaient que J\u00e9sus \u00e9tait parti pour toujours. Miraculeusement, l'Ange de Dieu leur apporta la bonne nouvelle de la r\u00e9surrection du Seigneur. Peu de temps apr\u00e8s, alors qu'ils portaient en h\u00e2te cette bonne nouvelle aux disciples, le Seigneur ressuscit\u00e9 lui-m\u00eame leur apparut et les r\u00e9conforta en leur disant : \u00ab N'ayez pas peur\u2026 \u00bb. Le Seigneur ressuscit\u00e9 dissipe nos peurs et nous donne l'assurance d'une vie joyeuse non seulement dans ce monde qui passe mais aussi dans l'autre. &nbsp;&nbsp;<\/p>\n\n\n\n<p>Dans sa premi\u00e8re lettre aux Corinthiens, saint Paul le dit avec pertinence : \u00ab Si pour cette vie seulement nous avons esp\u00e9r\u00e9 dans le Christ, nous sommes le plus pitoyable de tous. Mais maintenant, le Christ est ressuscit\u00e9 des morts\u2026 \u00bb (15, 19-20a). Le samedi saint, nous c\u00e9l\u00e9brons la nuit m\u00e9morable o\u00f9 la vie \u00e9ternelle jaillit de la mort<\/p>\n\n\n\n<p>Notre Seigneur J\u00e9sus est mort une fois et est ressuscit\u00e9 des morts et maintenant Il r\u00e8gne pour l'\u00e9ternit\u00e9. Notre Seigneur ressuscit\u00e9 est \u00e0 l'\u0153uvre \u00e0 tout moment dans notre monde, nos pays, nos communaut\u00e9s, nos familles et nos vies individuelles. La comm\u00e9moration de la r\u00e9surrection du Seigneur est une invitation pour nous \u00e0 c\u00e9l\u00e9brer tout ce qu'il a accompli dans nos vies et \u00e0 lui permettre de nous utiliser pour qu'il continue sa mission de donner la vie au monde, une vie sans peurs.<\/p>\n\n\n\n<p>La plupart du temps, nous menons une vie distraite et ne reconnaissons donc pas la pr\u00e9sence du Seigneur ressuscit\u00e9 dans nos vies. Ce samedi saint nous invite \u00e0 red\u00e9couvrir le Seigneur ressuscit\u00e9 qui est \u00e0 l'\u0153uvre dans notre vie quotidienne en nous et dans notre monde. Cette P\u00e2ques devrait nous pousser \u00e0 compter nos b\u00e9n\u00e9dictions et \u00e0 exprimer notre profonde gratitude au Seigneur ressuscit\u00e9 qui nous a lib\u00e9r\u00e9s de diff\u00e9rentes peurs en tant qu'humanit\u00e9 tout enti\u00e8re, en tant que nations, communaut\u00e9s et individus. Par exemple, nous connaissons tous la peur du Covid-19 sous laquelle nous vivions depuis plus de deux ans. Certains pourraient \u00eatre d'avis que le rem\u00e8de \u00e0 la pand\u00e9mie de Covid-19 a \u00e9t\u00e9 donn\u00e9 par la science. Bien! M\u00eame si tel \u00e9tait le cas, nous devrions garder \u00e0 l'esprit que la science est l'un des nombreux langages utilis\u00e9s par Dieu pour recr\u00e9er et revitaliser le monde. Le Seigneur ressuscit\u00e9, auteur de toute bonne chose, est venu \u00e0 la rescousse et ainsi nous ne vivons plus dans la peur du Covid-19. Ceux qui croient et esp\u00e8rent au Ressuscit\u00e9 ne manqueront jamais, en plus de ce monde qui passe, ils h\u00e9ritent de la vie \u00e9ternelle. \u00a0\u00a0<\/p>\n\n\n\n<p>De nombreux endroits ont \u00e9t\u00e9 frapp\u00e9s par des guerres, des inondations, des cyclones, des s\u00e9cheresses et d'autres calamit\u00e9s. De nombreuses vies sont s\u00e9rieusement menac\u00e9es par les maux des maladies et le d\u00e9sespoir. Comme J\u00e9sus a utilis\u00e9 Marie-Madeleine et l'autre Marie pour apporter la bonne nouvelle aux disciples, de nos jours, Il veut utiliser vous et moi pour apporter la gu\u00e9rison, la joie et l'espoir au monde, \u00e0 nos pays, communaut\u00e9s et familles. On ne peut pas se taire apr\u00e8s avoir rencontr\u00e9 le Ressuscit\u00e9. L'exp\u00e9rience r\u00e9elle du Seigneur ressuscit\u00e9 nous apporte joie et esp\u00e9rance et ensuite nous r\u00e9pandons la m\u00eame joie et esp\u00e9rance dans le Seigneur ressuscit\u00e9 dans le monde qui nous entoure.<\/p>\n\n\n\n<p>Que nos vies chr\u00e9tiennes resplendissent et soient des signes vivants qui t\u00e9moignent du Seigneur ressuscit\u00e9. Que les sans-voix, les malades, les afflig\u00e9s, les opprim\u00e9s et les exclus de notre monde, par notre t\u00e9moignage, sachent qu'il y a de la vie dans notre Seigneur ressuscit\u00e9 maintenant et pour toujours. \u00a0<\/p>\n\n\n\n<p>Joyeuses P\u00e2ques!!!&nbsp; &nbsp;<\/p>\n\n\n\n<p class=\"translation-block\"><em>Par,<\/em><strong><em> Jean de la Croix Nsabimana, SJ.<\/em><\/strong><\/p>\n\n\n\n<p>Harare, Universit\u00e9 j\u00e9suite Arrupe, 08 avril 2023.&nbsp;&nbsp;<\/p>","protected":false},"excerpt":{"rendered":"<p>Holy Saturday \/ Easter Vigil \u2013 Readings First Reading:&nbsp;Genesis 1: 1 \u2013 2: 2 or 1: 1, 26-31aResponsorial Psalm:&nbsp;Psalms 104: 1-2, 5-6, 10, 12, 13-14, 24, 35 or Psalms 33: 4-5, 6-7, 12-13, 20 and 22Second Reading:&nbsp;Genesis 22: 1-18 or 22: 1-2, 9a, 10-13, 15-18Responsorial Psalm:&nbsp;Psalms 16: 5, 8, 9-10,<\/p>\n<p><a class=\"sd-more sd-all-trans\" href=\"https:\/\/ajan.africa\/fr\/holy-saturday-reflection-8th-april-2023\/#more-12399\">Lire la suite<\/a><\/p>","protected":false},"author":5,"featured_media":12400,"comment_status":"closed","ping_status":"open","sticky":false,"template":"","format":"standard","meta":{"om_disable_all_campaigns":false,"_monsterinsights_skip_tracking":false,"_monsterinsights_sitenote_active":false,"_monsterinsights_sitenote_note":"","_monsterinsights_sitenote_category":0,"footnotes":""},"categories":[62],"tags":[],"class_list":["post-12399","post","type-post","status-publish","format-standard","has-post-thumbnail","hentry","category-reflect-articles"],"aioseo_notices":[],"_links":{"self":[{"href":"https:\/\/ajan.africa\/fr\/wp-json\/wp\/v2\/posts\/12399","targetHints":{"allow":["GET"]}}],"collection":[{"href":"https:\/\/ajan.africa\/fr\/wp-json\/wp\/v2\/posts"}],"about":[{"href":"https:\/\/ajan.africa\/fr\/wp-json\/wp\/v2\/types\/post"}],"author":[{"embeddable":true,"href":"https:\/\/ajan.africa\/fr\/wp-json\/wp\/v2\/users\/5"}],"replies":[{"embeddable":true,"href":"https:\/\/ajan.africa\/fr\/wp-json\/wp\/v2\/comments?post=12399"}],"version-history":[{"count":0,"href":"https:\/\/ajan.africa\/fr\/wp-json\/wp\/v2\/posts\/12399\/revisions"}],"wp:featuredmedia":[{"embeddable":true,"href":"https:\/\/ajan.africa\/fr\/wp-json\/wp\/v2\/media\/12400"}],"wp:attachment":[{"href":"https:\/\/ajan.africa\/fr\/wp-json\/wp\/v2\/media?parent=12399"}],"wp:term":[{"taxonomy":"category","embeddable":true,"href":"https:\/\/ajan.africa\/fr\/wp-json\/wp\/v2\/categories?post=12399"},{"taxonomy":"post_tag","embeddable":true,"href":"https:\/\/ajan.africa\/fr\/wp-json\/wp\/v2\/tags?post=12399"}],"curies":[{"name":"wp","href":"https:\/\/api.w.org\/{rel}","templated":true}]}}