{"id":12672,"date":"2023-04-26T14:20:55","date_gmt":"2023-04-26T14:20:55","guid":{"rendered":"https:\/\/ajan.africa\/?p=12672"},"modified":"2023-05-02T14:20:38","modified_gmt":"2023-05-02T14:20:38","slug":"wonderful-and-inspirational-ahappy-seminar-in-sierra-leone","status":"publish","type":"post","link":"https:\/\/ajan.africa\/fr\/wonderful-and-inspirational-ahappy-seminar-in-sierra-leone\/","title":{"rendered":"S\u00e9minaire AHAPPY merveilleux et inspirant en Sierra Leone"},"content":{"rendered":"<p>Ce fut une semaine remplie de belles activit\u00e9s, de moments de v\u00e9rit\u00e9s et d'apprentissage pour moi. Je suis tr\u00e8s heureuse d'avoir particip\u00e9 \u00e0 la formation AHAPPY de 6 jours, un magnifique s\u00e9minaire. En tant que participant, cette formation a \u00e9t\u00e9 une b\u00e9n\u00e9diction car j'ai beaucoup appris et je suis pr\u00eat \u00e0 mettre en \u0153uvre certaines des vertus que j'ai apprises de la formation dans mon \u00e9glise, ma famille, ma communaut\u00e9 et mon pays dans son ensemble.<\/p>\n\n\n\n<div class=\"wp-block-columns is-layout-flex wp-container-core-columns-is-layout-9d6595d7 wp-block-columns-is-layout-flex\">\n<div class=\"wp-block-column is-layout-flow wp-block-column-is-layout-flow\">\n<figure class=\"wp-block-image size-large\"><img fetchpriority=\"high\" decoding=\"async\" width=\"1024\" height=\"461\" src=\"https:\/\/ajan.africa\/wp-content\/uploads\/2023\/04\/WhatsApp-Image-2023-05-02-at-09.49.59-1024x461.jpeg\" alt=\"\" class=\"wp-image-12704\" srcset=\"https:\/\/ajan.africa\/wp-content\/uploads\/2023\/04\/WhatsApp-Image-2023-05-02-at-09.49.59-1024x461.jpeg 1024w, https:\/\/ajan.africa\/wp-content\/uploads\/2023\/04\/WhatsApp-Image-2023-05-02-at-09.49.59-300x135.jpeg 300w, https:\/\/ajan.africa\/wp-content\/uploads\/2023\/04\/WhatsApp-Image-2023-05-02-at-09.49.59-768x346.jpeg 768w, https:\/\/ajan.africa\/wp-content\/uploads\/2023\/04\/WhatsApp-Image-2023-05-02-at-09.49.59-18x8.jpeg 18w, https:\/\/ajan.africa\/wp-content\/uploads\/2023\/04\/WhatsApp-Image-2023-05-02-at-09.49.59.jpeg 1280w\" sizes=\"(max-width: 1024px) 100vw, 1024px\" \/><\/figure>\n<\/div>\n<\/div>\n\n\n\n<p>En tant qu'\u00e9tudiant en m\u00e9decine aspirant \u00e0 devenir m\u00e9decin, j'ai ador\u00e9 le fait que les animateurs du R\u00e9seau j\u00e9suite africain contre le sida (AJAN) aient utilis\u00e9 la plupart du temps de la formation pour partager avec nous leurs connaissances sur les principales maladies \u00e9pid\u00e9miques en Afrique (VIH, PALUDISME et TUBERCULOSE) qui touchent principalement la population plus jeune. Leur vision et leur mission de s'efforcer de mettre fin aux pand\u00e9mies et \u00e9pid\u00e9mies majeures sur le continent africain en travaillant \u00e0 la promotion d'une g\u00e9n\u00e9ration en bonne sant\u00e9 m'ont inspir\u00e9 \u00e0 travailler dur en tant qu'\u00e9tudiant pour devenir un bon m\u00e9decin qui fournira les meilleurs soins m\u00e9dicaux \u00e0 mes patients. afin de construire une g\u00e9n\u00e9ration en meilleure sant\u00e9.<\/p>\n\n\n\n<p>Le VIH a \u00e9t\u00e9 l'une des infections virales les plus mortelles qui sont surtout courantes chez les jeunes, mais gr\u00e2ce \u00e0 la formation AHAPPY, j'ai pu conna\u00eetre certains des facteurs qui ont contribu\u00e9 aux taux d'infection \u00e9lev\u00e9s et aux d\u00e9fis auxquels les jeunes sont confront\u00e9s. Les connaissances acquises ainsi que ce que mes professeurs m'ont appris \u00e0 l'\u00e9cole ont \u00e9largi mon champ d'application sur ce que j'ai appris en mati\u00e8re de transmission et de pr\u00e9vention du VIH. Je suis heureux que mes camarades jeunes qui ont suivi cette formation, qui ne sont pas \u00e9tudiants en m\u00e9decine, aient acquis des connaissances qui les aideront pour le reste de leur vie.<\/p>\n\n\n\n<figure class=\"wp-block-image size-large\"><img decoding=\"async\" width=\"1024\" height=\"461\" src=\"https:\/\/ajan.africa\/wp-content\/uploads\/2023\/04\/WhatsApp-Image-2023-04-25-at-16.00.42-1024x461.jpeg\" alt=\"\" class=\"wp-image-12674\" srcset=\"https:\/\/ajan.africa\/wp-content\/uploads\/2023\/04\/WhatsApp-Image-2023-04-25-at-16.00.42-1024x461.jpeg 1024w, https:\/\/ajan.africa\/wp-content\/uploads\/2023\/04\/WhatsApp-Image-2023-04-25-at-16.00.42-300x135.jpeg 300w, https:\/\/ajan.africa\/wp-content\/uploads\/2023\/04\/WhatsApp-Image-2023-04-25-at-16.00.42-768x346.jpeg 768w, https:\/\/ajan.africa\/wp-content\/uploads\/2023\/04\/WhatsApp-Image-2023-04-25-at-16.00.42-18x8.jpeg 18w, https:\/\/ajan.africa\/wp-content\/uploads\/2023\/04\/WhatsApp-Image-2023-04-25-at-16.00.42.jpeg 1280w\" sizes=\"(max-width: 1024px) 100vw, 1024px\" \/><\/figure>\n\n\n\n<p>Outre les probl\u00e8mes de sant\u00e9 dont nous avons discut\u00e9 (ma partie pr\u00e9f\u00e9r\u00e9e du s\u00e9minaire), tant d'autres choses ont \u00e9t\u00e9 discut\u00e9es qui seront si b\u00e9n\u00e9fiques pour m'am\u00e9liorer, construire mon int\u00e9grit\u00e9 et surtout avoir les connaissances qui seront utiles pour \u00e9lever une belle famille dans le futur.<\/p>\n\n\n\n<p>Les \u00e9tapes du d\u00e9veloppement psychosocial \u00e9taient une session que j'aimais tellement, comment un enfant grandit \u00e0 partir d'un nourrisson, tout au long d'autres \u00e9tapes et devient un homme ou une femme adulte dans la soci\u00e9t\u00e9. Si l'enfant est bien guid\u00e9 tout au long de ses \u00e9tapes de vie, il devient alors une grande personne dans la soci\u00e9t\u00e9, contribuant \u00e9norm\u00e9ment, mais si l'enfant n'est pas guid\u00e9 et n'a pas les valeurs morales, il devient inutile et un fardeau pour personnes qui l'entourent. Cette session m'a fait r\u00e9fl\u00e9chir sur mon enfance et ma vie actuelle \u00e9tant \u00e0 l'\u00e2ge de 23 ans, et comment serait ma vie dans quelques ann\u00e9es \u00e0 venir. Je m'assurerai de suivre ces \u00e9tapes en \u00e9levant mes enfants dans ma qu\u00eate pour cr\u00e9er une meilleure g\u00e9n\u00e9ration. J'utiliserai ce sujet pour \u00eatre une meilleure femme, m\u00e9decin, m\u00e8re et \u00e9pouse \u00e0 l'avenir.<\/p>\n\n\n\n<figure class=\"wp-block-image size-large\"><img decoding=\"async\" width=\"1024\" height=\"768\" src=\"https:\/\/ajan.africa\/wp-content\/uploads\/2023\/04\/WhatsApp-Image-2023-04-25-at-16.00.54-1024x768.jpeg\" alt=\"\" class=\"wp-image-12673\" srcset=\"https:\/\/ajan.africa\/wp-content\/uploads\/2023\/04\/WhatsApp-Image-2023-04-25-at-16.00.54-1024x768.jpeg 1024w, https:\/\/ajan.africa\/wp-content\/uploads\/2023\/04\/WhatsApp-Image-2023-04-25-at-16.00.54-300x225.jpeg 300w, https:\/\/ajan.africa\/wp-content\/uploads\/2023\/04\/WhatsApp-Image-2023-04-25-at-16.00.54-768x576.jpeg 768w, https:\/\/ajan.africa\/wp-content\/uploads\/2023\/04\/WhatsApp-Image-2023-04-25-at-16.00.54-16x12.jpeg 16w, https:\/\/ajan.africa\/wp-content\/uploads\/2023\/04\/WhatsApp-Image-2023-04-25-at-16.00.54.jpeg 1280w\" sizes=\"(max-width: 1024px) 100vw, 1024px\" \/><\/figure>\n\n\n\n<p>L'autre sujet sur lequel j'ai beaucoup appris \u00e9tait de maintenir l'estime de soi, d'aimer mon corps et d'appr\u00e9cier comment Dieu m'a cr\u00e9\u00e9, de m'aimer contre toute attente et de ne jamais \u00eatre influenc\u00e9 par mes pairs qui vont dans la mauvaise direction. Ce monde est un don de Dieu pour nous, je me lancerai dans des choses qui donneront la vie et non l'inverse, je r\u00e9pandrai l'amour, le bonheur et la joie \u00e0 moi-m\u00eame et \u00e0 ceux qui m'entourent.<\/p>\n\n\n\n<p>Les diff\u00e9rents sujets abord\u00e9s par nos groupes valaient la peine d'\u00eatre appris. Des abus sexuels, de la corruption, du ch\u00f4mage et bien d'autres. Mon exp\u00e9rience dans une coquille de noix a \u00e9t\u00e9 belle, \u00e9ducative, productive et merveilleuse. Je ne peux pas tout \u00e9crire dans cette pi\u00e8ce mais j'ai beaucoup appris, je suis contente d'avoir fait partie de la formation.<\/p>\n\n\n\n<p>Je voudrais exprimer mes profonds remerciements et mon appr\u00e9ciation \u00e0 notre \u00e9quipe pastorale paroissiale Rev. Apili, R\u00e9v. Chidube, Bro Bonosa pour avoir amen\u00e9 ce programme \u00e0 notre porte. \u00c0 nos animateurs, Rev. Ismael Matambura et Madame Pascalia vous remercient beaucoup pour le temps et les efforts consacr\u00e9s \u00e0 la r\u00e9ussite de ce programme. Que Dieu vous b\u00e9nisse.<\/p>\n\n\n\n<p>A toute la communaut\u00e9 AJAN, merci pour cette opportunit\u00e9, que Dieu vous r\u00e9compense abondamment.<\/p>\n\n\n\n<p class=\"translation-block\"><em>Par, <strong>Il n'y a pas de place comme \u00e0 la maison,<\/strong><\/em><\/p>\n\n\n\n<p><em>Participant \u00e0 la formation AHAPPY \u00e0 l'\u00e9glise catholique St. John Paul ll Grafton, Freetown, Sierra Leone.<\/em><\/p>\n\n\n\n<p><em>A toute la communaut\u00e9 AJAN, merci pour cette opportunit\u00e9, que Dieu vous r\u00e9compense abondamment.<\/em><\/p>\n\n\n\n<p><em>Universit\u00e9 de Sierra Leone (USL), Freetown, Sierra Leone.<\/em><\/p>","protected":false},"excerpt":{"rendered":"<p>It was a week filled with beautiful activities, moments of truths and learning for me. I am very happy to have been part of the 6-day AHAPPY Training, a wonderful seminar. As a participant, this training was a blessing as I have learnt a lot and I am ready to<\/p>\n<p><a class=\"sd-more sd-all-trans\" href=\"https:\/\/ajan.africa\/fr\/wonderful-and-inspirational-ahappy-seminar-in-sierra-leone\/#more-12672\">Lire la suite<\/a><\/p>","protected":false},"author":5,"featured_media":12706,"comment_status":"closed","ping_status":"open","sticky":false,"template":"","format":"standard","meta":{"om_disable_all_campaigns":false,"_monsterinsights_skip_tracking":false,"_monsterinsights_sitenote_active":false,"_monsterinsights_sitenote_note":"","_monsterinsights_sitenote_category":0,"footnotes":""},"categories":[109],"tags":[],"class_list":["post-12672","post","type-post","status-publish","format-standard","has-post-thumbnail","hentry","category-testimonials"],"aioseo_notices":[],"_links":{"self":[{"href":"https:\/\/ajan.africa\/fr\/wp-json\/wp\/v2\/posts\/12672","targetHints":{"allow":["GET"]}}],"collection":[{"href":"https:\/\/ajan.africa\/fr\/wp-json\/wp\/v2\/posts"}],"about":[{"href":"https:\/\/ajan.africa\/fr\/wp-json\/wp\/v2\/types\/post"}],"author":[{"embeddable":true,"href":"https:\/\/ajan.africa\/fr\/wp-json\/wp\/v2\/users\/5"}],"replies":[{"embeddable":true,"href":"https:\/\/ajan.africa\/fr\/wp-json\/wp\/v2\/comments?post=12672"}],"version-history":[{"count":0,"href":"https:\/\/ajan.africa\/fr\/wp-json\/wp\/v2\/posts\/12672\/revisions"}],"wp:featuredmedia":[{"embeddable":true,"href":"https:\/\/ajan.africa\/fr\/wp-json\/wp\/v2\/media\/12706"}],"wp:attachment":[{"href":"https:\/\/ajan.africa\/fr\/wp-json\/wp\/v2\/media?parent=12672"}],"wp:term":[{"taxonomy":"category","embeddable":true,"href":"https:\/\/ajan.africa\/fr\/wp-json\/wp\/v2\/categories?post=12672"},{"taxonomy":"post_tag","embeddable":true,"href":"https:\/\/ajan.africa\/fr\/wp-json\/wp\/v2\/tags?post=12672"}],"curies":[{"name":"wp","href":"https:\/\/api.w.org\/{rel}","templated":true}]}}