{"id":13319,"date":"2023-06-30T06:43:24","date_gmt":"2023-06-30T06:43:24","guid":{"rendered":"https:\/\/ajan.africa\/?p=13319"},"modified":"2023-06-30T09:59:23","modified_gmt":"2023-06-30T09:59:23","slug":"ajan-apostolate-to-the-african-child","status":"publish","type":"post","link":"https:\/\/ajan.africa\/fr\/ajan-apostolate-to-the-african-child\/","title":{"rendered":"La br\u00e8ve: Apostolat AJAN aupr\u00e8s de l'enfant africain"},"content":{"rendered":"<p class=\"translation-block\">Dans cette newsletter AJANews, num\u00e9ro de juin, nous prenons le temps de c\u00e9l\u00e9brer la Journ\u00e9e internationale de l'enfant africain qui s'est tenue le 16 juin 2023. Un \u00e9v\u00e9nement important qui honore le courage, la r\u00e9silience et le potentiel de enfants africains. Vise \u00e0 sensibiliser aux d\u00e9fis auxquels sont confront\u00e9s les enfants africains, notamment la pauvret\u00e9, le manque d'\u00e9ducation, les taux \u00e9lev\u00e9s de mortalit\u00e9 infantile et juv\u00e9nile, la sous-nutrition grave et les cas d'infection \u00e0 VIH, le faible taux de scolarisation, la protection sociale des enfants limit\u00e9e ou inexistante, les mariages d'enfants, les grossesses chez les adolescentes et le travail des enfants parmi tant d'autres.<\/p>\n\n\n<div class=\"wp-block-image\">\n<figure class=\"aligncenter size-large\"><img fetchpriority=\"high\" decoding=\"async\" width=\"915\" height=\"1024\" src=\"https:\/\/ajan.africa\/wp-content\/uploads\/2023\/06\/DSC02677-915x1024.jpg\" alt=\"Jeunes enfants lors de la session de formation AHAPPY \u00e0 Nairobi\" class=\"wp-image-13320\" srcset=\"https:\/\/ajan.africa\/wp-content\/uploads\/2023\/06\/DSC02677-915x1024.jpg 915w, https:\/\/ajan.africa\/wp-content\/uploads\/2023\/06\/DSC02677-268x300.jpg 268w, https:\/\/ajan.africa\/wp-content\/uploads\/2023\/06\/DSC02677-768x859.jpg 768w, https:\/\/ajan.africa\/wp-content\/uploads\/2023\/06\/DSC02677-1373x1536.jpg 1373w, https:\/\/ajan.africa\/wp-content\/uploads\/2023\/06\/DSC02677-11x12.jpg 11w, https:\/\/ajan.africa\/wp-content\/uploads\/2023\/06\/DSC02677.jpg 1716w\" sizes=\"(max-width: 915px) 100vw, 915px\" \/><figcaption class=\"wp-element-caption\"><em>Jeunes enfants lors de la session de formation AHAPPY \u00e0 Nairobi<\/em><\/figcaption><\/figure>\n<\/div>\n\n\n<p>La c\u00e9l\u00e9bration de la Journ\u00e9e internationale de l'enfant africain est l'occasion de c\u00e9l\u00e9brer la r\u00e9silience, les talents et le potentiel des enfants africains. Nous arrivons \u00e0 nous rappeler l'importance d'autonomiser et d'offrir l'\u00e9galit\u00e9 des chances aux enfants africains. Nous reconnaissons leurs droits, amplifions leurs voix. Et nous nous engageons \u00e0 construire un avenir meilleur pour tous les enfants en Afrique.<\/p>\n\n\n\n<p class=\"translation-block\">Le 29\u00a0mai\u00a02023, le pape Fran\u00e7ois a eu une audience avec des enfants de diverses nations africaines pour comm\u00e9morer la Journ\u00e9e de l'Afrique. Le Saint-P\u00e8re a soulign\u00e9 certains des \"\u00e9normes d\u00e9fis\" auxquels le peuple de Dieu en Afrique est confront\u00e9. Dans un tel contexte, il a dit aux enfants africains : \u00ab Vous pouvez vous sentir impuissant et d\u00e9courag\u00e9, et penser que votre avenir est sombre et sans perspectives. Pourtant, vous \u00eates jeune et richement talentueux, vous avez de grandes ambitions et de grands r\u00eaves : poursuivez-les. Continuez \u00e0 chercher des moyens au moins partiels ou imparfaits de vivre ce que vous avez discern\u00e9 \u00eatre votre v\u00e9ritable vocation.<\/p>\n\n\n\n<p class=\"translation-block\">En ce m\u00eame mois de juin, nous c\u00e9l\u00e9brons la f\u00eate de saint Louis de Gonzague, le saint patron de la jeunesse qui \u00e9tait le 21 juin<sup>er<\/sup>, nous en tirons un enseignement principal sur l'importance de servir les autres. Saint Aloysius \u00e9tait connu pour son altruisme et sa volont\u00e9 de faire passer les besoins des autres avant les siens. Il passait souvent du temps \u00e0 visiter les malades et les pauvres, et il \u00e9tait toujours pr\u00eat \u00e0 aider toute personne dans le besoin.<\/p>\n\n\n\n<p>C'est un exemple puissant de ce que signifie vivre une vie de service, et c'est quelque chose que nous pouvons tous nous efforcer d'imiter dans nos propres vies. Il est finalement d\u00e9c\u00e9d\u00e9 \u00e0 un jeune \u00e2ge alors qu'il s'occupait des victimes d'une \u00e9pid\u00e9mie de peste. Cette volont\u00e9 de sacrifice est un puissant rappel que parfois les plus grands actes d'amour sont ceux qui nous obligent \u00e0 renoncer \u00e0 quelque chose de nous-m\u00eames.<\/p>\n\n\n\n<p>\"Un jour \u00e0 la fois, doux J\u00e9sus\", c'est ce pour quoi l'enfant africain prie. Il prie pour avoir de la force pour les luttes de la vie quotidienne et pour l'espoir d'un avenir meilleur. Joignons nos mains et \u0153uvrons pour que chaque enfant africain ait acc\u00e8s \u00e0 une \u00e9ducation de qualit\u00e9 et \u00e0 un avenir meilleur.<\/p>\n\n\n\n<p class=\"translation-block\">Vous pouvez soutenir notre travail pour les enfants africains en donnant des fonds, des livres, du mat\u00e9riel p\u00e9dagogique ou en faisant du b\u00e9n\u00e9volat de votre temps et de vos comp\u00e9tences. \u00c9crivez-nous \u00e0 <a href=\"mailto:AJAN@JESUITS.AFRICA\" target=\"_self\">AJAN@JESUITS.AFRICA<\/a><\/p>\n\n\n\n<p>Dans ce num\u00e9ro, d\u00e9couvrez la d\u00e9claration d'AJAN \u00e0 l'occasion de la Journ\u00e9e internationale de l'enfant africain 2023, Forum sur Briser le silence contre la violence sexuelle en temps de conflit auquel ont particip\u00e9 des \u00e9ducateurs pairs au Centre d'information sur l'\u00e9ducation et l'\u00e9coute \u00e0 Bangui, R\u00e9publique centrafricaine et la c\u00e9l\u00e9bration de la Saint-Louis \u00e0 l'\u00e9cole secondaire St. Aloysius Gonzaga \u00e0 Kibera, Nairobi, Kenya.<\/p>\n\n\n\n<p style=\"font-size:16px\" class=\"translation-block\"><strong>Par<\/strong>, Dennis Owuoche<\/p>\n\n\n\n<p style=\"font-size:16px\">Charg\u00e9 de communication AJAN<\/p>","protected":false},"excerpt":{"rendered":"<p>In this AJANews Newsletter, June issue, we take time to celebrate the International Day of the African Child that was held on June 16th, 2023. A significant event that honors the courage, resilience, and potential of African children. Targeted at raising awareness about the challenges faced by African children, including<\/p>\n<p><a class=\"sd-more sd-all-trans\" href=\"https:\/\/ajan.africa\/fr\/ajan-apostolate-to-the-african-child\/#more-13319\">Lire la suite<\/a><\/p>","protected":false},"author":5,"featured_media":13322,"comment_status":"closed","ping_status":"open","sticky":false,"template":"","format":"standard","meta":{"om_disable_all_campaigns":false,"_monsterinsights_skip_tracking":false,"_monsterinsights_sitenote_active":false,"_monsterinsights_sitenote_note":"","_monsterinsights_sitenote_category":0,"footnotes":""},"categories":[98],"tags":[],"class_list":["post-13319","post","type-post","status-publish","format-standard","has-post-thumbnail","hentry","category-ajan-news-articles"],"aioseo_notices":[],"_links":{"self":[{"href":"https:\/\/ajan.africa\/fr\/wp-json\/wp\/v2\/posts\/13319","targetHints":{"allow":["GET"]}}],"collection":[{"href":"https:\/\/ajan.africa\/fr\/wp-json\/wp\/v2\/posts"}],"about":[{"href":"https:\/\/ajan.africa\/fr\/wp-json\/wp\/v2\/types\/post"}],"author":[{"embeddable":true,"href":"https:\/\/ajan.africa\/fr\/wp-json\/wp\/v2\/users\/5"}],"replies":[{"embeddable":true,"href":"https:\/\/ajan.africa\/fr\/wp-json\/wp\/v2\/comments?post=13319"}],"version-history":[{"count":0,"href":"https:\/\/ajan.africa\/fr\/wp-json\/wp\/v2\/posts\/13319\/revisions"}],"wp:featuredmedia":[{"embeddable":true,"href":"https:\/\/ajan.africa\/fr\/wp-json\/wp\/v2\/media\/13322"}],"wp:attachment":[{"href":"https:\/\/ajan.africa\/fr\/wp-json\/wp\/v2\/media?parent=13319"}],"wp:term":[{"taxonomy":"category","embeddable":true,"href":"https:\/\/ajan.africa\/fr\/wp-json\/wp\/v2\/categories?post=13319"},{"taxonomy":"post_tag","embeddable":true,"href":"https:\/\/ajan.africa\/fr\/wp-json\/wp\/v2\/tags?post=13319"}],"curies":[{"name":"wp","href":"https:\/\/api.w.org\/{rel}","templated":true}]}}