{"id":13380,"date":"2023-07-29T20:46:55","date_gmt":"2023-07-29T20:46:55","guid":{"rendered":"https:\/\/ajan.africa\/?p=13380"},"modified":"2023-07-29T22:06:41","modified_gmt":"2023-07-29T22:06:41","slug":"new-jcam-president-assumes-role-as-we-commemorate-st-ignatius-of-loyola-feast-2023","status":"publish","type":"post","link":"https:\/\/ajan.africa\/fr\/new-jcam-president-assumes-role-as-we-commemorate-st-ignatius-of-loyola-feast-2023\/","title":{"rendered":"Le bref\u00a0: le nouveau pr\u00e9sident de la JCAM assume son r\u00f4le alors que nous comm\u00e9morons la f\u00eate de Saint-Ignace de Loyola 2023"},"content":{"rendered":"<p>Dans cette lettre d'information d'AJANews, num\u00e9ro de juillet, le R\u00e9seau j\u00e9suite africain contre le sida (AJAN) saisit cette occasion pour souhaiter officiellement la bienvenue au nouveau pr\u00e9sident de la Conf\u00e9rence j\u00e9suite d'Afrique et de Madagascar (JCAM), le R\u00e9v. Jos\u00e9 Minaku Lukoli, S.J. de la Province d'Afrique centrale (ACE) alors qu'il succ\u00e8de au pr\u00e9sident sortant, le R\u00e9v. Agbonkhianmeghe E. Orobator, S.J. le 31 juillet 2023.<\/p>\n\n\n<div class=\"wp-block-image\">\n<figure class=\"aligncenter size-full\"><img fetchpriority=\"high\" decoding=\"async\" width=\"800\" height=\"531\" src=\"https:\/\/ajan.africa\/wp-content\/uploads\/2023\/07\/minaku-jose-sj-new-prs-jcam.jpg\" alt=\"\" class=\"wp-image-13382\" srcset=\"https:\/\/ajan.africa\/wp-content\/uploads\/2023\/07\/minaku-jose-sj-new-prs-jcam.jpg 800w, https:\/\/ajan.africa\/wp-content\/uploads\/2023\/07\/minaku-jose-sj-new-prs-jcam-300x199.jpg 300w, https:\/\/ajan.africa\/wp-content\/uploads\/2023\/07\/minaku-jose-sj-new-prs-jcam-768x510.jpg 768w, https:\/\/ajan.africa\/wp-content\/uploads\/2023\/07\/minaku-jose-sj-new-prs-jcam-18x12.jpg 18w\" sizes=\"(max-width: 800px) 100vw, 800px\" \/><figcaption class=\"wp-element-caption\"><em>Photo du R\u00e9v. Jos\u00e9 Minaku Lukoli, S.J. nouveau Pr\u00e9sident de la Conf\u00e9rence des J\u00e9suites d'Afrique et de Madagascar (JCAM)<\/em><\/figcaption><\/figure>\n<\/div>\n\n\n<p>\u00c0 l'annonce de la nomination du R\u00e9v. Jos\u00e9 Minaku Lukoli S.J. comme prochain pr\u00e9sident de la JCAM par le P. G\u00e9n\u00e9ral de la Compagnie de J\u00e9sus en d\u00e9cembre 2022, le pr\u00e9sident sortant avait exprim\u00e9 son d\u00e9sir de voir le nouveau dirigeant mettre \u00e0 profit ses \u00ab dons extraordinaires \u00bb pour guider les membres de la Compagnie.<\/p>\n\n\n\n<p>Faisant r\u00e9f\u00e9rence au message du P\u00e8re G\u00e9n\u00e9ral aux Sup\u00e9rieurs Majeurs, aux J\u00e9suites et aux Collaborateurs de la Conf\u00e9rence J\u00e9suite d'Afrique et de Madagascar, le P. Orobator a r\u00e9v\u00e9l\u00e9 : \"dans sa lettre de nomination, le p\u00e8re Sosa a not\u00e9 que\" le p\u00e8re Minaku n'est pas nouveau au JCAM \". Il est dot\u00e9 \u00ab de qualit\u00e9s, de comp\u00e9tences linguistiques et son exp\u00e9rience l'aidera \u00e0 remplir la fonction de Pr\u00e9sident avec fid\u00e9lit\u00e9, courage et sens spirituel. Il saura tenir compte des besoins et des attentes de la Conf\u00e9rence et de la Soci\u00e9t\u00e9 universelle, et il saura \u00eatre \u00e0 l'\u00e9coute des gens \u2013 j\u00e9suites et collaborateurs.<\/p>\n\n\n\n<p>Le changement de direction a lieu le jour m\u00eame o\u00f9 l'\u00c9glise catholique comm\u00e9more la f\u00eate de saint Ignace de Loyola, connu pour avoir fond\u00e9 la Compagnie de J\u00e9sus. Saint Ignace de Loyola \u00e9tait un homme bien en avance sur son temps avec des r\u00e9alit\u00e9s sur le leadership qui r\u00e9sonnent encore aujourd'hui, ses exercices spirituels d'autor\u00e9flexion, sa sagesse que tout le monde est un leader, son enseignement que le leadership est un processus de toute une vie et qu'il vient de l'int\u00e9rieur de nous tous est une source d'inspiration pour la Compagnie de J\u00e9sus en Afrique pendant cette p\u00e9riode de transition.<\/p>\n\n\n\n<p>Alors que nous c\u00e9l\u00e9brons et apprenons \u00e0 juste titre de saint Ignace de Loyola et de sa vie, il est \u00e9galement important de se souvenir de sa trajectoire personnelle : celle de la d\u00e9votion \u00e0 Dieu et celle du leadership qui cherchait \u00e0 cr\u00e9diter tous ceux qui se joignaient \u00e0 lui pour diriger leurs efforts vers le m\u00eame. Sa tradition de leadership a finalement engendr\u00e9 une organisation solide et d\u00e9termin\u00e9e qui survivrait pour la post\u00e9rit\u00e9. C'est l\u00e0 que nous sommes aujourd'hui.<\/p>\n\n\n\n<p>Comme R\u00e9v. Jos\u00e9 Minaku Lukoli S.J. assume sa nouvelle mission de pr\u00e9sident de la JCAM, nous prions pour que Dieu lui donne la force, l'amour et la capacit\u00e9 d'imaginer de nouvelles voies pour guider la Compagnie de J\u00e9sus en Afrique et \u00e0 Madagascar. Comme l'\u00e9crivait le grand pal\u00e9ontologue j\u00e9suite Pierre Teilhard de Chardin : \u00ab Dieu n'est pas \u00e9loign\u00e9 de nous. Il est \u00e0 la pointe de mon stylo, de ma pioche, de mon pinceau, de mon aiguille \u2013 et de mon c\u0153ur et de mes pens\u00e9es.<\/p>\n\n\n\n<p class=\"translation-block\">D'autre part, nous profitons de cette occasion pour remercier le pr\u00e9sident sortant de la JCAM, le R\u00e9v. Agbonkhianmeghe E. Orobator S.J. pour son soutien ind\u00e9fectible envers la mission d'AJAN, les efforts des J\u00e9suites dans la promotion du bien-\u00eatre, la lutte contre le VIH et le SIDA en Afrique et pour l'accompagnement et le d\u00e9veloppement int\u00e9gral des jeunes en Afrique alors que nous tenons compte de son conseil, \"de rester flexible pour s'adapter \u00e0 l'\u00e9volution des temps, des contextes et des circonstances. Pour \u00eatre \u00e0 la hauteur de notre tradition et de nos fa\u00e7ons de proc\u00e9der, rappelons-nous toujours que les j\u00e9suites et les partenaires de la mission ne se contentent jamais du <em>statu quo<\/em>, du connu, de l'exp\u00e9riment\u00e9, du d\u00e9j\u00e0 existant. Nous sommes constamment amen\u00e9s \u00e0 d\u00e9couvrir, red\u00e9finir et rechercher <em>magis<\/em>\u00a0; les fronti\u00e8res et les fronti\u00e8res ne sont pas des obstacles ou des fins, mais de nouveaux d\u00e9fis \u00e0 relever, de nouvelles opportunit\u00e9s \u00e0 accueillir. Nous lui souhaitons tout le succ\u00e8s possible dans sa prochaine mission aux \u00c9tats-Unis en tant que nouveau doyen de l'\u00c9cole j\u00e9suite de th\u00e9ologie de l'Universit\u00e9 de Santa Clara (JST-SCU) \u00e0 partir du 15\u00a0ao\u00fbt<sup>th<\/sup>.<\/p>\n\n\n\n<figure class=\"wp-block-image size-large\"><img decoding=\"async\" width=\"1024\" height=\"684\" src=\"https:\/\/ajan.africa\/wp-content\/uploads\/2023\/07\/DSC5177-1024x684.jpg\" alt=\"The outgoing JCAM President, Rev. Fr. Agbonkhianmeghe E. Orobator S.J. being presented with a gift by Fr. Ismael Matambura S.J. during AJAN 2Oth Anniversary at Servuce Yezu Mwiza in Bujumbura Burundi on 6th June 2022.\" class=\"wp-image-13383\" srcset=\"https:\/\/ajan.africa\/wp-content\/uploads\/2023\/07\/DSC5177-1024x684.jpg 1024w, https:\/\/ajan.africa\/wp-content\/uploads\/2023\/07\/DSC5177-300x200.jpg 300w, https:\/\/ajan.africa\/wp-content\/uploads\/2023\/07\/DSC5177-768x513.jpg 768w, https:\/\/ajan.africa\/wp-content\/uploads\/2023\/07\/DSC5177-1536x1026.jpg 1536w, https:\/\/ajan.africa\/wp-content\/uploads\/2023\/07\/DSC5177-18x12.jpg 18w, https:\/\/ajan.africa\/wp-content\/uploads\/2023\/07\/DSC5177.jpg 1920w\" sizes=\"(max-width: 1024px) 100vw, 1024px\" \/><figcaption class=\"wp-element-caption translation-block\"><em>Le pr\u00e9sident sortant de la JCAM, le R\u00e9v. Pr. Gardien E. Orobator S.J. \u00e9tant pr\u00e9sent\u00e9 avec un cadeau par le P. Ishmael Matambura S.J. lors du 2O\u00e8me Anniversaire d'AJAN au Service de J\u00e9sus Mwiza \u00e0 Bujumbura, Burundi<\/em> <em>le 6 juin 2022<\/em>.<\/figcaption><\/figure>\n\n\n\n<p>AJAN continue de mettre les jeunes au premier plan en faisant d'eux des porteurs du message de pr\u00e9vention contre le VIH et en les rendant in\u00e9branlables dans leur foi et leurs valeurs. Au cours de cette c\u00e9l\u00e9bration de la f\u00eate de saint Ignace, les jeunes sont interpell\u00e9s par la vie de saint Ignace \u00e0 savoir servir inlassablement les autres et prendre soin de notre plan\u00e8te dans toutes ses dimensions avec une grande g\u00e9n\u00e9rosit\u00e9. C'est ainsi que leur lumi\u00e8re brillera dans le service ! C'est pourquoi dans une pri\u00e8re, Ignace \u00e9crit : \u00ab Prends Seigneur, re\u00e7ois toute ma libert\u00e9, ma m\u00e9moire, ma volont\u00e9. Tu m'as tout donn\u00e9 et maintenant je te le rends. Votre amour et votre gr\u00e2ce me suffisent. Que cette pri\u00e8re soit la n\u00f4tre alors que nous r\u00e9pondons \u00e0 l'appel de J\u00e9sus \u00e0 \u00eatre ses disciples, missionnaires de sa compassion et de son attention pour tous.<\/p>\n\n\n\n<p>De plus, dans ce num\u00e9ro, obtenez des informations sur les mises \u00e0 jour de \u00abl'initiative AJAN Youth-for-Youth\u00bb, une fiche d'information sur les derni\u00e8res statistiques mondiales et r\u00e9gionales sur le VIH et le sida mises en \u00e9vidence par le rapport 2023 de l'ONUSIDA et les domaines d'intervention qui doivent \u00eatre abord\u00e9s pour que nous ayons une g\u00e9n\u00e9ration lib\u00e9r\u00e9e du VIH et des pand\u00e9mies, plus responsable et engag\u00e9e \u00e0 prot\u00e9ger tout le monde et le monde.<\/p>\n\n\n\n<p class=\"translation-block\">Par, <strong><em>Pr. Matambura Isma\u00ebl, SJ<\/em><\/strong><\/p>\n\n\n\n<p>AJAN, directeur.<\/p>","protected":false},"excerpt":{"rendered":"<p>In this AJANews Newsletter, July issue, African Jesuit AIDS Network (AJAN) takes this opportunity to officially welcome the new President of the Jesuit Conference of Africa and Madagascar (JCAM) Rev. Fr. Jos\u00e9 Minaku Lukoli, S.J. of the Central Africa Province (ACE) as he takes over the mantle from the outgoing<\/p>\n<p><a class=\"sd-more sd-all-trans\" href=\"https:\/\/ajan.africa\/fr\/new-jcam-president-assumes-role-as-we-commemorate-st-ignatius-of-loyola-feast-2023\/#more-13380\">Lire la suite<\/a><\/p>","protected":false},"author":5,"featured_media":13381,"comment_status":"closed","ping_status":"open","sticky":false,"template":"","format":"standard","meta":{"om_disable_all_campaigns":false,"_monsterinsights_skip_tracking":false,"_monsterinsights_sitenote_active":false,"_monsterinsights_sitenote_note":"","_monsterinsights_sitenote_category":0,"footnotes":""},"categories":[83],"tags":[],"class_list":["post-13380","post","type-post","status-publish","format-standard","has-post-thumbnail","hentry","category-ajan-news-articles-english"],"aioseo_notices":[],"_links":{"self":[{"href":"https:\/\/ajan.africa\/fr\/wp-json\/wp\/v2\/posts\/13380","targetHints":{"allow":["GET"]}}],"collection":[{"href":"https:\/\/ajan.africa\/fr\/wp-json\/wp\/v2\/posts"}],"about":[{"href":"https:\/\/ajan.africa\/fr\/wp-json\/wp\/v2\/types\/post"}],"author":[{"embeddable":true,"href":"https:\/\/ajan.africa\/fr\/wp-json\/wp\/v2\/users\/5"}],"replies":[{"embeddable":true,"href":"https:\/\/ajan.africa\/fr\/wp-json\/wp\/v2\/comments?post=13380"}],"version-history":[{"count":0,"href":"https:\/\/ajan.africa\/fr\/wp-json\/wp\/v2\/posts\/13380\/revisions"}],"wp:featuredmedia":[{"embeddable":true,"href":"https:\/\/ajan.africa\/fr\/wp-json\/wp\/v2\/media\/13381"}],"wp:attachment":[{"href":"https:\/\/ajan.africa\/fr\/wp-json\/wp\/v2\/media?parent=13380"}],"wp:term":[{"taxonomy":"category","embeddable":true,"href":"https:\/\/ajan.africa\/fr\/wp-json\/wp\/v2\/categories?post=13380"},{"taxonomy":"post_tag","embeddable":true,"href":"https:\/\/ajan.africa\/fr\/wp-json\/wp\/v2\/tags?post=13380"}],"curies":[{"name":"wp","href":"https:\/\/api.w.org\/{rel}","templated":true}]}}