{"id":13534,"date":"2023-09-06T09:56:52","date_gmt":"2023-09-06T09:56:52","guid":{"rendered":"https:\/\/ajan.africa\/?p=13534"},"modified":"2023-09-08T06:16:50","modified_gmt":"2023-09-08T06:16:50","slug":"field-visit-to-the-ajan-youth-for-youth-initiative-project-2022-2023","status":"publish","type":"post","link":"https:\/\/ajan.africa\/fr\/field-visit-to-the-ajan-youth-for-youth-initiative-project-2022-2023\/","title":{"rendered":"Visite sur le terrain du projet AJAN Youth for Youth Initiative 2022-2023-Zambie"},"content":{"rendered":"<h2 class=\"wp-block-heading has-text-align-center translation-block\"><strong>PROJET DE SOINS \u00c0 DOMICILE DE LA PAROISSE DE CHIKUNI<\/strong> MISE \u00c0 JOUR<\/h2>\n\n\n\n<h3 class=\"wp-block-heading has-text-align-center\"><strong>Projet : \u00c9lever la jeunesse pour \u00e9radiquer la pauvret\u00e9<\/strong><\/h3>\n\n\n\n<p>Une partie de la contribution d'AJAN aux UAP num\u00e9ro trois\u00a0; \u00ab Voyager avec les jeunes \u00bb, outre le programme AHAPPY, s'effectue par le biais d'initiatives dirig\u00e9es par des jeunes. Pour l'ann\u00e9e 2022-2023, AJAN a d\u00e9ploy\u00e9 un projet Youth for Youth (Y4Y) qui a \u00e9t\u00e9 r\u00e9alis\u00e9 dans 15 Centres. Chaque centre, avec la participation centrale des jeunes, a conceptualis\u00e9 des activit\u00e9s con\u00e7ues pour r\u00e9pondre aux besoins urgents de la r\u00e9alit\u00e9 de leur jeunesse. <\/p>\n\n\n\n<figure class=\"wp-block-image size-large\"><img fetchpriority=\"high\" decoding=\"async\" width=\"1024\" height=\"768\" src=\"https:\/\/ajan.africa\/wp-content\/uploads\/2023\/09\/IMG20230812103015-1024x768.jpg\" alt=\"Ms. Pascalia Sergon, AJAN Capacity Building Officer gets to visit and interact with some of the beneficiaries outside a completed Piggery unit.\" class=\"wp-image-13535\" srcset=\"https:\/\/ajan.africa\/wp-content\/uploads\/2023\/09\/IMG20230812103015-1024x768.jpg 1024w, https:\/\/ajan.africa\/wp-content\/uploads\/2023\/09\/IMG20230812103015-300x225.jpg 300w, https:\/\/ajan.africa\/wp-content\/uploads\/2023\/09\/IMG20230812103015-768x576.jpg 768w, https:\/\/ajan.africa\/wp-content\/uploads\/2023\/09\/IMG20230812103015-1536x1152.jpg 1536w, https:\/\/ajan.africa\/wp-content\/uploads\/2023\/09\/IMG20230812103015-16x12.jpg 16w, https:\/\/ajan.africa\/wp-content\/uploads\/2023\/09\/IMG20230812103015.jpg 1920w\" sizes=\"(max-width: 1024px) 100vw, 1024px\" \/><figcaption class=\"wp-element-caption\"><em>Mme Pascalia Sergon, responsable du renforcement des capacit\u00e9s d'AJAN (extr\u00eame droite), visite et interagit avec certains des b\u00e9n\u00e9ficiaires \u00e0 l'ext\u00e9rieur d'une unit\u00e9 de porcherie achev\u00e9e.<\/em>.<\/figcaption><\/figure>\n\n\n\n<p class=\"translation-block\">La conceptualisation du projet CHBC \u00e9tait centr\u00e9e sur la lutte contre la pauvret\u00e9 chez les jeunes qu'ils servent. Les jeunes ont opt\u00e9 pour le projet \u00ab\u00a0Am\u00e9lioration de la jeunesse pour \u00e9radiquer la pauvret\u00e9\u00a0\u00bb. <\/strong>\u00a0L'activit\u00e9 principale \u00e9tait l'\u00e9levage de porcs. Des jeunes de 16 centres de masse relevant de la mission Chikuni ont particip\u00e9 au projet pilote.<\/p>\n\n\n\n<p>C'est dans ce contexte que Mme Pascalia a profit\u00e9 de l'occasion pour visiter le projet Y4Y en cours \u00e0 Chikuni dans le cadre des secr\u00e9tariats, r\u00f4le de suivi, avant le d\u00e9but de la formation.<\/p>\n\n\n\n<h3 class=\"wp-block-heading\"><strong>Le projet d'\u00e9levage porcin<\/strong><\/h3>\n\n\n\n<p>L'objectif du projet est de permettre aux jeunes d'acc\u00e9der \u00e0 des activit\u00e9s g\u00e9n\u00e9ratrices de revenus, en ciblant particuli\u00e8rement les jeunes au ch\u00f4mage. Le projet vise \u00e0 r\u00e9pondre \u00e0 l\u2019objectif de la Zambie d\u2019\u00e9radiquer la pauvret\u00e9 et d\u2019augmenter et de stabiliser les revenus des jeunes.<\/p>\n\n\n\n<p>La visite avait pour but de suivre l'\u00e9volution des activit\u00e9s conform\u00e9ment au plan du projet. Au moment de la visite, une grande partie de la mise en page et de la pr\u00e9paration de l'arri\u00e8re-plan\u00a0; telles que l'identification et la s\u00e9lection des premiers b\u00e9n\u00e9ficiaires, une formation intensive sur les meilleures pratiques d'\u00e9levage porcin, etc. ont \u00e9t\u00e9 achev\u00e9es. Apr\u00e8s cette premi\u00e8re fondation, les b\u00e9n\u00e9ficiaires s\u00e9lectionn\u00e9s devaient construire des porcheries conform\u00e9ment aux sp\u00e9cifications et aux normes fournies. Selon le plan d'activit\u00e9s, le projet en \u00e9tait \u00e0 la deuxi\u00e8me phase, celle de la construction des porcheries par les b\u00e9n\u00e9ficiaires. La visite a co\u00efncid\u00e9 avec cette phase. Une visite a \u00e9t\u00e9 effectu\u00e9e aupr\u00e8s de six b\u00e9n\u00e9ficiaires r\u00e9partis dans diff\u00e9rents secteurs de la communaut\u00e9.<\/p>\n\n\n\n<div class=\"wp-block-group is-nowrap is-layout-flex wp-container-core-group-is-layout-ad2f72ca wp-block-group-is-layout-flex\">\n<figure class=\"wp-block-image size-large\"><img decoding=\"async\" width=\"1024\" height=\"768\" src=\"https:\/\/ajan.africa\/wp-content\/uploads\/2023\/09\/IMG20230812102847-1024x768.jpg\" alt=\"Mme Pascalia Sergon, responsable du renforcement des capacit\u00e9s d&#039;AJAN, visite et interagit avec certains des b\u00e9n\u00e9ficiaires du projet d&#039;\u00e9levage porcin \u00e0 Chikuni, en Zambie.\" class=\"wp-image-13537\" srcset=\"https:\/\/ajan.africa\/wp-content\/uploads\/2023\/09\/IMG20230812102847-1024x768.jpg 1024w, https:\/\/ajan.africa\/wp-content\/uploads\/2023\/09\/IMG20230812102847-300x225.jpg 300w, https:\/\/ajan.africa\/wp-content\/uploads\/2023\/09\/IMG20230812102847-768x576.jpg 768w, https:\/\/ajan.africa\/wp-content\/uploads\/2023\/09\/IMG20230812102847-1536x1152.jpg 1536w, https:\/\/ajan.africa\/wp-content\/uploads\/2023\/09\/IMG20230812102847-16x12.jpg 16w, https:\/\/ajan.africa\/wp-content\/uploads\/2023\/09\/IMG20230812102847.jpg 1920w\" sizes=\"(max-width: 1024px) 100vw, 1024px\" \/><\/figure>\n\n\n\n<figure class=\"wp-block-image size-large\"><img decoding=\"async\" width=\"1024\" height=\"768\" src=\"https:\/\/ajan.africa\/wp-content\/uploads\/2023\/09\/IMG20230812102722-1024x768.jpg\" alt=\"\" class=\"wp-image-13538\" srcset=\"https:\/\/ajan.africa\/wp-content\/uploads\/2023\/09\/IMG20230812102722-1024x768.jpg 1024w, https:\/\/ajan.africa\/wp-content\/uploads\/2023\/09\/IMG20230812102722-300x225.jpg 300w, https:\/\/ajan.africa\/wp-content\/uploads\/2023\/09\/IMG20230812102722-768x576.jpg 768w, https:\/\/ajan.africa\/wp-content\/uploads\/2023\/09\/IMG20230812102722-1536x1152.jpg 1536w, https:\/\/ajan.africa\/wp-content\/uploads\/2023\/09\/IMG20230812102722-16x12.jpg 16w, https:\/\/ajan.africa\/wp-content\/uploads\/2023\/09\/IMG20230812102722.jpg 1920w\" sizes=\"(max-width: 1024px) 100vw, 1024px\" \/><\/figure>\n<\/div>\n\n\n\n<p class=\"has-text-align-center\"><em>Mme Pascalia Sergon, responsable du renforcement des capacit\u00e9s d'AJAN, visite et interagit avec certains des b\u00e9n\u00e9ficiaires du projet d'\u00e9levage porcin \u00e0 Chikuni, en Zambie.<\/em><\/p>\n\n\n\n<p>Le constat g\u00e9n\u00e9ral est que les 6 b\u00e9n\u00e9ficiaires ont tous des porcheries construites, mais \u00e0 des niveaux d'ach\u00e8vement diff\u00e9rents. La majorit\u00e9 se situait au niveau de la toiture. Les structures \u00e9taient faites de briques et couvertes de t\u00f4les de fer. Chacun disposait de diff\u00e9rents compartiments destin\u00e9s \u00e0 l'alimentation, \u00e0 la liti\u00e8re, etc. La coordinatrice du projet, Mme Catherine Milimo, a confirm\u00e9 que tous r\u00e9pondaient aux sp\u00e9cifications demand\u00e9es lors de la formation. <\/p>\n\n\n<div class=\"wp-block-image\">\n<figure class=\"aligncenter size-large\"><img loading=\"lazy\" decoding=\"async\" width=\"1024\" height=\"768\" src=\"https:\/\/ajan.africa\/wp-content\/uploads\/2023\/09\/IMG20230812100502-1024x768.jpg\" alt=\"L&#039;un des b\u00e9n\u00e9ficiaires se tient devant sa porcherie encore en construction.\" class=\"wp-image-13536\" srcset=\"https:\/\/ajan.africa\/wp-content\/uploads\/2023\/09\/IMG20230812100502-1024x768.jpg 1024w, https:\/\/ajan.africa\/wp-content\/uploads\/2023\/09\/IMG20230812100502-300x225.jpg 300w, https:\/\/ajan.africa\/wp-content\/uploads\/2023\/09\/IMG20230812100502-768x576.jpg 768w, https:\/\/ajan.africa\/wp-content\/uploads\/2023\/09\/IMG20230812100502-1536x1152.jpg 1536w, https:\/\/ajan.africa\/wp-content\/uploads\/2023\/09\/IMG20230812100502-16x12.jpg 16w, https:\/\/ajan.africa\/wp-content\/uploads\/2023\/09\/IMG20230812100502.jpg 1920w\" sizes=\"(max-width: 1024px) 100vw, 1024px\" \/><figcaption class=\"wp-element-caption\"><em>L'un des b\u00e9n\u00e9ficiaires se tient devant sa porcherie encore en construction.<\/em><\/figcaption><\/figure>\n<\/div>\n\n\n<p>Mme Milomo a expliqu\u00e9 qu'en principe, la construction des porcheries \u00e9tait autofinanc\u00e9e par les b\u00e9n\u00e9ficiaires eux-m\u00eames, dans le cadre de leur contribution au projet. La CHBC n'aidera un b\u00e9n\u00e9ficiaire qu'en cas de besoin tr\u00e8s extr\u00eame, mais en g\u00e9n\u00e9ral, on attend de lui qu'il veille \u00e0 trouver localement les moyens disponibles pour avoir la porcherie. C'est une des conditions pour les b\u00e9n\u00e9ficiaires. Cette approche est plausible car elle cr\u00e9e chez les b\u00e9n\u00e9ficiaires un sentiment d'appropriation, de responsabilit\u00e9 et de redevabilit\u00e9.<\/p>\n\n\n\n<div class=\"wp-block-group is-nowrap is-layout-flex wp-container-core-group-is-layout-ad2f72ca wp-block-group-is-layout-flex\">\n<figure class=\"wp-block-image size-large\"><img loading=\"lazy\" decoding=\"async\" width=\"1024\" height=\"768\" src=\"https:\/\/ajan.africa\/wp-content\/uploads\/2023\/09\/IMG20230812114631-1024x768.jpg\" alt=\"Monitoring of the piggery units that are still under construction by the beneficiaries\" class=\"wp-image-13539\" srcset=\"https:\/\/ajan.africa\/wp-content\/uploads\/2023\/09\/IMG20230812114631-1024x768.jpg 1024w, https:\/\/ajan.africa\/wp-content\/uploads\/2023\/09\/IMG20230812114631-300x225.jpg 300w, https:\/\/ajan.africa\/wp-content\/uploads\/2023\/09\/IMG20230812114631-768x576.jpg 768w, https:\/\/ajan.africa\/wp-content\/uploads\/2023\/09\/IMG20230812114631-1536x1152.jpg 1536w, https:\/\/ajan.africa\/wp-content\/uploads\/2023\/09\/IMG20230812114631-16x12.jpg 16w, https:\/\/ajan.africa\/wp-content\/uploads\/2023\/09\/IMG20230812114631.jpg 1920w\" sizes=\"(max-width: 1024px) 100vw, 1024px\" \/><\/figure>\n\n\n\n<figure class=\"wp-block-image size-large\"><img loading=\"lazy\" decoding=\"async\" width=\"768\" height=\"1024\" src=\"https:\/\/ajan.africa\/wp-content\/uploads\/2023\/09\/IMG20230812121314-768x1024.jpg\" alt=\"Monitoring of the piggery units that are still under construction by the beneficiaries\" class=\"wp-image-13540\" srcset=\"https:\/\/ajan.africa\/wp-content\/uploads\/2023\/09\/IMG20230812121314-768x1024.jpg 768w, https:\/\/ajan.africa\/wp-content\/uploads\/2023\/09\/IMG20230812121314-225x300.jpg 225w, https:\/\/ajan.africa\/wp-content\/uploads\/2023\/09\/IMG20230812121314-1152x1536.jpg 1152w, https:\/\/ajan.africa\/wp-content\/uploads\/2023\/09\/IMG20230812121314-9x12.jpg 9w, https:\/\/ajan.africa\/wp-content\/uploads\/2023\/09\/IMG20230812121314.jpg 1440w\" sizes=\"(max-width: 768px) 100vw, 768px\" \/><\/figure>\n<\/div>\n\n\n\n<p class=\"has-text-align-center translation-block\"><em>Suivi des porcheries encore en construction<\/em> <em>par les b\u00e9n\u00e9ficiaires<\/em><\/p>\n\n\n\n<p>The first batch of 20 beneficiaries\/pioneers from the mass centers will each receive a gilt\/ first pigs.\u2019&nbsp; After they farrow, these first individual beneficiaries will each supply two (2) weaners to the second cycle of youth. Meaning (40) youth beneficiaries will each receive a weaner. These forty will donate each 2 weaners from their litter to the third cycle of young people. The circle is expected to be repeated for 3 years. It is projected that in 3 years, substantial number of youth within the parish will be earning income through pig farming.<\/p>\n\n\n\n<h3 class=\"wp-block-heading\"><strong>Visite des \u00e9coles communautaires de la mission Chikuni<\/strong><\/h3>\n\n\n\n<p>Le premier jour de la visite a \u00e9t\u00e9 consacr\u00e9 \u00e0 un certain nombre de centres de masse o\u00f9 la mission Chikuni g\u00e8re des \u00e9coles communautaires et des projets g\u00e9n\u00e9rateurs de revenus pour la communaut\u00e9. La paroisse a not\u00e9 que les distances entre une \u00e9cole primaire et une autre sont \u00e9normes, \u00e0 tel point que les jeunes enfants ne peuvent pas se permettre de parcourir des dizaines de kilom\u00e8tres jusqu'\u00e0 l'\u00e9cole primaire la plus proche. En cons\u00e9quence, de nombreux jeunes enfants ne vont pas \u00e0 l\u2019\u00e9cole.<\/p>\n\n\n<div class=\"wp-block-image\">\n<figure class=\"aligncenter size-large\"><img loading=\"lazy\" decoding=\"async\" width=\"768\" height=\"1024\" src=\"https:\/\/ajan.africa\/wp-content\/uploads\/2023\/09\/IMG20230812100652-768x1024.jpg\" alt=\" One of the constructed simple structures used as an education centre where small children attend kindergartens and lower grade level in Chikuni, Zambia.\" class=\"wp-image-13542\" srcset=\"https:\/\/ajan.africa\/wp-content\/uploads\/2023\/09\/IMG20230812100652-768x1024.jpg 768w, https:\/\/ajan.africa\/wp-content\/uploads\/2023\/09\/IMG20230812100652-225x300.jpg 225w, https:\/\/ajan.africa\/wp-content\/uploads\/2023\/09\/IMG20230812100652-1152x1536.jpg 1152w, https:\/\/ajan.africa\/wp-content\/uploads\/2023\/09\/IMG20230812100652-9x12.jpg 9w, https:\/\/ajan.africa\/wp-content\/uploads\/2023\/09\/IMG20230812100652.jpg 1440w\" sizes=\"(max-width: 768px) 100vw, 768px\" \/><figcaption class=\"wp-element-caption translation-block\"><em>L'une des structures simples construites utilis\u00e9es comme centre \u00e9ducatif o\u00f9 les petits enfants fr\u00e9quentent les jardins d'enfants et les niveaux inf\u00e9rieurs<\/em> <em>\u00e0<\/em> <em>Chikuni, Zambie<\/em>.<\/figcaption><\/figure>\n<\/div>\n\n\n<p>La mission s'est lanc\u00e9e dans le travail de construction de structures simples o\u00f9 les petits enfants fr\u00e9quentent les jardins d'enfants et les niveaux inf\u00e9rieurs pour pouvoir se permettre de parcourir les distances jusqu'\u00e0 l'\u00e9cole primaire sup\u00e9rieure. Ils font ensuite appel \u00e0 des b\u00e9n\u00e9voles de la communaut\u00e9 pour enseigner. Ces \u00e9coles comblent les distances, permettant aux jeunes enfants des 17 centres de masse d'acc\u00e9der \u00e0 l'\u00e9ducation. Les \u00e9coles ont \u00e9norm\u00e9ment contribu\u00e9 \u00e0 la scolarisation \u00e9lev\u00e9e des enfants dans les \u00e9coles primaires.<\/p>\n\n\n\n<figure class=\"wp-block-image size-large\"><img loading=\"lazy\" decoding=\"async\" width=\"1024\" height=\"768\" src=\"https:\/\/ajan.africa\/wp-content\/uploads\/2023\/09\/IMG20230811170729-1024x768.jpg\" alt=\"Ms. Pascalia Sergon, AJAN Capacity Building Officer gets to visit and interact with some of the community members at the garden in Chikuni, Zambia.\" class=\"wp-image-13543\" srcset=\"https:\/\/ajan.africa\/wp-content\/uploads\/2023\/09\/IMG20230811170729-1024x768.jpg 1024w, https:\/\/ajan.africa\/wp-content\/uploads\/2023\/09\/IMG20230811170729-300x225.jpg 300w, https:\/\/ajan.africa\/wp-content\/uploads\/2023\/09\/IMG20230811170729-768x576.jpg 768w, https:\/\/ajan.africa\/wp-content\/uploads\/2023\/09\/IMG20230811170729-1536x1152.jpg 1536w, https:\/\/ajan.africa\/wp-content\/uploads\/2023\/09\/IMG20230811170729-16x12.jpg 16w, https:\/\/ajan.africa\/wp-content\/uploads\/2023\/09\/IMG20230811170729.jpg 1920w\" sizes=\"(max-width: 1024px) 100vw, 1024px\" \/><figcaption class=\"wp-element-caption\"><em>Mme Pascalia Sergon, responsable du renforcement des capacit\u00e9s d'AJAN, visite et interagit avec certains membres de la communaut\u00e9 dans le jardin de Chikuni, en Zambie.<\/em>.<\/figcaption><\/figure>\n\n\n\n<div class=\"wp-block-group is-nowrap is-layout-flex wp-container-core-group-is-layout-ad2f72ca wp-block-group-is-layout-flex\">\n<figure class=\"wp-block-image size-large\"><img loading=\"lazy\" decoding=\"async\" width=\"1024\" height=\"768\" src=\"https:\/\/ajan.africa\/wp-content\/uploads\/2023\/09\/IMG20230811170934-1024x768.jpg\" alt=\"\" class=\"wp-image-13544\" srcset=\"https:\/\/ajan.africa\/wp-content\/uploads\/2023\/09\/IMG20230811170934-1024x768.jpg 1024w, https:\/\/ajan.africa\/wp-content\/uploads\/2023\/09\/IMG20230811170934-300x225.jpg 300w, https:\/\/ajan.africa\/wp-content\/uploads\/2023\/09\/IMG20230811170934-768x576.jpg 768w, https:\/\/ajan.africa\/wp-content\/uploads\/2023\/09\/IMG20230811170934-1536x1152.jpg 1536w, https:\/\/ajan.africa\/wp-content\/uploads\/2023\/09\/IMG20230811170934-16x12.jpg 16w, https:\/\/ajan.africa\/wp-content\/uploads\/2023\/09\/IMG20230811170934.jpg 1920w\" sizes=\"(max-width: 1024px) 100vw, 1024px\" \/><\/figure>\n\n\n\n<figure class=\"wp-block-image size-large\"><img loading=\"lazy\" decoding=\"async\" width=\"768\" height=\"1024\" src=\"https:\/\/ajan.africa\/wp-content\/uploads\/2023\/09\/IMG20230811102642-768x1024.jpg\" alt=\"\" class=\"wp-image-13545\" srcset=\"https:\/\/ajan.africa\/wp-content\/uploads\/2023\/09\/IMG20230811102642-768x1024.jpg 768w, https:\/\/ajan.africa\/wp-content\/uploads\/2023\/09\/IMG20230811102642-225x300.jpg 225w, https:\/\/ajan.africa\/wp-content\/uploads\/2023\/09\/IMG20230811102642-1152x1536.jpg 1152w, https:\/\/ajan.africa\/wp-content\/uploads\/2023\/09\/IMG20230811102642-9x12.jpg 9w, https:\/\/ajan.africa\/wp-content\/uploads\/2023\/09\/IMG20230811102642.jpg 1440w\" sizes=\"(max-width: 768px) 100vw, 768px\" \/><\/figure>\n<\/div>\n\n\n\n<p><em>La communaut\u00e9 autour du centre de soins \u00e0 domicile de Chikuni est impliqu\u00e9e dans des activit\u00e9s horticoles, les b\u00e9n\u00e9fices de la ferme sont utilis\u00e9s par les membres de la communaut\u00e9 pour nourrir les enfants.<\/em>.<\/p>\n\n\n\n<p>En plus des \u00e9coles de construction, la mission creuse des forages pour rapprocher l'acc\u00e8s \u00e0 l'eau des \u00e9l\u00e8ves. De m\u00eame, la communaut\u00e9 ne profite pas seulement de la proximit\u00e9 de l\u2019eau. Ils utilisent l'eau pour l'horticulture et les produits deviennent une source de revenus pour les familles. L'une des pratiques les plus impressionnantes est l'implication de la communaut\u00e9 dans l'\u00e9volution et le progr\u00e8s des \u00e9coles. Dans le m\u00eame esprit, la communaut\u00e9 alloue une partie des produits du jardin pour nourrir les enfants de ses diff\u00e9rentes \u00e9coles communautaires, permettant ainsi aux enfants de rester \u00e0 l'\u00e9cole.<\/p>\n\n\n\n<p class=\"translation-block\"><em>Par,\u00a0<strong>Mme<\/strong> <strong>Pascalia Sergon<\/strong><\/em><\/p>\n\n\n\n<p><em>Agent de renforcement des capacit\u00e9s AJAN<\/em><\/p>","protected":false},"excerpt":{"rendered":"<p>CHIKUNI PARISH HOMEBASED CARE PROJECT UPDATE Project: Upliftment of Youth to Eradicate Poverty Part of AJAN contribution towards UAPs number three; \u2018Journeying with the Youth\u2019, besides the AHAPPY program is through Youth-led Initiatives. For the year 2022-2023, AJAN rolled out a Youth for Youth (Y4Y) project that was carried out<\/p>\n<p><a class=\"sd-more sd-all-trans\" href=\"https:\/\/ajan.africa\/fr\/field-visit-to-the-ajan-youth-for-youth-initiative-project-2022-2023\/#more-13534\">Lire la suite<\/a><\/p>","protected":false},"author":5,"featured_media":13546,"comment_status":"closed","ping_status":"open","sticky":false,"template":"","format":"standard","meta":{"om_disable_all_campaigns":false,"_monsterinsights_skip_tracking":false,"_monsterinsights_sitenote_active":false,"_monsterinsights_sitenote_note":"","_monsterinsights_sitenote_category":0,"footnotes":""},"categories":[98,107],"tags":[],"class_list":["post-13534","post","type-post","status-publish","format-standard","has-post-thumbnail","hentry","category-ajan-news-articles","category-ajan-y4y-initiative"],"aioseo_notices":[],"_links":{"self":[{"href":"https:\/\/ajan.africa\/fr\/wp-json\/wp\/v2\/posts\/13534","targetHints":{"allow":["GET"]}}],"collection":[{"href":"https:\/\/ajan.africa\/fr\/wp-json\/wp\/v2\/posts"}],"about":[{"href":"https:\/\/ajan.africa\/fr\/wp-json\/wp\/v2\/types\/post"}],"author":[{"embeddable":true,"href":"https:\/\/ajan.africa\/fr\/wp-json\/wp\/v2\/users\/5"}],"replies":[{"embeddable":true,"href":"https:\/\/ajan.africa\/fr\/wp-json\/wp\/v2\/comments?post=13534"}],"version-history":[{"count":0,"href":"https:\/\/ajan.africa\/fr\/wp-json\/wp\/v2\/posts\/13534\/revisions"}],"wp:featuredmedia":[{"embeddable":true,"href":"https:\/\/ajan.africa\/fr\/wp-json\/wp\/v2\/media\/13546"}],"wp:attachment":[{"href":"https:\/\/ajan.africa\/fr\/wp-json\/wp\/v2\/media?parent=13534"}],"wp:term":[{"taxonomy":"category","embeddable":true,"href":"https:\/\/ajan.africa\/fr\/wp-json\/wp\/v2\/categories?post=13534"},{"taxonomy":"post_tag","embeddable":true,"href":"https:\/\/ajan.africa\/fr\/wp-json\/wp\/v2\/tags?post=13534"}],"curies":[{"name":"wp","href":"https:\/\/api.w.org\/{rel}","templated":true}]}}