{"id":13602,"date":"2023-10-02T05:52:25","date_gmt":"2023-10-02T05:52:25","guid":{"rendered":"https:\/\/ajan.africa\/?p=13602"},"modified":"2023-10-02T05:53:59","modified_gmt":"2023-10-02T05:53:59","slug":"young-people-be-brave-to-confront-the-challenges-of-todays-world","status":"publish","type":"post","link":"https:\/\/ajan.africa\/fr\/young-people-be-brave-to-confront-the-challenges-of-todays-world\/","title":{"rendered":"Jeunes gens, soyez braves pour affronter les d\u00e9fis du monde d'aujourd'hui."},"content":{"rendered":"<p>Dans notre \u00e9dition de SEPTEMBRE d\u2019AJANEWS, nous nous concentrons principalement sur l'accompagnement de nos jeunes et veillons \u00e0 ce qu'ils soient en bonne sant\u00e9 mentale pour faire face aux d\u00e9fis auxquels sont confront\u00e9s les jeunes d'aujourd'hui. Cela comprend diverses pressions, le stress et l'anxi\u00e9t\u00e9 li\u00e9s \u00e0 l'\u00e9cole, aux amis, aux m\u00e9dias sociaux, aux probl\u00e8mes familiaux et aux inqui\u00e9tudes concernant leur avenir.<\/p>\n\n\n\n<p class=\"translation-block\">En c\u00e9l\u00e9bration de la Journ\u00e9e mondiale de la sant\u00e9 mentale des jeunes de cette ann\u00e9e, qui a eu lieu le 19 septembre 2023, sous le th\u00e8me \"#Soyez Braves !\". \u00catre brave peut signifier quelque chose de diff\u00e9rent pour chacun, et pour les jeunes qui luttent avec leur sant\u00e9 mentale, les \"t\u00e2ches quotidiennes\" comme aller \u00e0 l'\u00e9cole, avoir un repas par jour, les jeunes confront\u00e9s \u00e0 la stigmatisation li\u00e9e au VIH peuvent devenir un v\u00e9ritable d\u00e9fi. Les probl\u00e8mes de sant\u00e9 mentale chez les jeunes sont en hausse, et les jeunes sont de mani\u00e8re disproportionn\u00e9e plus vuln\u00e9rables qu'auparavant, en raison des temps \u00e9conomiques difficiles et de l'\u00e8re num\u00e9rique dans laquelle ils vivent.<\/p>\n\n\n\n<p class=\"translation-block\">On s'inqui\u00e8te du fait que les probl\u00e8mes de sant\u00e9 mentale chez les jeunes se multiplient r\u00e9cemment. Selon l'Organisation mondiale de la sant\u00e9 (OMS) et le Fonds des Nations unies pour l'enfance (UNICEF) en 2022, pr\u00e8s de 37 millions d'adolescents (\u00e2g\u00e9s de 10 \u00e0 19 ans) vivent avec un trouble mental en Afrique, et 1 enfant sur 4 vit avec un parent ayant un trouble de sant\u00e9 mentale. La plupart des troubles de sant\u00e9 mentale chez les adultes commencent dans l'enfance. Cette statistique met en \u00e9vidence la pr\u00e9valence croissante des sympt\u00f4mes d\u00e9pressifs et de l'anxi\u00e9t\u00e9 chez les \u00e9tudiants, avec des chiffres atteignant jusqu'\u00e0 45 % en 2022, car la plupart des jeunes pensent que d\u00e8s qu'ils auront termin\u00e9 leurs \u00e9tudes, la transition de l'\u00e9cole vers le monde ext\u00e9rieur se fera en douceur et qu'ils auront imm\u00e9diatement un emploi.<\/p>\n\n\n\n<p>L'utilisation constante des plateformes de m\u00e9dias sociaux entra\u00eene des pressions auxquelles les jeunes tentent de r\u00e9pondre afin de s'int\u00e9grer dans un espace sp\u00e9cifique et de suivre les tendances num\u00e9riques. Pour traiter les probl\u00e8mes de sant\u00e9 mentale chez les jeunes, l'int\u00e9gration d'une approche holistique vise \u00e0 \u00e9duquer l'enfant dans son ensemble, tant sur le plan physique, social, \u00e9motionnel qu'acad\u00e9mique, avec l'engagement actif et le soutien de la communaut\u00e9.<\/p>\n\n\n\n<p class=\"translation-block\">Le d\u00e9veloppement int\u00e9gral des jeunes est important lors de leur \u00e9ducation pour les amener \u00e0 devenir des adultes responsables. Le Programme de pr\u00e9vention du VIH\/SIDA AJAN pour les jeunes (AHAPPY), qui a \u00e9t\u00e9 d\u00e9ploy\u00e9 dans 14 pays diff\u00e9rents en Afrique, reconna\u00eet que tous les enfants, en particulier ceux confront\u00e9s \u00e0 une extr\u00eame adversit\u00e9, ont besoin d'une gamme de connaissances, de comp\u00e9tences, d'exp\u00e9riences et de valeurs fondamentales qui leur permettront de s'engager en tant que citoyens productifs et \u00e9thiques, et d'atteindre leur potentiel dans la vie. En engageant les jeunes \u00e0 travers le programme AHAPPY dans des discussions et des activit\u00e9s qui touchent leur vie quotidienne, nous les autonomisons pour mieux se conna\u00eetre eux-m\u00eames et leur environnement. Nous pouvons avoir des conversations o\u00f9 les jeunes peuvent partager leurs pens\u00e9es et leurs sentiments sans crainte.<\/p>\n\n\n\n<p class=\"translation-block\">Ce mois de septembre, lors de la 78e session de l'Assembl\u00e9e g\u00e9n\u00e9rale des Nations Unies (AGNU 78), lors de l'\u00e9v\u00e9nement parall\u00e8le intitul\u00e9 \"1,8 milliard d\u2019avenir : Comment assurer la sant\u00e9 et le bien-\u00eatre \u00e0 long terme des adolescents et des jeunes dans le monde entier\", des experts, en marge de l'Assembl\u00e9e g\u00e9n\u00e9rale des Nations Unies le 18 septembre 2022, ont d\u00e9clar\u00e9 que \"la sant\u00e9 et le bien-\u00eatre \u00e0 long terme des adolescents \u00e0 l'\u00e9chelle mondiale ne peuvent \u00eatre atteints que si les gouvernements et les organisations commencent \u00e0 consid\u00e9rer les jeunes comme une population unique et \u00e0 r\u00e9pondre \u00e0 leurs besoins en cons\u00e9quence. Cela signifie investir dans des interventions sp\u00e9cifiques pour les jeunes, mais aussi soutenir les solutions cr\u00e9\u00e9es par les jeunes eux-m\u00eames.\"<\/p>\n\n\n\n<p class=\"translation-block\">Alors que nous cl\u00f4turons le programme \"AJAN Youth-for-Youth Initiative 2022-2023\", o\u00f9 les jeunes eux-m\u00eames \u00e9taient \u00e0 l'origine des interventions men\u00e9es par les 13 de nos centres affili\u00e9s \u00e0 AJAN en Afrique, nous exprimons notre gratitude envers les participants, les bailleurs de fonds et les donateurs pour la grande diff\u00e9rence qu'ils ont apport\u00e9e dans la vie des jeunes. Les t\u00e9moignages des participants refl\u00e8tent l'impact positif de l'initiative sur la jeunesse. Les interventions entreprises par les centres visaient \u00e0 fournir aux jeunes les connaissances et les comp\u00e9tences n\u00e9cessaires pour acqu\u00e9rir des valeurs de vie positives et s'engager dans diverses activit\u00e9s o\u00f9 ils pourraient se positionner pour se soutenir eux-m\u00eames, leurs familles et leurs communaut\u00e9s.<\/p>\n\n\n\n<p class=\"translation-block\">Inspir\u00e9 par les Pr\u00e9f\u00e9rences Apostoliques Universelles 2019-2029 de compagnie de j\u00e9sus, \"AJAN reste engag\u00e9 \u00e0 autonomiser les jeunes dans leur ensemble en \"accompagnant les jeunes dans la cr\u00e9ation d'un avenir empreint d'espoir\", \"Marcher avec les pauvres, les exclus du monde, ceux dont la dignit\u00e9 a \u00e9t\u00e9 viol\u00e9e, dans une mission de r\u00e9conciliation et de justice\".<\/p>\n\n\n\n<p style=\"font-size:18px\" class=\"translation-block\"><strong><em>Par,<\/em><\/strong><em>\u00a0Dennis Owuoche,<\/em><\/p>\n\n\n\n<p style=\"font-size:18px\">Charg\u00e9 de communication AJAN<\/p>","protected":false},"excerpt":{"rendered":"<p>In our SEPTEMBER edition of AJANEWS issue we basically focus on accompanying our young people and ensuring they are in good mental health to cope with the challenges that confront young people today; this includes, various pressures, stress and anxiety around school, friends, social media, family issues, and concerns about<\/p>\n<p><a class=\"sd-more sd-all-trans\" href=\"https:\/\/ajan.africa\/fr\/young-people-be-brave-to-confront-the-challenges-of-todays-world\/#more-13602\">Lire la suite<\/a><\/p>","protected":false},"author":5,"featured_media":13607,"comment_status":"closed","ping_status":"open","sticky":false,"template":"","format":"standard","meta":{"om_disable_all_campaigns":false,"_monsterinsights_skip_tracking":false,"_monsterinsights_sitenote_active":false,"_monsterinsights_sitenote_note":"","_monsterinsights_sitenote_category":0,"footnotes":""},"categories":[98],"tags":[],"class_list":["post-13602","post","type-post","status-publish","format-standard","has-post-thumbnail","hentry","category-ajan-news-articles"],"aioseo_notices":[],"_links":{"self":[{"href":"https:\/\/ajan.africa\/fr\/wp-json\/wp\/v2\/posts\/13602","targetHints":{"allow":["GET"]}}],"collection":[{"href":"https:\/\/ajan.africa\/fr\/wp-json\/wp\/v2\/posts"}],"about":[{"href":"https:\/\/ajan.africa\/fr\/wp-json\/wp\/v2\/types\/post"}],"author":[{"embeddable":true,"href":"https:\/\/ajan.africa\/fr\/wp-json\/wp\/v2\/users\/5"}],"replies":[{"embeddable":true,"href":"https:\/\/ajan.africa\/fr\/wp-json\/wp\/v2\/comments?post=13602"}],"version-history":[{"count":0,"href":"https:\/\/ajan.africa\/fr\/wp-json\/wp\/v2\/posts\/13602\/revisions"}],"wp:featuredmedia":[{"embeddable":true,"href":"https:\/\/ajan.africa\/fr\/wp-json\/wp\/v2\/media\/13607"}],"wp:attachment":[{"href":"https:\/\/ajan.africa\/fr\/wp-json\/wp\/v2\/media?parent=13602"}],"wp:term":[{"taxonomy":"category","embeddable":true,"href":"https:\/\/ajan.africa\/fr\/wp-json\/wp\/v2\/categories?post=13602"},{"taxonomy":"post_tag","embeddable":true,"href":"https:\/\/ajan.africa\/fr\/wp-json\/wp\/v2\/tags?post=13602"}],"curies":[{"name":"wp","href":"https:\/\/api.w.org\/{rel}","templated":true}]}}