{"id":14131,"date":"2024-03-30T21:31:00","date_gmt":"2024-03-30T21:31:00","guid":{"rendered":"https:\/\/ajan.africa\/?p=14131"},"modified":"2024-04-08T12:57:36","modified_gmt":"2024-04-08T12:57:36","slug":"easter-sunday-reflection-year-b-march-31-2024","status":"publish","type":"post","link":"https:\/\/ajan.africa\/fr\/easter-sunday-reflection-year-b-march-31-2024\/","title":{"rendered":"R\u00e9flexion du Dimanche de P\u00e2ques -Ann\u00e9e B.\n31 Mars 2024\u00a0"},"content":{"rendered":"<p class=\"has-text-align-center\"><strong>R\u00e9f.   Ac. : 10,34a, 37-43    \tPs 117 (118). 1\u202623\t1Cor. 5,6b-8 \tJn: 20,1-9<\/strong><\/p>\n\n\n\n<h2 class=\"wp-block-heading\"><strong><em>\u00ab Se purifier des vieux ferments de la peur et devenir une paque nouvelle \u00bb<\/em><\/strong><\/h2>\n\n\n\n<div class=\"wp-block-media-text is-stacked-on-mobile\"><figure class=\"wp-block-media-text__media\"><img fetchpriority=\"high\" decoding=\"async\" width=\"873\" height=\"1024\" src=\"https:\/\/ajan.africa\/wp-content\/uploads\/2024\/04\/DSC03306-873x1024.jpg\" alt=\"\" class=\"wp-image-14244 size-full\" srcset=\"https:\/\/ajan.africa\/wp-content\/uploads\/2024\/04\/DSC03306-873x1024.jpg 873w, https:\/\/ajan.africa\/wp-content\/uploads\/2024\/04\/DSC03306-256x300.jpg 256w, https:\/\/ajan.africa\/wp-content\/uploads\/2024\/04\/DSC03306-768x901.jpg 768w, https:\/\/ajan.africa\/wp-content\/uploads\/2024\/04\/DSC03306-1310x1536.jpg 1310w, https:\/\/ajan.africa\/wp-content\/uploads\/2024\/04\/DSC03306-10x12.jpg 10w, https:\/\/ajan.africa\/wp-content\/uploads\/2024\/04\/DSC03306.jpg 1637w\" sizes=\"(max-width: 873px) 100vw, 873px\" \/><\/figure><div class=\"wp-block-media-text__content\">\n<p>La r\u00e9flexion du dimanche de P\u00e2ques est donn\u00e9e par,<\/p>\n\n\n\n<p><strong>P. Matambura Ismael, SJ.,<\/strong><\/p>\n\n\n\n<p>Directeur AJAN<\/p>\n<\/div><\/div>\n\n\n\n<p>En ce jour de P\u00e2ques, nous c\u00e9l\u00e9brons la victoire de la vie, victoire de la vie sur la mort. C\u2019est un jour de joie, un jour de c\u00e9l\u00e9bration.<strong><em>\u00ab Voici le jour que fit le Seigneur, jour d'all\u00e9gresse et jour de joie. \u00bb<\/em><\/strong>Chaque ann\u00e9e, la f\u00eate de P\u00e2ques nous offre de commencer une vie nouvelle, de nous laisser transformer par la joie simple et confiante du Christ vivant, J\u00e9sus ressuscit\u00e9.<\/p>\n\n\n\n<p>Hier soir, l\u2019\u00e9vangile nous parlait de la peur des femmes confront\u00e9es au myst\u00e8re de la r\u00e9surrection. Cette peur qui est la caract\u00e9ristique de tout homme face \u00e0 la vie, cette peur qui rend esclave et qui emp\u00eache d\u2019entendre le message de la r\u00e9surrection.<\/p>\n\n\n\n<p>Aujourd\u2019hui, avec le disciple, \u00ab l\u2019autre disciple \u00bb, nous avons \u00e0 nous \u00ab purifier des vieux ferments \u00bb de la peur et \u00e0 accueillir le pain de la P\u00e2que, la vie nouvelle en Christ.<\/p>\n\n\n\n<p>Pendant trois ans les disciples avaient suivi J\u00e9sus. Ils avaient \u00e9cout\u00e9 ses enseignement porteuses d\u2019esp\u00e9rance. Ils avaient mis tout leur amour et toute leur confiance en lui. <strong><em>Ils comptaient sur lui pour \u00eatre le lib\u00e9rateur d\u2019Isra\u00ebl.<\/em><\/strong>Ce serait un nouveau d\u00e9part pour un monde de justice et de bonheur. <strong><em>Mais voil\u00e0 que tout s\u2019est arr\u00eat\u00e9 au soir du vendredi. J\u00e9sus venait d\u2019\u00eatre arr\u00eat\u00e9, condamn\u00e9 et mis \u00e0 mort sur une croix. C\u2019\u00e9tait la fin d\u2019une belle aventure.<\/em><\/strong>Cela a cr\u00e9\u00e9 une peur, un sentiment d\u2019avoir tout perdu. Il faisait sombre dans leur c\u0153ur. Quand tout va mal, on se dit que cela ne sert \u00e0 rien de continuer et on a envie de tout abandonner. Mais voil\u00e0 qu\u2019au matin de P\u00e2ques quelque chose de nouveau est en train de se produire : la vie et la mort sont reconcili\u00e9.<\/p>\n\n\n\n<h3 class=\"wp-block-heading\">1. <strong>Briser la peur, embrasser la nouveaut\u00e9 avec foi.<\/strong>.<\/h3>\n\n\n\n<p>La f\u00eate de p\u00e2ques (passage en h\u00e9breux) repr\u00e9sente une nouveaut\u00e9. L\u2019origine de cette f\u00eate remonte \u00e0 la P\u00e2que du peuple h\u00e9breu qui c\u00e9l\u00e9brait ainsi sa sortie d\u2019\u00c9gypte : passage de l\u2019esclavage \u00e0 la libert\u00e9. Ce passage a \u00e9t\u00e9 au c\u0153ur de l\u2019Alliance du peuple d\u2019Isra\u00ebl avec Dieu et il l\u2019est encore aujourd\u2019hui pour nos fr\u00e8res et s\u0153urs juifs.<\/p>\n\n\n\n<p>Les chr\u00e9tiens ont donn\u00e9 \u00e0 cette f\u00eate un sens nouveau. La c\u00e9l\u00e9bration de la r\u00e9surrection du Christ qui est pass\u00e9 de la mort \u00e0 une vie nouvelle. Ainsi est devenue, pour les chr\u00e9tiens, le jour de la R\u00e9surrection de J\u00e9sus.<\/p>\n\n\n\n<p>Marie Madeleine, Pierre et Jean dont il est question dans l\u2019\u00e9vangile de ce jour, ainsi que les autres ap\u00f4tres, des femmes venues au tombeau, les disciples d'Emma\u00fcs et plus de 500 fr\u00e8res, r\u00e9v\u00e8le Saint Paul, (I Cor.15,6) t\u00e9moignent de cet \u00e9v\u00e8nement de la r\u00e9surrection de J\u00e9sus qui change le monde.<strong><em>\u00ab Marie Madeleine se rend au tombeau de grand matin ; il faisait encore sombre \u00bb.<\/em><\/strong>Elle est motiv\u00e9e par sa foi, son grand amour pour J\u00e9sus. Alors, elle peut briser la peur, avancer vite dans les t\u00e9n\u00e8bres et courir m\u00eame. C\u2019est ainsi qu\u2019\u00e0 la vue du tombeau vide \u00ab elle court donc trouver Simon Pierre et l\u2019autre disciple \u00bb.<\/p>\n\n\n\n<p>J\u00e9sus mort sur la croix a \u00e9t\u00e9 relev\u00e9 du tombeau par son P\u00e8re qui l\u2019a \u00e9tabli Seigneur sur tout l'univers et sur tous les \u00eatres vivants. Il devient, dira le P\u00e8re Teilhard De Chardin, le \u00ab Point Omega \u00bb qui attire tout \u00e0 lui et par qui toute la cr\u00e9ation rejoint Dieu le P\u00e8re. De cette nouveaut\u00e9 extraordinaire plus rien n\u2019est impossible d\u00e9sormais. La mort et la vie sont r\u00e9concili\u00e9es. Une vie nouvelle, une vie \u00ab pour Dieu \u00bb dit Saint Paul dans sa lettre au Romains (Rm. 6,10) apparait et dans cette vie le Christ nous y entra\u00eene.<\/p>\n\n\n\n<h3 class=\"wp-block-heading\">2. <strong>La Joie d\u2019\u00eatre associ\u00e9 \u00e0 la vie en Dieu.<\/strong><\/h3>\n\n\n\n<p>Le Christ ressuscit\u00e9 nous entraine dans vie en Dieu : une vie \u00e9ternelle. Comment ne pas \u00eatre dans la joie en r\u00e9alisant que nous sommes appel\u00e9s \u00e0 entrer avec lui dans la vie en pl\u00e9nitude qu\u2019il re\u00e7oit de Dieu et qu\u2019il nous communique?<strong>\u00ab Voici le jour que fit le Seigneur, qu\u2019il soit pour nous jour de f\u00eate et de joie !<\/strong> (Ps. 117.24).<\/p>\n\n\n\n<p>La <strong><em>joie de P\u00e2ques est une joie profonde<\/em><\/strong> qui touche tout l\u2019\u00eatre. Elle ne s\u2019entend pas seulement d\u2019une \u00e9motion passag\u00e8re. <strong><em>Elle est une fa\u00e7on d\u2019\u00eatre, on pourrait dire un \u00ab \u00e9tat de joie \u00bb.<\/em><\/strong>La joie de P\u00e2ques irradie la vie des personnes baptis\u00e9es, des croyants d'une lumi\u00e8re qui rayonne autour d\u2019elles. <strong><em>C\u2019est une joie qui a vaincu le doute et qui se vit sans crainte car elle a trouv\u00e9 la base o\u00f9 s\u2019appuyer fermement<\/em><\/strong>: <strong><em>: la r\u00e9surrection de J\u00e9sus.<\/em><\/strong>La vie des ap\u00f4tres apr\u00e8s la pentec\u00f4te nous offre des exemples \u00e9loquents.<\/p>\n\n\n\n<p>Le Christ ressuscit\u00e9 envoie le message que la <strong><em>vie vaut la peine d\u2019\u00eatre v\u00e9cue et que la mort n\u2019est qu\u2019un passage,<\/em><\/strong> <strong><em>car la vie \u00e0 la suite de J\u00e9sus d\u00e9bouche sur la vie \u00e9ternelle.<\/em><\/strong>Mort avec le Christ, nous vivons en lui. Saint Paul nous le rappelle en \u00e9crivant aux chr\u00e9tiens de Rome en ces termes \u00ab pensez que vous \u00eates morts au p\u00e9ch\u00e9, mais vivants pour Dieu en J\u00e9sus Christ \u00bb (Rm : 10, 11). Ce J\u00e9sus de Nazareth \u00e0 qui Dieu a donn\u00e9 \u00ab l\u2019onction de l\u2019Esprit et la puissance. L\u00e0 o\u00f9 il passait il faisait le bien et gu\u00e9rissait tous ceux qui \u00e9taient sous le pouvoir du diable car Dieu \u00e9tait avec lui \u00bb (Lecture 1).<\/p>\n\n\n\n<h3 class=\"wp-block-heading\">3. <strong>Droiture, service et v\u00e9rit\u00e9 : ferments nouveaux pour construire l\u2019esp\u00e9rance.<\/strong>.<\/h3>\n\n\n\n<p>C\u00e9l\u00e9brer P\u00e2ques, <strong><em>c\u00e9l\u00e9brer la r\u00e9surrection de J\u00e9sus, c\u2019est un appelle \u00e0 la transformation : se purifier des vieux ferments de perversit\u00e9 et du vice<\/em><\/strong> comme nous le rappelle St Paul (1Cor. 5.8). P\u00e2ques nous invite <strong><em>\u00e0 nous rev\u00eatir du Christ ressuscit\u00e9, de c\u00e9l\u00e9brer avec le ferment de la droiture, service et de v\u00e9rit\u00e9.<\/em><\/strong>Nous vivons dans un monde domin\u00e9 par la culture du mensonge, de l\u2019indiff\u00e9rence, de la mort, l\u2019\u00e9go\u00efsme, etc.<\/p>\n\n\n\n<p>Le Ressuscit\u00e9 nous lance un d\u00e9fi. Jeudi Saint nous l\u2019avons contempl\u00e9 se donner d\u2019abord dans l\u2019Eucharistie avant de se donner sur la croix. Par ces gestes in nous apprend comment lutter contre l\u2019\u00e9go\u00efsme, une vie auto-centrique qui nous aveugle et nous maintient dans une culture de la mort et l\u2019indiff\u00e9rence au d\u00e9triment d\u2019une vie Christocentrique, une vie qui voit Dieu, qui voit l\u2019autre en premier. R\u00e9pondant aux disciples il dit<strong><em>\u00ab si donc je vous ai lav\u00e9 les pieds, moi, le Seigneur et le Ma\u00eetre, vous devez aussi vous laver les pieds les uns aux autres. Car je vous ai donn\u00e9 un exemple, afin que vous fassiez comme je vous ai fait \u00bb<\/em><\/strong>(Jn. 13,14-15). Nous sommes invit\u00e9s \u00e0 imiter le Christ pour contribuer \u00e0 transformer notre soci\u00e9t\u00e9. Toute sa vie publique le Christ a mis le bien-\u00eatre de l\u2019homme au centre. Il dira qu\u2019il est venu pour que l\u2019\u00eatre humain ait la vie, vive pleinement en abondance (Jn. 10,10).<\/p>\n\n\n\n<p>Dans le R\u00e9seau AJAN, nous sommes au service de cette mission du Christ ; nos diff\u00e9rents minist\u00e8res aux cot\u00e9s des malades, des n\u00e9cessiteux, des vuln\u00e9rables et des jeunes sur le continent africain et ailleurs sont appel\u00e9s \u00e0 suivre le model du Christ. Nous sommes d\u00e9sormais ses pieds pour aller \u00e0 leurs rencontres, nous sommes ses mains pour les servir et leur offrir un appui n\u00e9cessaire, nous sommes sa t\u00eate pour penser les bonnes mani\u00e8res d\u2019agir, etc. Notre r\u00e9seau AJAN voudrait que nos initiatives, nos interventions contribuent \u00e0 faire du bien, \u00e0 relever l\u2019homme et construire davantage l\u2019humain dans son int\u00e9gralit\u00e9 sans exclure personne.<\/p>\n\n\n\n<p>Le Seigneur compte sur nous, sur chaque chr\u00e9tien pour \u00eatre porteurs de vie et de joie. Ils sont nombreux ceux et celles qui luttent contre la maladie, la souffrance physique ou morale, le d\u00e9sespoir. Ils ont besoin de nous pour retrouver le go\u00fbt de vivre. Notre attention et notre amiti\u00e9 ne doivent pas oublier ceux et celles que la vie \u00e9crase. Un accueil, un pardon donn\u00e9, une main tendue pour remettre debout peuvent provoquer un miracle de renaissance. Et, \u00e0 travers tout cela, une parole qui t\u00e9moignera de notre foi les aidera \u00e0 rencontrer le Christ ressuscit\u00e9.<\/p>\n\n\n\n<p>Prions en ce jour que chacun de nous prenne conscience de cette mission et qu\u2019\u00e0 l\u2019instar du Christ ressuscit\u00e9 nous apprenions \u00e0 parler plus par nos actes que par nos paroles. Que nos c\u0153urs soient ce lieu de rencontre entre l\u2019humain et le divin pour transformer notre monde, nos familles, nos lieux de travail, etc. en lieu de r\u00e9surrection. Amen.<\/p>","protected":false},"excerpt":{"rendered":"<p>Ref.&nbsp;&nbsp; Ac.: 10:34a, 37-43&nbsp;&nbsp;&nbsp; &nbsp;&nbsp;&nbsp;&nbsp;&nbsp; Ps 117 (118). 1&#8230; 23&nbsp;&nbsp; 1 Cor. 5:6b-8 &nbsp; Jn: 20:1-9 &#8220;To purify oneself from the old ferments of fear and become a new Passover&#8221; The Easter Sunday Reflection is given by, Fr. Matambura Ismael, SJ., AJAN Director On this Easter day, we celebrate the<\/p>\n<p><a class=\"sd-more sd-all-trans\" href=\"https:\/\/ajan.africa\/fr\/easter-sunday-reflection-year-b-march-31-2024\/#more-14131\">Lire la suite<\/a><\/p>","protected":false},"author":5,"featured_media":14134,"comment_status":"closed","ping_status":"open","sticky":false,"template":"","format":"standard","meta":{"om_disable_all_campaigns":false,"_monsterinsights_skip_tracking":false,"_monsterinsights_sitenote_active":false,"_monsterinsights_sitenote_note":"","_monsterinsights_sitenote_category":0,"footnotes":""},"categories":[62],"tags":[],"class_list":["post-14131","post","type-post","status-publish","format-standard","has-post-thumbnail","hentry","category-reflect-articles"],"aioseo_notices":[],"_links":{"self":[{"href":"https:\/\/ajan.africa\/fr\/wp-json\/wp\/v2\/posts\/14131","targetHints":{"allow":["GET"]}}],"collection":[{"href":"https:\/\/ajan.africa\/fr\/wp-json\/wp\/v2\/posts"}],"about":[{"href":"https:\/\/ajan.africa\/fr\/wp-json\/wp\/v2\/types\/post"}],"author":[{"embeddable":true,"href":"https:\/\/ajan.africa\/fr\/wp-json\/wp\/v2\/users\/5"}],"replies":[{"embeddable":true,"href":"https:\/\/ajan.africa\/fr\/wp-json\/wp\/v2\/comments?post=14131"}],"version-history":[{"count":0,"href":"https:\/\/ajan.africa\/fr\/wp-json\/wp\/v2\/posts\/14131\/revisions"}],"wp:featuredmedia":[{"embeddable":true,"href":"https:\/\/ajan.africa\/fr\/wp-json\/wp\/v2\/media\/14134"}],"wp:attachment":[{"href":"https:\/\/ajan.africa\/fr\/wp-json\/wp\/v2\/media?parent=14131"}],"wp:term":[{"taxonomy":"category","embeddable":true,"href":"https:\/\/ajan.africa\/fr\/wp-json\/wp\/v2\/categories?post=14131"},{"taxonomy":"post_tag","embeddable":true,"href":"https:\/\/ajan.africa\/fr\/wp-json\/wp\/v2\/tags?post=14131"}],"curies":[{"name":"wp","href":"https:\/\/api.w.org\/{rel}","templated":true}]}}