{"id":14343,"date":"2024-05-02T05:52:28","date_gmt":"2024-05-02T05:52:28","guid":{"rendered":"https:\/\/ajan.africa\/?p=14343"},"modified":"2024-05-03T11:19:36","modified_gmt":"2024-05-03T11:19:36","slug":"ahappy-training-activity-led-by-the-peer-educator-group-at-abe-burkina-faso","status":"publish","type":"post","link":"https:\/\/ajan.africa\/fr\/ahappy-training-activity-led-by-the-peer-educator-group-at-abe-burkina-faso\/","title":{"rendered":"Formation AHAPPY r\u00e9alis\u00e9e par le groupe de pairs \u00e9ducateurs \u00e0 l'ABE, Burkina Faso"},"content":{"rendered":"<div data-elementor-type=\"wp-post\" data-elementor-id=\"14343\" class=\"elementor elementor-14343\">\n\t\t\t\t\t\t<section class=\"elementor-section elementor-top-section elementor-element elementor-element-764bc962 elementor-section-boxed elementor-section-height-default elementor-section-height-default\" data-id=\"764bc962\" data-element_type=\"section\" data-e-type=\"section\">\n\t\t\t\t\t\t<div class=\"elementor-container elementor-column-gap-default\">\n\t\t\t\t\t<div class=\"elementor-column elementor-col-100 elementor-top-column elementor-element elementor-element-1363b105\" data-id=\"1363b105\" data-element_type=\"column\" data-e-type=\"column\">\n\t\t\t<div class=\"elementor-widget-wrap elementor-element-populated\">\n\t\t\t\t\t\t<div class=\"elementor-element elementor-element-42b61b21 elementor-widget elementor-widget-text-editor\" data-id=\"42b61b21\" data-element_type=\"widget\" data-e-type=\"widget\" data-widget_type=\"text-editor.default\">\n\t\t\t\t<div class=\"elementor-widget-container\">\n\t\t\t\t\t\t\t\t\t<div style=\"text-align:justify\" <br=\"\">\n\n<p>Les fruits de la formation des formateurs AHAPPY se r\u00e9alisent lorsque les individus nouvellement form\u00e9s transmettent avec succ\u00e8s leurs connaissances, leurs comp\u00e9tences et leur expertise \u00e0 d'autres. Le transfert de connaissances par les pairs \u00e9ducateurs r\u00e9cemment form\u00e9s, TONTEPAMBO Roger, COMPAORE Ghislain et ZONGO Diane, de l'\u00e9quipe AHAPPY de l'Association les B\u00e9n\u00e9voles de l\u2019Esp\u00e9rance (ABE) au Burkina Faso, refl\u00e8te l'influence positive du programme en amplifiant son impact et en abordant les d\u00e9fis sp\u00e9cifiques \u00e0 leurs contextes respectifs. L'\u00e9quipe d'AJAN tire la plus grande satisfaction lorsque la formation donne des r\u00e9sultats favorables, autonomise les individus et g\u00e9n\u00e8re un effet d'entra\u00eenement qui d\u00e9passe le groupe initial de stagiaires.<\/p>\n<p><\/p>\n<p><\/p>\n<p>D\u00e9couvrez les \u00e9chos de la de formation AHAPPY du groupe des pairs \u00e9ducateurs de l'ABE au Burkina Faso telle que document\u00e9e par TONTEPAMBO Roger.<\/p>\n<p><\/p>\n<p><\/p>\n<figure class=\"wp-block-image size-full\"><img fetchpriority=\"high\" decoding=\"async\" width=\"992\" height=\"744\" class=\"wp-image-14347\" src=\"https:\/\/ajan.africa\/wp-content\/uploads\/2024\/04\/WhatsApp-Image-2024-04-24-at-11.48.42-2.jpeg\" alt=\"\" srcset=\"https:\/\/ajan.africa\/wp-content\/uploads\/2024\/04\/WhatsApp-Image-2024-04-24-at-11.48.42-2.jpeg 992w, https:\/\/ajan.africa\/wp-content\/uploads\/2024\/04\/WhatsApp-Image-2024-04-24-at-11.48.42-2-300x225.jpeg 300w, https:\/\/ajan.africa\/wp-content\/uploads\/2024\/04\/WhatsApp-Image-2024-04-24-at-11.48.42-2-768x576.jpeg 768w, https:\/\/ajan.africa\/wp-content\/uploads\/2024\/04\/WhatsApp-Image-2024-04-24-at-11.48.42-2-16x12.jpeg 16w\" sizes=\"(max-width: 992px) 100vw, 992px\" \/><\/figure>\n<p><\/p>\n<p><\/p>\n<p>Dans le cadre de la mise en \u0153uvre de ses activit\u00e9s, le groupe des Pairs \u00e9ducateurs de l\u2019ABE Burkina a tenu une s\u00e9ance de sensibilisation et de formation au profit des jeunes du secteur 32 et 33 de la ville de Ouagadougou. La formation a eu lieu le dimanche 7 avril 2024 dans la salle de rencontre du presbyt\u00e8re de la paroisse Sainte Monique de Sondogo-Boassa. L\u2019activit\u00e9 a eu lieu gr\u00e2ce au concours de la S\u0153urs Adeline Loukouri, travaillant dans la pastorale des jeunes de la paroisse.<\/p>\n<p><\/p>\n<p><\/p>\n<p>La s\u00e9ance a d\u00e9but\u00e9 \u00e0 08h45 GMT par les salutations d'usage, la pri\u00e8re, une m\u00e9ditation de 10 minutes sur l'\u00c9vangile du jour et l'introduction des pairs \u00e9ducateurs. Au nombre de 3, nous avons commenc\u00e9 la pr\u00e9sentation des th\u00e8mes vers 09h00 GMT. La s\u00e9ance a dur\u00e9 2 heures et 30 minutes.<\/p>\n<p><\/p>\n<p><\/p>\n<figure class=\"wp-block-image size-full\"><img decoding=\"async\" width=\"992\" height=\"744\" class=\"wp-image-14348\" src=\"https:\/\/ajan.africa\/wp-content\/uploads\/2024\/04\/WhatsApp-Image-2024-04-20-at-00.30.37-2.jpeg\" alt=\"\" srcset=\"https:\/\/ajan.africa\/wp-content\/uploads\/2024\/04\/WhatsApp-Image-2024-04-20-at-00.30.37-2.jpeg 992w, https:\/\/ajan.africa\/wp-content\/uploads\/2024\/04\/WhatsApp-Image-2024-04-20-at-00.30.37-2-300x225.jpeg 300w, https:\/\/ajan.africa\/wp-content\/uploads\/2024\/04\/WhatsApp-Image-2024-04-20-at-00.30.37-2-768x576.jpeg 768w, https:\/\/ajan.africa\/wp-content\/uploads\/2024\/04\/WhatsApp-Image-2024-04-20-at-00.30.37-2-16x12.jpeg 16w\" sizes=\"(max-width: 992px) 100vw, 992px\" \/><\/figure>\n<p><\/p>\n<p><\/p>\n<p>Les jeunes ayant b\u00e9n\u00e9fici\u00e9 de cette formation \u00e9taient au nombre de 19, dont l'\u00e2ge est compris entre 18 et 27 ans. En plus de Soeur Adeline Loukouri, qui nous a remerci\u00e9s \u00e0 la fin pour l'initiative et les contenus tr\u00e8s enrichissants de la pr\u00e9sentation.<\/p>\n<p><\/p>\n<p><\/p>\n<p>L'objectif de cette activit\u00e9 \u00e9tait de partager avec les jeunes ce que nous avons appris lors des formations des formateurs tenues en octobre-novembre 2023 gr\u00e2ce \u00e0 AJAN et l'ABE. Par cette initiative, nous souhaitions que les jeunes prennent conscience de leurs potentialit\u00e9s, qu'ils r\u00e9alisent qu'ils sont \"bien-aim\u00e9s de Dieu, cr\u00e9\u00e9s \u00e0 son image\", qu'ils reconnaissent les dons que Dieu nous accorde et qu'ils apprennent \u00e0 agir avec intelligence, discernement et responsabilit\u00e9 dans leur environnement (famille, \u00e9cole, cercle d'amis, travail, ...). Nous voulions \u00e9galement, par cette activit\u00e9, d\u00e9construire les pr\u00e9jug\u00e9s sur les IST et le VIH\/SIDA, la consommation de drogue et d'alcool, afin de susciter une prise de conscience de ces fl\u00e9aux, de l'importance de les combattre et surtout d'adopter un comportement responsable envers soi-m\u00eame et envers les autres, sans aucune forme de discrimination.<\/p>\n<p><\/p>\n<p><\/p>\n<p>Les th\u00e8mes abord\u00e9s au cours de cette s\u00e9ance de formation et de sensibilisation sont :<\/p>\n<p><\/p>\n<p><\/p>\n<ul class=\"wp-block-list\"><p><\/p>\n<li><strong>L'\u00c9veil de conscience : <\/strong>\u00c0 travers ce th\u00e8me, nous avons expliqu\u00e9 aux jeunes qu'ils sont des cr\u00e9atures aim\u00e9es de Dieu, que l'acte de cr\u00e9ation est le fruit de l'amour de Dieu, qui a cr\u00e9\u00e9 la terre et l'homme, confiant la terre \u00e0 l'homme pour qu'il en prenne soin par son travail et puisse en jouir. Il incombe donc \u00e0 l'homme de prendre grand soin de ce merveilleux cadeau que Dieu nous a offert, et de ne faire que ce qui contribue \u00e0 promouvoir la vie, la joie et le bonheur durables.<\/li>\n<p><\/p>\n<p><\/p>\n<li><strong>Le monde et le mal :<\/strong> Dans ce module, nous avons organis\u00e9 des travaux de groupe avec les jeunes sur des questions d'actualit\u00e9 telles que les guerres, les maladies et les fl\u00e9aux qui affectent notre soci\u00e9t\u00e9. Ils devaient identifier, analyser et comprendre les causes, les manifestations et les r\u00e9percussions de ces maux sur notre soci\u00e9t\u00e9, et proposer des solutions. Ensuite, nous nous sommes r\u00e9unis pour partager les diff\u00e9rentes r\u00e9ponses. Nous avons ensuite abord\u00e9 le sujet du VIH\/SIDA, en discutant des modes de transmission, des facteurs favorisant la transmission du VIH, des moyens de transmission non associ\u00e9s, afin de dissiper toute confusion, et des m\u00e9thodes de pr\u00e9vention, tout en soulignant le taux d'inefficacit\u00e9 du pr\u00e9servatif et en pr\u00e9conisant l'abstinence. Nous avons \u00e9galement discut\u00e9 de la consommation de drogues et d'alcool, des fl\u00e9aux qui affectent notre jeunesse. Nous avons examin\u00e9 les facteurs qui peuvent conduire \u00e0 l'abus de drogues ou d'alcool, les cons\u00e9quences, les m\u00e9thodes de traitement et de pr\u00e9vention. Nous avons pass\u00e9 en revue les facteurs de risque et de vuln\u00e9rabilit\u00e9 chez les jeunes et discut\u00e9 des moyens de les pr\u00e9venir.<\/li>\n<p><\/p>\n<p><\/p>\n<li><strong>Les principes et les valeurs : <\/strong>Ce th\u00e8me avait pour but de doter les jeunes des moyens ad\u00e9quats pour fonder une vie responsable sur des valeurs morales, \u00e9thiques, humaines, religieuses, etc., afin de vivre pleinement leurs potentialit\u00e9s avec intelligence et responsabilit\u00e9, de s'aimer, d'aimer et de prot\u00e9ger les autres.<\/li>\n<p><\/p><\/ul>\n<p><\/p>\n<p><\/p>\n<p>C\u2019est vers 11h30 que nous avons mis fin \u00e0 l\u2019activit\u00e9 et avons b\u00e9n\u00e9fici\u00e9 de la c\u00e9l\u00e9bration d\u2019une messe avec le P\u00e8re Martin de Pores OUEDRAOGO, vicaire de la paroisse.<\/p>\n<p><\/p>\n<p><\/p>\n<p>Ce passage de la formation re\u00e7ue d\u2019AJAN nous a profond\u00e9ment marqu\u00e9s et est la force motrice derri\u00e8re nos activit\u00e9s ; \u00ab<em>CONSTRUIRE la personne de l\u2019INT\u00c9RIEUR afin qu\u2019avec la force de l\u2019int\u00e9rieur, aucune force ou pression ext\u00e9rieure ne puisse d\u00e9truire, influencer et d\u00e9sorienter cette personne. Que la personne soit LIB\u00c9R\u00c9E de toute INFLUENCE EXT\u00c9RIEURE et soit capable de prendre des D\u00c9CISIONS qui donnent et promeuvent la VIE en elle-m\u00eame et chez les autres. Donner vie !<\/em><\/p>\n<p><\/p>\n<p><\/p>\n<figure class=\"wp-block-image size-full\"><img decoding=\"async\" width=\"992\" height=\"744\" class=\"wp-image-14349\" src=\"https:\/\/ajan.africa\/wp-content\/uploads\/2024\/04\/WhatsApp-Image-2024-04-20-at-00.30.40.jpeg\" alt=\"\" srcset=\"https:\/\/ajan.africa\/wp-content\/uploads\/2024\/04\/WhatsApp-Image-2024-04-20-at-00.30.40.jpeg 992w, https:\/\/ajan.africa\/wp-content\/uploads\/2024\/04\/WhatsApp-Image-2024-04-20-at-00.30.40-300x225.jpeg 300w, https:\/\/ajan.africa\/wp-content\/uploads\/2024\/04\/WhatsApp-Image-2024-04-20-at-00.30.40-768x576.jpeg 768w, https:\/\/ajan.africa\/wp-content\/uploads\/2024\/04\/WhatsApp-Image-2024-04-20-at-00.30.40-16x12.jpeg 16w\" sizes=\"(max-width: 992px) 100vw, 992px\" \/><\/figure>\n<p><\/p>\n<p><\/p>\n<p>Pour l\u2019animation de cette formation, nous avons opt\u00e9 pour une m\u00e9thode participative en faisant travailler les participants par sous-groupe de 5 personnes sur des questions li\u00e9es aux diff\u00e9rents th\u00e8mes. Nous avons \u00e9galement pr\u00e9vu des pauses avec des jeux et des chants pour d\u00e9tendre l'atmosph\u00e8re.<\/p>\n<p><\/p>\n<p><\/p>\n<div class=\"wp-block-group is-nowrap is-layout-flex wp-container-core-group-is-layout-ad2f72ca wp-block-group-is-layout-flex\"><p><\/p>\n<figure class=\"wp-block-image size-full\"><img loading=\"lazy\" decoding=\"async\" width=\"744\" height=\"992\" class=\"wp-image-14350\" src=\"https:\/\/ajan.africa\/wp-content\/uploads\/2024\/04\/WhatsApp-Image-2024-04-24-at-11.48.41-1.jpeg\" alt=\"\" srcset=\"https:\/\/ajan.africa\/wp-content\/uploads\/2024\/04\/WhatsApp-Image-2024-04-24-at-11.48.41-1.jpeg 744w, https:\/\/ajan.africa\/wp-content\/uploads\/2024\/04\/WhatsApp-Image-2024-04-24-at-11.48.41-1-225x300.jpeg 225w, https:\/\/ajan.africa\/wp-content\/uploads\/2024\/04\/WhatsApp-Image-2024-04-24-at-11.48.41-1-9x12.jpeg 9w\" sizes=\"(max-width: 744px) 100vw, 744px\" \/><\/figure>\n<p><\/p>\n<p><\/p>\n<figure class=\"wp-block-image size-full\"><img loading=\"lazy\" decoding=\"async\" width=\"744\" height=\"992\" class=\"wp-image-14352\" src=\"https:\/\/ajan.africa\/wp-content\/uploads\/2024\/04\/WhatsApp-Image-2024-04-24-at-11.48.41-2-1.jpeg\" alt=\"\" srcset=\"https:\/\/ajan.africa\/wp-content\/uploads\/2024\/04\/WhatsApp-Image-2024-04-24-at-11.48.41-2-1.jpeg 744w, https:\/\/ajan.africa\/wp-content\/uploads\/2024\/04\/WhatsApp-Image-2024-04-24-at-11.48.41-2-1-225x300.jpeg 225w, https:\/\/ajan.africa\/wp-content\/uploads\/2024\/04\/WhatsApp-Image-2024-04-24-at-11.48.41-2-1-9x12.jpeg 9w\" sizes=\"(max-width: 744px) 100vw, 744px\" \/><\/figure>\n<p><\/p><\/div>\n<p><\/p>\n<p><\/p>\n<p>\u00c0 la fin, les participants ont pos\u00e9 des questions pour approfondir leur compr\u00e9hension des sujets abord\u00e9s, auxquelles nous avons r\u00e9pondu. Ensuite, les jeunes nous ont remerci\u00e9s pour le travail accompli et ont exprim\u00e9 leur joie quant aux th\u00e8mes abord\u00e9s et \u00e0 ce qu'ils ont appris.<\/p>\n<p><\/p>\n<p><\/p>\n<p style=\"font-size: 15px;\"><em>Publi\u00e9 par :<\/em><\/p>\n<p><\/p>\n<p><\/p>\n<p style=\"font-size: 15px;\"><strong>Dennis Owuoche,<\/strong><\/p>\n<p><\/p>\n<p><\/p>\n<p style=\"font-size: 15px;\">Charg\u00e9e de communication, AJAN<\/p>\n<p><\/p>\n<\/div>\t\t\t\t\t\t\t\t<\/div>\n\t\t\t\t<\/div>\n\t\t\t\t\t<\/div>\n\t\t<\/div>\n\t\t\t\t\t<\/div>\n\t\t<\/section>\n\t\t\t\t<\/div>","protected":false},"excerpt":{"rendered":"<p>The fruits of AHAPPY training of trainers are realized when the newly trained individuals successfully pass on their knowledge, skills, and expertise to others. The transfer of knowledge by recently trained peer educators TONTEPAMBO Roger, COMPAORE Ghislain, and ZONGO Diane from the AHAPPY team at Association les B\u00e9n\u00e9voles de l\u2019Esp\u00e9rance<\/p>\n<p><a class=\"sd-more sd-all-trans\" href=\"https:\/\/ajan.africa\/fr\/ahappy-training-activity-led-by-the-peer-educator-group-at-abe-burkina-faso\/#more-14343\">Lire la suite<\/a><\/p>","protected":false},"author":5,"featured_media":14345,"comment_status":"closed","ping_status":"open","sticky":false,"template":"","format":"standard","meta":{"om_disable_all_campaigns":false,"_monsterinsights_skip_tracking":false,"_monsterinsights_sitenote_active":false,"_monsterinsights_sitenote_note":"","_monsterinsights_sitenote_category":0,"footnotes":""},"categories":[98],"tags":[],"class_list":["post-14343","post","type-post","status-publish","format-standard","has-post-thumbnail","hentry","category-ajan-news-articles"],"aioseo_notices":[],"_links":{"self":[{"href":"https:\/\/ajan.africa\/fr\/wp-json\/wp\/v2\/posts\/14343","targetHints":{"allow":["GET"]}}],"collection":[{"href":"https:\/\/ajan.africa\/fr\/wp-json\/wp\/v2\/posts"}],"about":[{"href":"https:\/\/ajan.africa\/fr\/wp-json\/wp\/v2\/types\/post"}],"author":[{"embeddable":true,"href":"https:\/\/ajan.africa\/fr\/wp-json\/wp\/v2\/users\/5"}],"replies":[{"embeddable":true,"href":"https:\/\/ajan.africa\/fr\/wp-json\/wp\/v2\/comments?post=14343"}],"version-history":[{"count":0,"href":"https:\/\/ajan.africa\/fr\/wp-json\/wp\/v2\/posts\/14343\/revisions"}],"wp:featuredmedia":[{"embeddable":true,"href":"https:\/\/ajan.africa\/fr\/wp-json\/wp\/v2\/media\/14345"}],"wp:attachment":[{"href":"https:\/\/ajan.africa\/fr\/wp-json\/wp\/v2\/media?parent=14343"}],"wp:term":[{"taxonomy":"category","embeddable":true,"href":"https:\/\/ajan.africa\/fr\/wp-json\/wp\/v2\/categories?post=14343"},{"taxonomy":"post_tag","embeddable":true,"href":"https:\/\/ajan.africa\/fr\/wp-json\/wp\/v2\/tags?post=14343"}],"curies":[{"name":"wp","href":"https:\/\/api.w.org\/{rel}","templated":true}]}}