{"id":14715,"date":"2024-06-28T10:04:00","date_gmt":"2024-06-28T10:04:00","guid":{"rendered":"https:\/\/ajan.africa\/?p=14715"},"modified":"2024-06-28T10:04:43","modified_gmt":"2024-06-28T10:04:43","slug":"positive-outcomes-realized-from-the-coordination-meeting-with-municipal-coordination-committee-members-in-burundi","status":"publish","type":"post","link":"https:\/\/ajan.africa\/fr\/positive-outcomes-realized-from-the-coordination-meeting-with-municipal-coordination-committee-members-in-burundi\/","title":{"rendered":"R\u00e9sultats positifs obtenus lors de la r\u00e9union de coordination avec les membres du comit\u00e9 de coordination municipal au Burundi"},"content":{"rendered":"<p>Dans le cadre du Projet \u00ab TUBAKARORERO \u00bb mis en \u0153uvre dans la Province de Bujumbura par le Service Yezu Mwiza (SYM), en partenariat avec Care International et sous le soutien financier de l'Ambassade des Pays-Bas au Burundi, le SYM a organis\u00e9 une r\u00e9union de coordination r\u00e9unissant les les membres du Comit\u00e9 Municipal de Coordination dudit Projet. Cette activit\u00e9 a \u00e9t\u00e9 organis\u00e9e dans les communes de Mutimbuzi, Isare, Kabezi, Mutambu et Mugongomanga, respectivement les 7, 8, 10 et 13 mai 2024.<\/p>\n\n\n<div class=\"wp-block-image\">\n<figure class=\"aligncenter size-full\"><img fetchpriority=\"high\" decoding=\"async\" width=\"866\" height=\"573\" src=\"https:\/\/ajan.africa\/wp-content\/uploads\/2024\/06\/tub-1.jpg\" alt=\"\" class=\"wp-image-14716\" srcset=\"https:\/\/ajan.africa\/wp-content\/uploads\/2024\/06\/tub-1.jpg 866w, https:\/\/ajan.africa\/wp-content\/uploads\/2024\/06\/tub-1-300x198.jpg 300w, https:\/\/ajan.africa\/wp-content\/uploads\/2024\/06\/tub-1-768x508.jpg 768w, https:\/\/ajan.africa\/wp-content\/uploads\/2024\/06\/tub-1-18x12.jpg 18w\" sizes=\"(max-width: 866px) 100vw, 866px\" \/><figcaption class=\"wp-element-caption\"><em>Ouverture de la r\u00e9union de coordination par le Conseiller charg\u00e9 du d\u00e9veloppement de la Commune Mutambu<\/em>.<\/figcaption><\/figure>\n<\/div>\n\n\n<p>Les objectifs de ladite r\u00e9union \u00e9taient d'\u00e9valuer l'\u00e9tat des activit\u00e9s du projet dans les espaces de jeunes et dans les groupes de solidarit\u00e9 communautaire, d'identifier les principaux d\u00e9fis au niveau communautaire qui limitent l'adoption d'attitudes positives en SDSR chez les jeunes, la PF et la lutte contre Les VSBG au sein des couples et proposer des solutions ainsi que le r\u00f4le de chacun.<\/p>\n\n\n<div class=\"wp-block-image\">\n<figure class=\"aligncenter size-full is-resized\"><img decoding=\"async\" width=\"944\" height=\"594\" src=\"https:\/\/ajan.africa\/wp-content\/uploads\/2024\/06\/tub-2.jpg\" alt=\"\" class=\"wp-image-14717\" style=\"width:840px;height:auto\" srcset=\"https:\/\/ajan.africa\/wp-content\/uploads\/2024\/06\/tub-2.jpg 944w, https:\/\/ajan.africa\/wp-content\/uploads\/2024\/06\/tub-2-300x189.jpg 300w, https:\/\/ajan.africa\/wp-content\/uploads\/2024\/06\/tub-2-768x483.jpg 768w, https:\/\/ajan.africa\/wp-content\/uploads\/2024\/06\/tub-2-18x12.jpg 18w\" sizes=\"(max-width: 944px) 100vw, 944px\" \/><figcaption class=\"wp-element-caption\"><em>Le Chef de Projet au Service Yezu Mwiza qui a pr\u00e9sent\u00e9 les points de l'ordre du jour \u00e0 Mutimbuzi<\/em><\/figcaption><\/figure>\n<\/div>\n\n\n<p>A ce sujet, il a \u00e9t\u00e9 constat\u00e9 que gr\u00e2ce aux diff\u00e9rentes s\u00e9ances de sensibilisation organis\u00e9es respectivement dans les maisons de jeunes, les AVEC, les \u00e9coles et les \u00e9glises, les gens commencent \u00e0 changer leurs mentalit\u00e9s par rapport \u00e0 la PF. La demande de services li\u00e9s \u00e0 la SSR et \u00e0 l'adoption de m\u00e9thodes contraceptives de la part des prestataires de sant\u00e9 est en croissance, m\u00eame s'il existe des r\u00e9ticences chez les hommes dans certaines localit\u00e9s. Les grossesses non d\u00e9sir\u00e9es ainsi que les mariages pr\u00e9coces au sein des \u00e9coles ont consid\u00e9rablement diminu\u00e9, m\u00eame si un objectif consid\u00e9rable n'a pas \u00e9t\u00e9 atteint en raison de l'\u00e9loignement des centres de jeunesse et de l'impraticabilit\u00e9 des routes.<\/p>\n\n\n<div class=\"wp-block-image\">\n<figure class=\"aligncenter size-full\"><img decoding=\"async\" width=\"933\" height=\"584\" src=\"https:\/\/ajan.africa\/wp-content\/uploads\/2024\/06\/TUB-4.jpg\" alt=\"\" class=\"wp-image-14718\" srcset=\"https:\/\/ajan.africa\/wp-content\/uploads\/2024\/06\/TUB-4.jpg 933w, https:\/\/ajan.africa\/wp-content\/uploads\/2024\/06\/TUB-4-300x188.jpg 300w, https:\/\/ajan.africa\/wp-content\/uploads\/2024\/06\/TUB-4-768x481.jpg 768w, https:\/\/ajan.africa\/wp-content\/uploads\/2024\/06\/TUB-4-18x12.jpg 18w\" sizes=\"(max-width: 933px) 100vw, 933px\" \/><figcaption class=\"wp-element-caption\"><em>De jeunes volontaires Mutimbuzi d\u00e9montrant l'utilisation du kit id\u00e9es cube aux membres du comit\u00e9<\/em><\/figcaption><\/figure>\n<\/div>\n\n\n<p>Ce fut l'occasion d'\u00e9laborer un plan d'action pour le trimestre suivant avec la participation de tous les membres du comit\u00e9, impliquant \u00e9galement la participation des femmes et des filles aux activit\u00e9s du projet. A la fin de l'activit\u00e9, les membres du Comit\u00e9 de Coordination ont \u00e9galement propos\u00e9 des approches pour la p\u00e9rennisation et la p\u00e9rennisation des activit\u00e9s des Maisons de Jeunes et des AVEC apr\u00e8s le projet.<\/p>\n\n\n\n<p class=\"has-text-align-right translation-block\">Par  <em><strong>le charg\u00e9 de communication.<\/strong><\/em><\/p>\n\n\n\n<p class=\"has-text-align-right\">Service Yezu Mwiza (SYM)<\/p>","protected":false},"excerpt":{"rendered":"<p>In the framework of the \u201cTUBAKARORERO\u201d Project implemented in Bujumbura Province by the Service Yezu Mwiza (SYM), in partnership with Care International and under the financial support of the Embassy of the Netherlands in Burundi, SYM organized a meeting of coordination bringing together the members of the Municipal Coordination Committee<\/p>\n<p><a class=\"sd-more sd-all-trans\" href=\"https:\/\/ajan.africa\/fr\/positive-outcomes-realized-from-the-coordination-meeting-with-municipal-coordination-committee-members-in-burundi\/#more-14715\">Lire la suite<\/a><\/p>","protected":false},"author":5,"featured_media":14719,"comment_status":"closed","ping_status":"open","sticky":false,"template":"","format":"standard","meta":{"om_disable_all_campaigns":false,"_monsterinsights_skip_tracking":false,"_monsterinsights_sitenote_active":false,"_monsterinsights_sitenote_note":"","_monsterinsights_sitenote_category":0,"footnotes":""},"categories":[98],"tags":[],"class_list":["post-14715","post","type-post","status-publish","format-standard","has-post-thumbnail","hentry","category-ajan-news-articles"],"aioseo_notices":[],"_links":{"self":[{"href":"https:\/\/ajan.africa\/fr\/wp-json\/wp\/v2\/posts\/14715","targetHints":{"allow":["GET"]}}],"collection":[{"href":"https:\/\/ajan.africa\/fr\/wp-json\/wp\/v2\/posts"}],"about":[{"href":"https:\/\/ajan.africa\/fr\/wp-json\/wp\/v2\/types\/post"}],"author":[{"embeddable":true,"href":"https:\/\/ajan.africa\/fr\/wp-json\/wp\/v2\/users\/5"}],"replies":[{"embeddable":true,"href":"https:\/\/ajan.africa\/fr\/wp-json\/wp\/v2\/comments?post=14715"}],"version-history":[{"count":0,"href":"https:\/\/ajan.africa\/fr\/wp-json\/wp\/v2\/posts\/14715\/revisions"}],"wp:featuredmedia":[{"embeddable":true,"href":"https:\/\/ajan.africa\/fr\/wp-json\/wp\/v2\/media\/14719"}],"wp:attachment":[{"href":"https:\/\/ajan.africa\/fr\/wp-json\/wp\/v2\/media?parent=14715"}],"wp:term":[{"taxonomy":"category","embeddable":true,"href":"https:\/\/ajan.africa\/fr\/wp-json\/wp\/v2\/categories?post=14715"},{"taxonomy":"post_tag","embeddable":true,"href":"https:\/\/ajan.africa\/fr\/wp-json\/wp\/v2\/tags?post=14715"}],"curies":[{"name":"wp","href":"https:\/\/api.w.org\/{rel}","templated":true}]}}