{"id":14873,"date":"2024-08-01T07:05:41","date_gmt":"2024-08-01T07:05:41","guid":{"rendered":"https:\/\/ajan.africa\/?p=14873"},"modified":"2024-08-05T09:50:02","modified_gmt":"2024-08-05T09:50:02","slug":"unaids-2024-report-highlights-critical-hiv-disparity-among-young-women-in-sub-saharan-africa","status":"publish","type":"post","link":"https:\/\/ajan.africa\/fr\/unaids-2024-report-highlights-critical-hiv-disparity-among-young-women-in-sub-saharan-africa\/","title":{"rendered":"Le rapport 2024 de l\u2019ONUSIDA met en \u00e9vidence une disparit\u00e9 critique en mati\u00e8re de VIH chez les jeunes femmes en Afrique subsaharienne"},"content":{"rendered":"<p>Un nouveau rapport publi\u00e9 par l'ONUSIDA au cours de ce mois de juillet montre que l'incidence du VIH parmi les adolescentes et les jeunes femmes (\u00e2g\u00e9es de 15 \u00e0 24 ans) est de mani\u00e8re alarmante plus de trois fois sup\u00e9rieure \u00e0 celle parmi leurs homologues masculins dans de nombreux pays d'Afrique subsaharienne. Cette disparit\u00e9 flagrante, r\u00e9v\u00e9l\u00e9e dans le rapport de l\u2019ONUSIDA intitul\u00e9<a href=\"https:\/\/www.unaids.org\/en\/resources\/documents\/2024\/global-aids-update-2024\"> <strong>&#8220;The Urgency of Now: AIDS at a Crossroads \u2014 2024 Global AIDS Update,&#8221;<\/strong><\/a> exige notre attention et notre action imm\u00e9diate.<\/p>\n\n\n\n<p>En Afrique subsaharienne, les femmes et les filles repr\u00e9sentent 62 % de toutes les nouvelles infections par le VIH, tandis que plus de 73 % des nouvelles infections dans les autres r\u00e9gions concernent des hommes et des gar\u00e7ons. Chaque semaine, 4\u00a0000 adolescentes et jeunes femmes \u00e2g\u00e9es de 15 \u00e0 24 ans ont \u00e9t\u00e9 infect\u00e9es par le VIH en 2023 dans le monde, dont 3\u00a0100 en Afrique subsaharienne. Bien que les nouvelles infections par le VIH chez les enfants aient diminu\u00e9 de 62 % depuis 2010, les progr\u00e8s ont stagn\u00e9 ces derni\u00e8res ann\u00e9es. Les cibles 95-95-95 pour les enfants de 0 \u00e0 14 ans \u00e9taient respectivement de 66 %, 86 % et 84 %, contre 91 %, 91 % et 94 % pour les femmes.<\/p>\n\n\n\n<figure class=\"wp-block-image size-large\"><img fetchpriority=\"high\" decoding=\"async\" width=\"1024\" height=\"683\" src=\"https:\/\/ajan.africa\/wp-content\/uploads\/2024\/08\/DSC_6669-SYM-OCT-22-1024x683.jpg\" alt=\"\" class=\"wp-image-14887\" srcset=\"https:\/\/ajan.africa\/wp-content\/uploads\/2024\/08\/DSC_6669-SYM-OCT-22-1024x683.jpg 1024w, https:\/\/ajan.africa\/wp-content\/uploads\/2024\/08\/DSC_6669-SYM-OCT-22-300x200.jpg 300w, https:\/\/ajan.africa\/wp-content\/uploads\/2024\/08\/DSC_6669-SYM-OCT-22-768x512.jpg 768w, https:\/\/ajan.africa\/wp-content\/uploads\/2024\/08\/DSC_6669-SYM-OCT-22-18x12.jpg 18w, https:\/\/ajan.africa\/wp-content\/uploads\/2024\/08\/DSC_6669-SYM-OCT-22.jpg 1200w\" sizes=\"(max-width: 1024px) 100vw, 1024px\" \/><figcaption class=\"wp-element-caption\"><em>Le Service Yezu Mwiza (SYM) au Burundi fournit des services de sant\u00e9 mobiles aux femmes des villages, en accompagnant les personnes vivant avec le VIH.<\/em><\/figcaption><\/figure>\n\n\n\n<p>Les in\u00e9galit\u00e9s entre les sexes, l\u2019acc\u00e8s diff\u00e9rentiel aux services et la violence sexuelle accroissent la vuln\u00e9rabilit\u00e9 des femmes au VIH, et les femmes, en particulier les plus jeunes, sont biologiquement plus sensibles au VIH. Selon l\u2019ONUSIDA, 1,3 million de personnes ont \u00e9t\u00e9 infect\u00e9es par le VIH en 2023, soit trois fois plus que l\u2019objectif de moins de 370 000 d\u2019ici 2025. Si des progr\u00e8s notables ont \u00e9t\u00e9 r\u00e9alis\u00e9s en Afrique subsaharienne, pour la premi\u00e8re fois en 2023, plus de la moiti\u00e9 des nouvelles infections par le VIH se sont produites hors de l\u2019Afrique subsaharienne. Les jeunes en particulier continuent de se heurter \u00e0 des obstacles pour acc\u00e9der aux services de sant\u00e9 sexuelle et reproductive et de lutte contre le VIH, notamment \u00e0 une \u00e9ducation sexuelle compl\u00e8te adapt\u00e9e \u00e0 leur \u00e2ge. Plus d\u2019un tiers (36 %) des adolescents plus \u00e2g\u00e9s, \u00e2g\u00e9s de 15 \u00e0 19 ans, vivant avec le VIH n\u2019\u00e9taient pas sous traitement en 2023. Ces disparit\u00e9s soulignent le besoin urgent d\u2019interventions cibl\u00e9es et de nouveaux efforts pour lutter contre le VIH\/sida.<\/p>\n\n\n\n<p>L'UNICEF estime que 34 millions de filles en Afrique subsaharienne ne sont pas scolaris\u00e9es dans le secondaire. Selon le Rapport mondial de suivi sur l'\u00e9ducation (GEM) 2023, dans toutes les r\u00e9gions d'Afrique, il y a plus de filles non scolaris\u00e9es que de gar\u00e7ons dans le secondaire, les disparit\u00e9s entre les sexes s'aggravant \u00e0 mesure que les enfants acc\u00e8dent aux niveaux d'enseignement sup\u00e9rieurs en faveur des gar\u00e7ons. filles. En Afrique subsaharienne, moins de la moiti\u00e9 des adolescentes ach\u00e8vent leurs \u00e9tudes secondaires, leur pourcentage s'\u00e9levant \u00e0 42 %, et aucun progr\u00e8s n'a \u00e9t\u00e9 r\u00e9alis\u00e9 pour combler cet \u00e9cart au cours des 20 derni\u00e8res ann\u00e9es.  L\u2019Afrique subsaharienne est la r\u00e9gion la plus \u00e9loign\u00e9e de la parit\u00e9 au d\u00e9triment des filles, avec aucun progr\u00e8s depuis 2011 au premier cycle du secondaire et depuis 2014 au deuxi\u00e8me cycle du secondaire.<\/p>\n\n\n\n<p>Le rapport de l\u2019ONUSIDA indique que \u00ab la riposte mondiale au sida se trouve \u00e0 la crois\u00e9e des chemins \u00bb, et que son succ\u00e8s ou son \u00e9chec d\u00e9pendra de la capacit\u00e9 des \u00ab chefs religieux et des communaut\u00e9s religieuses \u00e0 remettre en question les normes, attitudes et pratiques soci\u00e9tales qui perp\u00e9tuent les in\u00e9galit\u00e9s, telles que la violence sexuelle et sexiste ou la stigmatisation et la discrimination \u00bb. Les organisations confessionnelles, qui fournissent 30 \u00e0 70 % des services de sant\u00e9 dans certains pays africains, ont une port\u00e9e et une influence consid\u00e9rables. Cependant, la stigmatisation et la discrimination restent des obstacles majeurs \u00e0 l\u2019\u00e9radication du sida en tant que menace pour la sant\u00e9 publique d\u2019ici 2030, en particulier dans ces contextes.<\/p>\n\n\n\n<p>En outre, le rapport r\u00e9v\u00e8le que dans 15 des 19 pays ayant fait rapport \u00e0 l\u2019ONUSIDA au cours des cinq derni\u00e8res ann\u00e9es, plus de 10 % des personnes qui s\u2019injectent des drogues ont \u00e9vit\u00e9 les services de sant\u00e9 au cours de l\u2019ann\u00e9e \u00e9coul\u00e9e en raison de la stigmatisation et de la discrimination.<\/p>\n\n\n\n<p>En Afrique, AJAN, un r\u00e9seau de j\u00e9suites et de leurs collaborateurs en Afrique subsaharienne, s\u2019attaque activement aux d\u00e9fis pos\u00e9s par le VIH et le sida. AJAN travaille avec 20 centres locaux dans 18 pays, offrant une gamme de services, notamment des conseils pastoraux, des soins \u00e0 domicile, des activit\u00e9s g\u00e9n\u00e9ratrices de revenus et un soutien \u00e9ducatif, m\u00e9dical et nutritionnel. La pr\u00e9vention du VIH est essentielle \u00e0 leurs efforts, qu\u2019ils encouragent par l\u2019\u00e9ducation fond\u00e9e sur les valeurs, la pr\u00e9vention de la transmission de la m\u00e8re \u00e0 l\u2019enfant et des services de d\u00e9pistage, en particulier aupr\u00e8s des jeunes.<\/p>\n\n\n\n<div class=\"wp-block-group is-nowrap is-layout-flex wp-container-core-group-is-layout-ad2f72ca wp-block-group-is-layout-flex\">\n<figure class=\"wp-block-image size-full\"><img decoding=\"async\" width=\"532\" height=\"268\" src=\"https:\/\/ajan.africa\/wp-content\/uploads\/2024\/08\/Sensibilisation-en-milieu-extra-scolaire.jpg\" alt=\"\" class=\"wp-image-14897\" srcset=\"https:\/\/ajan.africa\/wp-content\/uploads\/2024\/08\/Sensibilisation-en-milieu-extra-scolaire.jpg 532w, https:\/\/ajan.africa\/wp-content\/uploads\/2024\/08\/Sensibilisation-en-milieu-extra-scolaire-300x151.jpg 300w, https:\/\/ajan.africa\/wp-content\/uploads\/2024\/08\/Sensibilisation-en-milieu-extra-scolaire-18x9.jpg 18w, https:\/\/ajan.africa\/wp-content\/uploads\/2024\/08\/Sensibilisation-en-milieu-extra-scolaire-266x135.jpg 266w\" sizes=\"(max-width: 532px) 100vw, 532px\" \/><\/figure>\n\n\n\n<figure class=\"wp-block-image size-large is-resized\"><img decoding=\"async\" width=\"1024\" height=\"461\" src=\"https:\/\/ajan.africa\/wp-content\/uploads\/2024\/08\/Depistage3-1024x461.jpg\" alt=\"\" class=\"wp-image-14896\" style=\"width:427px;height:auto\" srcset=\"https:\/\/ajan.africa\/wp-content\/uploads\/2024\/08\/Depistage3-1024x461.jpg 1024w, https:\/\/ajan.africa\/wp-content\/uploads\/2024\/08\/Depistage3-300x135.jpg 300w, https:\/\/ajan.africa\/wp-content\/uploads\/2024\/08\/Depistage3-768x346.jpg 768w, https:\/\/ajan.africa\/wp-content\/uploads\/2024\/08\/Depistage3-18x8.jpg 18w, https:\/\/ajan.africa\/wp-content\/uploads\/2024\/08\/Depistage3.jpg 1160w\" sizes=\"(max-width: 1024px) 100vw, 1024px\" \/><\/figure>\n<\/div>\n\n\n\n<p><em>Le Centre Sociaux Loyola (CSL) au Togo, l'un des centres de base d'AJAN, accompagne les personnes vuln\u00e9rables, les jeunes femmes, les jeunes et les personnes vivant avec le VIH (PVVIH) en effectuant des sensibilisations sur le SIDA et des tests de d\u00e9pistage du VIH.<\/em><\/p>\n\n\n\n<p class=\"translation-block\">Le P. Jos\u00e9 Minaku SJ, pr\u00e9sident de la Conf\u00e9rence j\u00e9suite d\u2019Afrique et de Madagascar (JCAM), a d\u00e9clar\u00e9 lors de l\u2019Assembl\u00e9e g\u00e9n\u00e9rale de l\u2019AJAN 2023 : \u00ab Malgr\u00e9 l\u2019adversit\u00e9 \u00e0 laquelle nous sommes confront\u00e9s, comme les effets d\u00e9vastateurs du VIH\/SIDA et d\u2019autres probl\u00e8mes de sant\u00e9 caus\u00e9s par l\u2019extr\u00eame pauvret\u00e9, nous restons fermes dans notre d\u00e9termination \u00e0 trouver des solutions. Notre r\u00e9silience t\u00e9moigne de notre esprit d\u00e9termin\u00e9, et nous pers\u00e9v\u00e9rerons. Ce combat appelle \u00ab les c\u0153urs humains \u00e0 s\u2019ouvrir, \u00e0 ne pas rester derri\u00e8re des certitudes intellectuelles et culturelles \u00bb (Jean Vanier, Pr\u00e9face \u00e0 Fragilit\u00e9). Nous devons tenir compte des donn\u00e9es objectives pour imaginer de nouvelles strat\u00e9gies et r\u00e9ussir. Notre chemin continue malgr\u00e9 les obstacles qui nous attendent. La demande pour nos services augmente et nous devons rester r\u00e9solus dans la poursuite de cette cause. Soyons un phare d\u2019espoir, faisant briller une lumi\u00e8re dans l\u2019obscurit\u00e9 et gardant toujours en vue notre objectif ultime. \u00bb<\/p>\n\n\n\n<p>Lors de l\u2019Assembl\u00e9e AJAN 2024, le P\u00e8re Ismael Matambura SJ, Directeur d\u2019AJAN, a d\u00e9clar\u00e9 : \u00ab Les jeunes femmes et les filles sont les plus touch\u00e9es parmi ces personnes, et les jeunes repr\u00e9sentent \u00e9galement une part importante des nouvelles infections au VIH. Notre mission est de nous assurer que nous prot\u00e9geons les jeunes et que nous pouvons soutenir ce qu\u2019ils font en termes de cr\u00e9ativit\u00e9 et d\u2019initiative. Ce n\u2019est pas une option mais une obligation pour nous de nous concentrer sur les jeunes. \u00bb<\/p>\n\n\n\n<figure class=\"wp-block-image size-full\"><img loading=\"lazy\" decoding=\"async\" width=\"999\" height=\"661\" src=\"https:\/\/ajan.africa\/wp-content\/uploads\/2024\/08\/SYM-3-OCT-22.jpg\" alt=\"\" class=\"wp-image-14890\" srcset=\"https:\/\/ajan.africa\/wp-content\/uploads\/2024\/08\/SYM-3-OCT-22.jpg 999w, https:\/\/ajan.africa\/wp-content\/uploads\/2024\/08\/SYM-3-OCT-22-300x198.jpg 300w, https:\/\/ajan.africa\/wp-content\/uploads\/2024\/08\/SYM-3-OCT-22-768x508.jpg 768w, https:\/\/ajan.africa\/wp-content\/uploads\/2024\/08\/SYM-3-OCT-22-18x12.jpg 18w\" sizes=\"(max-width: 999px) 100vw, 999px\" \/><figcaption class=\"wp-element-caption\"><em>Service Yezu Mwiza (SYM) au Burundi, l'un des centres de base d'AJAN, effectue des tests de d\u00e9pistage du VIH et accompagne les personnes vivant avec le VIH (PVVIH) au Burundi. <\/em><\/figcaption><\/figure>\n\n\n\n<p>Aujourd\u2019hui, nous nous souvenons de l\u2019accent mis par le pape Fran\u00e7ois sur la solidarit\u00e9 dans Fratelli Tutti : \u00ab prendre soin de la vuln\u00e9rabilit\u00e9, des membres vuln\u00e9rables de nos familles, de notre soci\u00e9t\u00e9, de notre peuple \u00bb, tout en se r\u00e9f\u00e9rant \u00e0 la parabole du bon Samaritain, \u00ab aider les autres \u00e0 se sentir mieux et \u00e0 se sentir mieux \u00bb. La parabole pr\u00e9sente avec \u00e9loquence la d\u00e9cision fondamentale que nous devons prendre pour reconstruire notre monde bless\u00e9. Face \u00e0 tant de douleur et de souffrance, notre seule solution est d\u2019imiter le bon Samaritain. Toute autre d\u00e9cision nous ferait passer pour l\u2019un des brigands ou pour l\u2019un de ceux qui passent sans montrer de compassion pour les souffrances de l\u2019homme au bord de la route. La parabole nous montre comment une communaut\u00e9 peut \u00eatre reconstruite par des hommes et des femmes qui s\u2019identifient \u00e0 la vuln\u00e9rabilit\u00e9 des autres, qui refusent la cr\u00e9ation d\u2019une soci\u00e9t\u00e9 d\u2019exclusion et agissent plut\u00f4t comme des voisins, en relevant et en r\u00e9habilitant ceux qui sont tomb\u00e9s pour le bien commun. En m\u00eame temps, elle nous met en garde contre l\u2019attitude de ceux qui ne pensent qu\u2019\u00e0 eux-m\u00eames et n\u2019assument pas les in\u00e9vitables responsabilit\u00e9s de la vie telle qu\u2019elle est.<\/p>\n\n\n\n<p>Alors que la r\u00e9ponse mondiale au sida se trouve \u00e0 la crois\u00e9e des chemins, AJAN continue d\u2019insuffler de l\u2019espoir \u00e0 ceux qui se sentent d\u00e9sesp\u00e9r\u00e9s, offrant ainsi de l\u2019espoir \u00e0 l\u2019Afrique dans son ensemble. En collaboration avec nos partenaires, nous continuons \u00e0 atteindre ceux qui sont en marge de la soci\u00e9t\u00e9 et ceux qui comptent sur nous pour obtenir de l\u2019aide. Nous sommes appel\u00e9s \u00e0 approfondir nos liens avec les jeunes et les personnes vuln\u00e9rables, en faisant preuve de r\u00e9silience et d\u2019optimisme pour un avenir rempli d\u2019espoir.<\/p>\n\n\n\n<p class=\"translation-block\">Cliquez ici pour consulter la <strong><a href=\"https:\/\/ajan.africa\/fr\/3d-flip-book\/hiv-global-fact-sheet-2024\/\" target=\"_self\">Fiche d'information ONUSIDA 2024<\/a><\/strong><\/p>\n\n\n\n<p class=\"translation-block\">Cliquez pour voir les <strong><a href=\"https:\/\/ajan.africa\/fr\/3d-flip-book\/hiv-statistics-global-and-regional-trends-unicef-data-2024\/\" target=\"_self\">Statistiques r\u00e9gionales de l'UNICEF sur le VIH 2024<\/a><\/strong><\/p>\n\n\n\n<p class=\"has-text-align-right translation-block\"><strong><em>Par,<\/em><\/strong><em>\u00a0Dennis Owuoche,<\/em><\/p>\n\n\n\n<p class=\"has-text-align-right\">Charg\u00e9e de communication, AJAN<\/p>","protected":false},"excerpt":{"rendered":"<p>A new report released by UNAIDS in the month of July shows that the HIV incidence among adolescent girls and young women (ages 15-24) is alarmingly more than three times higher than that among their male counterparts in many countries in sub-Saharan Africa. This stark disparity, revealed in the UNAIDS<\/p>\n<p><a class=\"sd-more sd-all-trans\" href=\"https:\/\/ajan.africa\/fr\/unaids-2024-report-highlights-critical-hiv-disparity-among-young-women-in-sub-saharan-africa\/#more-14873\">Lire la suite<\/a><\/p>","protected":false},"author":155,"featured_media":14876,"comment_status":"closed","ping_status":"open","sticky":false,"template":"","format":"standard","meta":{"om_disable_all_campaigns":false,"_monsterinsights_skip_tracking":false,"_monsterinsights_sitenote_active":false,"_monsterinsights_sitenote_note":"","_monsterinsights_sitenote_category":0,"footnotes":""},"categories":[132],"tags":[],"class_list":["post-14873","post","type-post","status-publish","format-standard","has-post-thumbnail","hentry","category-hiv-aids-updates"],"aioseo_notices":[],"_links":{"self":[{"href":"https:\/\/ajan.africa\/fr\/wp-json\/wp\/v2\/posts\/14873","targetHints":{"allow":["GET"]}}],"collection":[{"href":"https:\/\/ajan.africa\/fr\/wp-json\/wp\/v2\/posts"}],"about":[{"href":"https:\/\/ajan.africa\/fr\/wp-json\/wp\/v2\/types\/post"}],"author":[{"embeddable":true,"href":"https:\/\/ajan.africa\/fr\/wp-json\/wp\/v2\/users\/155"}],"replies":[{"embeddable":true,"href":"https:\/\/ajan.africa\/fr\/wp-json\/wp\/v2\/comments?post=14873"}],"version-history":[{"count":0,"href":"https:\/\/ajan.africa\/fr\/wp-json\/wp\/v2\/posts\/14873\/revisions"}],"wp:featuredmedia":[{"embeddable":true,"href":"https:\/\/ajan.africa\/fr\/wp-json\/wp\/v2\/media\/14876"}],"wp:attachment":[{"href":"https:\/\/ajan.africa\/fr\/wp-json\/wp\/v2\/media?parent=14873"}],"wp:term":[{"taxonomy":"category","embeddable":true,"href":"https:\/\/ajan.africa\/fr\/wp-json\/wp\/v2\/categories?post=14873"},{"taxonomy":"post_tag","embeddable":true,"href":"https:\/\/ajan.africa\/fr\/wp-json\/wp\/v2\/tags?post=14873"}],"curies":[{"name":"wp","href":"https:\/\/api.w.org\/{rel}","templated":true}]}}