{"id":15003,"date":"2024-08-12T19:30:35","date_gmt":"2024-08-12T19:30:35","guid":{"rendered":"https:\/\/ajan.africa\/?p=15003"},"modified":"2024-08-27T09:09:05","modified_gmt":"2024-08-27T09:09:05","slug":"ahappy-training-of-trainers-for-youth-leaders-from-the-catholic-diocese-of-isiolo","status":"publish","type":"post","link":"https:\/\/ajan.africa\/fr\/ahappy-training-of-trainers-for-youth-leaders-from-the-catholic-diocese-of-isiolo\/","title":{"rendered":"Formation de formateurs AHAPPY pour les jeunes leaders du dioc\u00e8se catholique d'Isiolo au Kenya"},"content":{"rendered":"<p>Du 12 au 16 ao\u00fbt 2024, le R\u00e9seau j\u00e9suite africain de lutte contre le sida (AJAN) a organis\u00e9 une formation de 5 jours pour les formateurs sur le programme de pr\u00e9vention du VIH et du sida pour les jeunes (AHAPPY) de l'AJAN. La formation qui a eu lieu au centre pastoral d'Isiolo a \u00e9t\u00e9 suivie par 32 jeunes leaders du dioc\u00e8se catholique d'Isiolo repr\u00e9sentant 10 des 15 paroisses des dioc\u00e8ses catholiques d'Isiolo. La formation fait suite \u00e0 une formation r\u00e9ussie pour les jeunes leaders du dioc\u00e8se catholique de Marsabit qui a \u00e9t\u00e9 men\u00e9e en juin 2024.<\/p>\n\n\n\n<figure class=\"wp-block-image size-large\"><img fetchpriority=\"high\" decoding=\"async\" width=\"1024\" height=\"577\" src=\"https:\/\/ajan.africa\/wp-content\/uploads\/2024\/08\/DSC07873-1024x577.jpg\" alt=\"\" class=\"wp-image-15012\" srcset=\"https:\/\/ajan.africa\/wp-content\/uploads\/2024\/08\/DSC07873-1024x577.jpg 1024w, https:\/\/ajan.africa\/wp-content\/uploads\/2024\/08\/DSC07873-300x169.jpg 300w, https:\/\/ajan.africa\/wp-content\/uploads\/2024\/08\/DSC07873-768x432.jpg 768w, https:\/\/ajan.africa\/wp-content\/uploads\/2024\/08\/DSC07873-1536x865.jpg 1536w, https:\/\/ajan.africa\/wp-content\/uploads\/2024\/08\/DSC07873-18x10.jpg 18w, https:\/\/ajan.africa\/wp-content\/uploads\/2024\/08\/DSC07873-274x155.jpg 274w, https:\/\/ajan.africa\/wp-content\/uploads\/2024\/08\/DSC07873.jpg 1920w\" sizes=\"(max-width: 1024px) 100vw, 1024px\" \/><figcaption class=\"wp-element-caption translation-block\"><em>Mme Pascalia Sergon, Responsable du renforcement des capacit\u00e9s d'AJAN et facilitatrice AHAPPY lors de la session de formation<\/em> <em>le premier jour<\/em>.<\/figcaption><\/figure>\n\n\n\n<p>La formation organis\u00e9e par AJAN en collaboration avec le bureau de l'aum\u00f4nerie des jeunes du dioc\u00e8se catholique d'Isiolo a permis aux jeunes d'acqu\u00e9rir des connaissances et des comp\u00e9tences en mati\u00e8re de d\u00e9couverte de soi, d'entrepreneuriat social, d'autonomisation des jeunes et d'accompagnement des jeunes du dioc\u00e8se. La formation a \u00e9t\u00e9 dispens\u00e9e par 5 animateurs : Mme Pascalia Sergon, Mme Samantha Waki, Mme Lucy Monari, M. Dennis Owuoche et Fernando Nimbu SJ.<\/p>\n\n\n\n<p>La premi\u00e8re journ\u00e9e de formation n\u2019aurait pas pu mieux commencer, les jeunes ayant expos\u00e9 leurs attentes concernant la formation, la plupart d\u2019entre eux d\u00e9clarant qu\u2019ils s\u2019attendaient \u00e0 acqu\u00e9rir de nouvelles connaissances et comp\u00e9tences, \u00e0 \u00e9tablir de nouveaux r\u00e9seaux, \u00e0 collaborer avec leurs camarades jeunes et en m\u00eame temps \u00e0 s\u2019amuser tout en apprenant. Avec autant d\u2019enthousiasme et d\u2019ouverture \u00e0 l\u2019acquisition de nouvelles connaissances, Mme Pascalia a continu\u00e9 et a expliqu\u00e9 en quoi consistait le programme AHAPPY. Pendant les cinq jours de formation, les participants ont \u00e9t\u00e9 guid\u00e9s \u00e0 travers les cinq modules du manuel AHAPPY, \u00e0 savoir : Module A ; S\u2019\u00e9veiller \u00e0 moi-m\u00eame, Module B ; Ce monde dans lequel je vis, Module C ; Faire face \u00e0 un monde avec le VIH et le SIDA, Module D ; Se conna\u00eetre pour grandir, et Module E ; Les fondations sur lesquelles je construis ma vie.<\/p>\n\n\n\n<figure class=\"wp-block-image size-large\"><img decoding=\"async\" width=\"1024\" height=\"577\" src=\"https:\/\/ajan.africa\/wp-content\/uploads\/2024\/08\/DSC07732-1024x577.jpg\" alt=\"\" class=\"wp-image-15014\" srcset=\"https:\/\/ajan.africa\/wp-content\/uploads\/2024\/08\/DSC07732-1024x577.jpg 1024w, https:\/\/ajan.africa\/wp-content\/uploads\/2024\/08\/DSC07732-300x169.jpg 300w, https:\/\/ajan.africa\/wp-content\/uploads\/2024\/08\/DSC07732-768x432.jpg 768w, https:\/\/ajan.africa\/wp-content\/uploads\/2024\/08\/DSC07732-1536x865.jpg 1536w, https:\/\/ajan.africa\/wp-content\/uploads\/2024\/08\/DSC07732-18x10.jpg 18w, https:\/\/ajan.africa\/wp-content\/uploads\/2024\/08\/DSC07732-274x155.jpg 274w, https:\/\/ajan.africa\/wp-content\/uploads\/2024\/08\/DSC07732.jpg 1920w\" sizes=\"(max-width: 1024px) 100vw, 1024px\" \/><figcaption class=\"wp-element-caption translation-block\"><em>Mme Samantha Waki, l'une des facilitatrices du programme AHAPPY<\/em> <em>durant la session de formation<\/em> <em>le premier jour<\/em>.<\/figcaption><\/figure>\n\n\n\n<p class=\"translation-block\">Fran\u00e7ais Apr\u00e8s l'introduction, les animatrices Mme Lucy, Mme Samantha et Fernando ont guid\u00e9 les participants \u00e0 travers le premier module : L'\u00e9veil \u00e0 moi-m\u00eame ; o\u00f9 les participants ont \u00e9t\u00e9 amen\u00e9s \u00e0 comprendre qui ils sont, plus sur la cr\u00e9ation de l'\u00eatre humain, leurs r\u00f4les et responsabilit\u00e9s sur terre et comment ils sont cens\u00e9s vivre par eux-m\u00eames et par les autres dans la soci\u00e9t\u00e9. En utilisant la fen\u00eatre de Johari, un cadre cr\u00e9\u00e9 par les psychologues\u00a0<strong>Joseph Luft (1916-2014) et Harrington Ingham (1916-1995)<\/strong> comme outil d'orientation, les participants ont \u00e9t\u00e9 guid\u00e9s \u00e0 travers les quatre fen\u00eatres pour les aider dans leur parcours de conscience de soi et, pour r\u00e9sumer, juste ; La fen\u00eatre de Johari est divis\u00e9e en quatre quadrants : la zone ouverte (les choses que vous savez sur vous-m\u00eame), la zone aveugle (les choses que vous ne savez pas sur vous-m\u00eame, mais que les autres savent), la zone cach\u00e9e (les choses que vous savez sur vous-m\u00eame, mais que vous gardez cach\u00e9es) et la zone inconnue (les choses qui sont inconnues de vous et des autres). Toutes les connaissances acquises \u00e0 partir du cadre aideraient ensuite les participants \u00e0 prendre une d\u00e9cision \u00e9clair\u00e9e sur le monde dans lequel ils vivent, une discussion serait alors suscit\u00e9e sur le bien et le mal qui existe dans le monde et pourquoi ils devraient \u00eatre responsables dans les choix qu'ils font dans la vie.<\/p>\n\n\n\n<figure class=\"wp-block-image size-large\"><img decoding=\"async\" width=\"1024\" height=\"577\" src=\"https:\/\/ajan.africa\/wp-content\/uploads\/2024\/08\/DSC07783-1024x577.jpg\" alt=\"\" class=\"wp-image-15015\" srcset=\"https:\/\/ajan.africa\/wp-content\/uploads\/2024\/08\/DSC07783-1024x577.jpg 1024w, https:\/\/ajan.africa\/wp-content\/uploads\/2024\/08\/DSC07783-300x169.jpg 300w, https:\/\/ajan.africa\/wp-content\/uploads\/2024\/08\/DSC07783-768x432.jpg 768w, https:\/\/ajan.africa\/wp-content\/uploads\/2024\/08\/DSC07783-1536x865.jpg 1536w, https:\/\/ajan.africa\/wp-content\/uploads\/2024\/08\/DSC07783-18x10.jpg 18w, https:\/\/ajan.africa\/wp-content\/uploads\/2024\/08\/DSC07783-274x155.jpg 274w, https:\/\/ajan.africa\/wp-content\/uploads\/2024\/08\/DSC07783.jpg 1920w\" sizes=\"(max-width: 1024px) 100vw, 1024px\" \/><\/figure>\n\n\n\n<p>Le deuxi\u00e8me jour, nous avons \u00e9t\u00e9 honor\u00e9s par la pr\u00e9sence du r\u00e9v\u00e9rend Peter Munguti Makau, \u00e9v\u00eaque coadjuteur du dioc\u00e8se catholique d\u2019Isiolo, qui a pris le temps d\u2019exprimer sa reconnaissance aux animateurs d\u2019AHAPPY et s\u2019est adress\u00e9 aux jeunes leaders. Il a soulign\u00e9 : \u00ab Les jeunes sont les leaders d\u2019aujourd\u2019hui, et ce que nous voulons r\u00e9aliser demain, faisons-le aujourd\u2019hui. Le fait que vous soyez des jeunes aujourd\u2019hui est l\u2019une des belles exp\u00e9riences et des beaux moments que le Seigneur vous a donn\u00e9s. Vous \u00eates tous des leaders \u00e0 votre mani\u00e8re, venant de diff\u00e9rentes paroisses et d\u2019horizons et de professions divers. Vous \u00eates ici pour recevoir ces informations, et tout comme une \u00e9ponge, vous les absorbez afin de pouvoir \u00e9galement les partager. Dans ce processus, vous devez d\u2019abord croire ce que vous lisez, puis enseigner ce que vous croyez, et enfin pratiquer ce que vous enseignez. La meilleure fa\u00e7on d\u2019y parvenir est d\u2019\u00eatre un mod\u00e8le, et en tant que jeunes, vous pouvez \u00eatre des mod\u00e8les pour la jeune g\u00e9n\u00e9ration. \u00bb<\/p>\n\n\n\n<figure class=\"wp-block-image size-large\"><img loading=\"lazy\" decoding=\"async\" width=\"1024\" height=\"683\" src=\"https:\/\/ajan.africa\/wp-content\/uploads\/2024\/08\/DSC08111-1024x683.jpg\" alt=\"\" class=\"wp-image-15054\" srcset=\"https:\/\/ajan.africa\/wp-content\/uploads\/2024\/08\/DSC08111-1024x683.jpg 1024w, https:\/\/ajan.africa\/wp-content\/uploads\/2024\/08\/DSC08111-300x200.jpg 300w, https:\/\/ajan.africa\/wp-content\/uploads\/2024\/08\/DSC08111-768x512.jpg 768w, https:\/\/ajan.africa\/wp-content\/uploads\/2024\/08\/DSC08111-1536x1024.jpg 1536w, https:\/\/ajan.africa\/wp-content\/uploads\/2024\/08\/DSC08111-18x12.jpg 18w, https:\/\/ajan.africa\/wp-content\/uploads\/2024\/08\/DSC08111.jpg 1920w\" sizes=\"(max-width: 1024px) 100vw, 1024px\" \/><figcaption class=\"wp-element-caption\"><em>Le r\u00e9v\u00e9rend Peter Munguti Makau, \u00e9v\u00eaque coadjuteur du dioc\u00e8se catholique d'Isiolo, interagit avec les jeunes dirigeants lors de la session de formation AHAPPY.<\/em><\/figcaption><\/figure>\n\n\n\n<p>L'\u00e9v\u00eaque a poursuivi en d\u00e9clarant : \u00ab Cette formation est une occasion en or qui nous est donn\u00e9e de contribuer \u00e0 remettre notre soci\u00e9t\u00e9 sur les rails. Quelles que soient les connaissances que vous acqu\u00e9rez, utilisez-les pour transformer notre soci\u00e9t\u00e9 et donnez le bon exemple aux autres. J'encourage donc les jeunes leaders ici pr\u00e9sents \u00e0 s'efforcer d'\u00eatre la mer Rouge plut\u00f4t que la mer Morte. La mer Rouge regorge de vie, avec tant de plantes, de poissons et de points d'eau qui la maintiennent saine et dynamique. D'un autre c\u00f4t\u00e9, la mer Morte est tellement sal\u00e9e qu'il n'y a aucune vie du tout dans la mer Morte, pas de poissons, pas de v\u00e9g\u00e9tation, pas d'animaux marins, rien ne vit dans la mer Morte, la le\u00e7on que nous en tirons est que la vie ne consiste pas seulement \u00e0 obtenir, mais \u00e0 donner. Assurez-vous que nous n'obtenons pas seulement ce qui nous sera donn\u00e9, mais que nous transmettons les connaissances que les animateurs auront partag\u00e9es avec nous. \u00bb<\/p>\n\n\n\n<figure class=\"wp-block-image size-large\"><img loading=\"lazy\" decoding=\"async\" width=\"1024\" height=\"577\" src=\"https:\/\/ajan.africa\/wp-content\/uploads\/2024\/08\/DSC08131-1024x577.jpg\" alt=\"\" class=\"wp-image-15057\" srcset=\"https:\/\/ajan.africa\/wp-content\/uploads\/2024\/08\/DSC08131-1024x577.jpg 1024w, https:\/\/ajan.africa\/wp-content\/uploads\/2024\/08\/DSC08131-300x169.jpg 300w, https:\/\/ajan.africa\/wp-content\/uploads\/2024\/08\/DSC08131-768x432.jpg 768w, https:\/\/ajan.africa\/wp-content\/uploads\/2024\/08\/DSC08131-1536x865.jpg 1536w, https:\/\/ajan.africa\/wp-content\/uploads\/2024\/08\/DSC08131-18x10.jpg 18w, https:\/\/ajan.africa\/wp-content\/uploads\/2024\/08\/DSC08131-274x155.jpg 274w, https:\/\/ajan.africa\/wp-content\/uploads\/2024\/08\/DSC08131.jpg 1920w\" sizes=\"(max-width: 1024px) 100vw, 1024px\" \/><figcaption class=\"wp-element-caption\"><em>Mme Pascalia Sergon, Responsable du renforcement des capacit\u00e9s d'AJAN (Centre) avec d'autres facilitateurs lors de la remise du manuel AHAPPY au r\u00e9v\u00e9rend Peter Munguti Makau, \u00e9v\u00eaque coadjuteur du dioc\u00e8se catholique d'Isiolo.<\/em><\/figcaption><\/figure>\n\n\n\n<p>\u00c0 la fin des deuxi\u00e8me et troisi\u00e8me jours, les participants avaient acquis une meilleure compr\u00e9hension du monde dans lequel ils vivent. Mme Sergon a discut\u00e9 avec les participants des modes de transmission du VIH, du SIDA et des infections sexuellement transmissibles (IST) et de la mani\u00e8re dont les jeunes peuvent se prot\u00e9ger contre le VIH et les IST. Bien que les participants aient d\u00e9montr\u00e9 une certaine connaissance pr\u00e9alable du virus de l'immunod\u00e9ficience humaine (VIH) et des modes de transmission, il \u00e9tait encore n\u00e9cessaire de les impliquer davantage dans la discussion sur la mani\u00e8re dont le virus est contract\u00e9 et de dissiper les mythes et st\u00e9r\u00e9otypes existants au sein de leurs communaut\u00e9s. Les participants ont \u00e9galement soulign\u00e9 le probl\u00e8me de la stigmatisation \u00e0 laquelle sont confront\u00e9es les personnes vivant avec le VIH. Plus tard, les participants ont approfondi leur compr\u00e9hension du monde qui les entoure en abordant le sujet de la protection, o\u00f9 ils ont \u00e9t\u00e9 sensibilis\u00e9s \u00e0 leur r\u00f4le dans la protection des mineurs et des personnes vuln\u00e9rables contre les abus. Lors d\u2019une interview \u00e0 la fin de la session, Mme Lucy Monari, coordinatrice de la protection de la jeunesse pour la Conf\u00e9rence j\u00e9suite d\u2019Afrique et de Madagascar (JCAM), a d\u00e9clar\u00e9 : \u00ab D\u2019apr\u00e8s les \u00e9changes que j\u2019ai eus avec les participants pendant la session, ils \u00e9taient tr\u00e8s curieux pendant la pr\u00e9sentation sur le VIH, le SIDA et les IST chez les jeunes et on pouvait le constater au cours de la discussion lorsqu\u2019ils ont soulign\u00e9 et m\u00eame expos\u00e9 certains mythes sur le VIH et le SIDA. Cela montrait que les jeunes devaient \u00eatre davantage impliqu\u00e9s dans les faits sur le VIH et le SIDA, ce qui est vrai et ce qui ne l\u2019est pas et comment ils peuvent prendre soin d\u2019eux-m\u00eames. \u00bb<\/p>\n\n\n\n<figure class=\"wp-block-image size-large\"><img loading=\"lazy\" decoding=\"async\" width=\"1024\" height=\"683\" src=\"https:\/\/ajan.africa\/wp-content\/uploads\/2024\/08\/DSC08369-1024x683.jpg\" alt=\"\" class=\"wp-image-15053\" srcset=\"https:\/\/ajan.africa\/wp-content\/uploads\/2024\/08\/DSC08369-1024x683.jpg 1024w, https:\/\/ajan.africa\/wp-content\/uploads\/2024\/08\/DSC08369-300x200.jpg 300w, https:\/\/ajan.africa\/wp-content\/uploads\/2024\/08\/DSC08369-768x512.jpg 768w, https:\/\/ajan.africa\/wp-content\/uploads\/2024\/08\/DSC08369-1536x1024.jpg 1536w, https:\/\/ajan.africa\/wp-content\/uploads\/2024\/08\/DSC08369-18x12.jpg 18w, https:\/\/ajan.africa\/wp-content\/uploads\/2024\/08\/DSC08369.jpg 1920w\" sizes=\"(max-width: 1024px) 100vw, 1024px\" \/><\/figure>\n\n\n\n<p>En donnant son avis sur la formation sur le th\u00e8me du VIH et du SIDA, l\u2019une des participantes, Austine Nyawira, a d\u00e9clar\u00e9 : \u00ab C\u2019est gr\u00e2ce \u00e0 cette formation que j\u2019ai vraiment compris pour la premi\u00e8re fois qu\u2019Isiolo est l\u2019un des comt\u00e9s les plus touch\u00e9s par le VIH au Kenya. J\u2019ai senti que je devais agir parce que je vis dans le comt\u00e9 d\u2019Isiolo. Je peux attribuer le taux \u00e9lev\u00e9 d\u2019infection au VIH \u00e0 l\u2019ignorance des jeunes. Un autre facteur qui contribue \u00e0 ce ph\u00e9nom\u00e8ne est la peur d\u2019\u00eatre stigmatis\u00e9. Les personnes infect\u00e9es par le virus ont peur de dire qu\u2019elles sont s\u00e9ropositives par peur de ce que la communaut\u00e9 dira d\u2019elles. Je regarde l\u2019avenir des jeunes et je me demande o\u00f9 nous en serons dans les deux prochaines ann\u00e9es si nous, les jeunes, ne prenons pas de mesures pr\u00e9ventives pour arr\u00eater la propagation du virus du VIH. Ce que je peux conseiller \u00e0 mes camarades jeunes, c\u2019est de s\u2019abstenir, mais surtout de mieux conna\u00eetre leur \u00e9tat de sant\u00e9. \u00bb Jemimah Wahome a d\u00e9clar\u00e9 : \u00ab Le sujet du VIH et du sida parmi les jeunes m\u2019a beaucoup touch\u00e9e. C\u2019est un probl\u00e8me qui est vraiment ignor\u00e9 par les jeunes parce qu\u2019ils ne sont pas pr\u00eats \u00e0 en parler. Ils connaissent les risques, mais ils sont quand m\u00eame pr\u00eats \u00e0 affronter le risque \u00e0 cause de la pression de leurs pairs. J\u2019esp\u00e8re vraiment qu\u2019avec cette formation, nous pourrons en tant que leaders avoir cette conversation avec nos camarades de jeunesse. Je pense que l\u2019ignorance est le plus grand d\u00e9fi parmi les jeunes d\u2019Isiolo et je lance un appel \u00e0 mes camarades de jeunesse pour que nous puissions combattre l\u2019ignorance uniquement si nous sommes capables de transformer les connaissances acquises gr\u00e2ce \u00e0 cette formation en action. \u00bb<\/p>\n\n\n\n<figure class=\"wp-block-image size-large\"><img loading=\"lazy\" decoding=\"async\" width=\"1024\" height=\"683\" src=\"https:\/\/ajan.africa\/wp-content\/uploads\/2024\/08\/DSC08253-1024x683.jpg\" alt=\"\" class=\"wp-image-15059\" srcset=\"https:\/\/ajan.africa\/wp-content\/uploads\/2024\/08\/DSC08253-1024x683.jpg 1024w, https:\/\/ajan.africa\/wp-content\/uploads\/2024\/08\/DSC08253-300x200.jpg 300w, https:\/\/ajan.africa\/wp-content\/uploads\/2024\/08\/DSC08253-768x512.jpg 768w, https:\/\/ajan.africa\/wp-content\/uploads\/2024\/08\/DSC08253-1536x1024.jpg 1536w, https:\/\/ajan.africa\/wp-content\/uploads\/2024\/08\/DSC08253-18x12.jpg 18w, https:\/\/ajan.africa\/wp-content\/uploads\/2024\/08\/DSC08253.jpg 1920w\" sizes=\"(max-width: 1024px) 100vw, 1024px\" \/><figcaption class=\"wp-element-caption\"><em> Certains des participants de l'AHAPPY ToT lors d'une des sessions de formation : Austine Nyawira (\u00e0 gauche), Edward Karani (au centre) et Jemimah Wahome (\u00e0 droite)<\/em>.<\/figcaption><\/figure>\n\n\n\n<p>Afin de former une jeune g\u00e9n\u00e9ration responsable et \u00e9quilibr\u00e9e, le volet de protection des mineurs et des personnes vuln\u00e9rables a \u00e9t\u00e9 int\u00e9gr\u00e9 au programme AHAPPY. Ainsi, m\u00eame si nous formons les jeunes dirigeants des dioc\u00e8ses catholiques du Kenya \u00e0 \u00eatre des membres responsables et \u00e0 part enti\u00e8re de la communaut\u00e9, nous soulignons \u00e9galement l\u2019importance de cr\u00e9er un environnement s\u00fbr et favorable pour les mineurs et les personnes vuln\u00e9rables de la soci\u00e9t\u00e9, ceux qui ont \u00e9t\u00e9 maltrait\u00e9s, agress\u00e9s, isol\u00e9s et stigmatis\u00e9s. En int\u00e9grant des mesures de protection, le programme sera en mesure de doter les jeunes des connaissances et des comp\u00e9tences n\u00e9cessaires pour se respecter et prendre soin d\u2019eux-m\u00eames et des autres.<\/p>\n\n\n\n<figure class=\"wp-block-image size-large\"><img loading=\"lazy\" decoding=\"async\" width=\"1024\" height=\"683\" src=\"https:\/\/ajan.africa\/wp-content\/uploads\/2024\/08\/DSC07928-1024x683.jpg\" alt=\"\" class=\"wp-image-15013\" srcset=\"https:\/\/ajan.africa\/wp-content\/uploads\/2024\/08\/DSC07928-1024x683.jpg 1024w, https:\/\/ajan.africa\/wp-content\/uploads\/2024\/08\/DSC07928-300x200.jpg 300w, https:\/\/ajan.africa\/wp-content\/uploads\/2024\/08\/DSC07928-768x512.jpg 768w, https:\/\/ajan.africa\/wp-content\/uploads\/2024\/08\/DSC07928-1536x1024.jpg 1536w, https:\/\/ajan.africa\/wp-content\/uploads\/2024\/08\/DSC07928-18x12.jpg 18w, https:\/\/ajan.africa\/wp-content\/uploads\/2024\/08\/DSC07928.jpg 1920w\" sizes=\"(max-width: 1024px) 100vw, 1024px\" \/><figcaption class=\"wp-element-caption translation-block\"><em>Mme Lucy Monari, Coordinatrice du Programme de Protection des Mineurs et des Personnes Vuln\u00e9rables de la JCAM et facilitatrice du programme AHAPPY lors de la session de formation<\/em> <em>le premier jour<\/em>.<\/figcaption><\/figure>\n\n\n\n<p>Mme Lucy Monari, coordinatrice de la protection pour la Conf\u00e9rence j\u00e9suite d\u2019Afrique et de Madagascar (JCAM), explique pourquoi cette d\u00e9marche est cruciale : \u00ab La protection se concentre sur les jeunes, qui font souvent partie des personnes vuln\u00e9rables de l\u2019\u00c9glise. Dans la m\u00e9thodologie de formation AHAPPY, le volet protection a \u00e9t\u00e9 parfaitement int\u00e9gr\u00e9, en s\u2019alignant sur l\u2019accent initial du programme sur la personne humaine. L\u2019un des probl\u00e8mes sociaux critiques abord\u00e9s est le risque d\u2019abus, et le volet protection joue un r\u00f4le essentiel pour enseigner aux participants comment r\u00e9duire ce risque et promouvoir le bien-\u00eatre au sein de la communaut\u00e9 eccl\u00e9siale. Les jeunes ont r\u00e9agi positivement et pour beaucoup, ce fut une exp\u00e9rience r\u00e9v\u00e9latrice. Ils n\u2019avaient pas auparavant consid\u00e9r\u00e9 l\u2019importance de se pr\u00e9occuper de leur propre s\u00e9curit\u00e9 au sein de l\u2019\u00c9glise ou de la communaut\u00e9 au sens large. \u00c0 l\u2019avenir, ce type de collaboration est essentiel au d\u00e9veloppement holistique des jeunes, en veillant \u00e0 ce qu\u2019ils soient non seulement \u00e9quip\u00e9s pour diriger, mais aussi habilit\u00e9s \u00e0 prot\u00e9ger les jeunes et les groupes vuln\u00e9rables de l\u2019\u00c9glise et \u00e0 soutenir la mission de l\u2019\u00c9glise. \u00bb<\/p>\n\n\n\n<figure class=\"wp-block-image size-large\"><img loading=\"lazy\" decoding=\"async\" width=\"1024\" height=\"683\" src=\"https:\/\/ajan.africa\/wp-content\/uploads\/2024\/08\/DSC08198-1024x683.jpg\" alt=\"\" class=\"wp-image-15049\" srcset=\"https:\/\/ajan.africa\/wp-content\/uploads\/2024\/08\/DSC08198-1024x683.jpg 1024w, https:\/\/ajan.africa\/wp-content\/uploads\/2024\/08\/DSC08198-300x200.jpg 300w, https:\/\/ajan.africa\/wp-content\/uploads\/2024\/08\/DSC08198-768x512.jpg 768w, https:\/\/ajan.africa\/wp-content\/uploads\/2024\/08\/DSC08198-1536x1024.jpg 1536w, https:\/\/ajan.africa\/wp-content\/uploads\/2024\/08\/DSC08198-18x12.jpg 18w, https:\/\/ajan.africa\/wp-content\/uploads\/2024\/08\/DSC08198.jpg 1920w\" sizes=\"(max-width: 1024px) 100vw, 1024px\" \/><figcaption class=\"wp-element-caption translation-block\"><em>Mme Lucy Monari, coordinatrice de la protection, JCAM et animatrice AHAPPY, a l'occasion d'interagir avec les participants lors d'une s\u00e9ance de discussion de groupe le troisi\u00e8me jour de l'AHAPPY ToT.<\/em><\/figcaption><\/figure>\n\n\n\n<p>Au cours des quatri\u00e8me et cinqui\u00e8me jours, les participants ont suivi le module D : Se conna\u00eetre pour se d\u00e9velopper. Ce module \u00e9tait ax\u00e9 sur la conscience de soi, le d\u00e9veloppement personnel et l\u2019entrepreneuriat social, guidant les participants \u00e0 mieux comprendre leur propre identit\u00e9, leurs forces et leurs domaines de croissance. En comprenant ce qu\u2019est le mentorat, ils ont pu choisir de meilleurs mod\u00e8les pour les guider dans leur parcours professionnel et leur vie personnelle. Gr\u00e2ce \u00e0 des activit\u00e9s de groupe et \u00e0 des discussions, les participants ont appris \u00e0 travailler en unit\u00e9, o\u00f9 ils ont \u00e9t\u00e9 guid\u00e9s dans le voyage vers la fa\u00e7on dont ils peuvent cultiver leur intelligence \u00e9motionnelle. En tant que leaders, ils devaient savoir communiquer, g\u00e9rer leurs pens\u00e9es et leurs comportements et \u00e9tablir des liens plus forts et plus empathiques avec les personnes qui les entourent. Les participants ont \u00e9t\u00e9 mis au d\u00e9fi d\u2019\u00eatre des acteurs du changement en identifiant les opportunit\u00e9s dans les d\u00e9fis, ils devaient \u00eatre cr\u00e9atifs et innovants, m\u00eame lorsqu\u2019ils lancent des entreprises ou des projets d\u2019entrepreneuriat, plut\u00f4t que de se concentrer uniquement sur la g\u00e9n\u00e9ration de revenus, ils peuvent \u00eatre cr\u00e9atifs pour trouver des solutions aux probl\u00e8mes existants auxquels leurs communaut\u00e9s sont confront\u00e9es.<\/p>\n\n\n\n<figure class=\"wp-block-image size-large\"><img loading=\"lazy\" decoding=\"async\" width=\"1024\" height=\"576\" src=\"https:\/\/ajan.africa\/wp-content\/uploads\/2024\/08\/C0186T01-1024x576.jpg\" alt=\"\" class=\"wp-image-15050\" srcset=\"https:\/\/ajan.africa\/wp-content\/uploads\/2024\/08\/C0186T01-1024x576.jpg 1024w, https:\/\/ajan.africa\/wp-content\/uploads\/2024\/08\/C0186T01-300x169.jpg 300w, https:\/\/ajan.africa\/wp-content\/uploads\/2024\/08\/C0186T01-768x432.jpg 768w, https:\/\/ajan.africa\/wp-content\/uploads\/2024\/08\/C0186T01-18x10.jpg 18w, https:\/\/ajan.africa\/wp-content\/uploads\/2024\/08\/C0186T01-274x155.jpg 274w, https:\/\/ajan.africa\/wp-content\/uploads\/2024\/08\/C0186T01.jpg 1280w\" sizes=\"(max-width: 1024px) 100vw, 1024px\" \/><figcaption class=\"wp-element-caption translation-block\"><em>Mme Samantha Waki, l'une des animatrices d'AJAN AHAPPY lors de la session de formation<\/em> <em>du jour 5.<\/em><\/figcaption><\/figure>\n\n\n\n<p>Les commentaires re\u00e7us des participants ont \u00e9t\u00e9 globalement positifs. Voici quelques-uns des commentaires re\u00e7us.<\/p>\n\n\n\n<div class=\"wp-block-media-text is-stacked-on-mobile\"><figure class=\"wp-block-media-text__media\"><img loading=\"lazy\" decoding=\"async\" width=\"1024\" height=\"683\" src=\"https:\/\/ajan.africa\/wp-content\/uploads\/2024\/08\/DSC08548-1024x683.jpg\" alt=\"\" class=\"wp-image-15042 size-full\" srcset=\"https:\/\/ajan.africa\/wp-content\/uploads\/2024\/08\/DSC08548-1024x683.jpg 1024w, https:\/\/ajan.africa\/wp-content\/uploads\/2024\/08\/DSC08548-300x200.jpg 300w, https:\/\/ajan.africa\/wp-content\/uploads\/2024\/08\/DSC08548-768x512.jpg 768w, https:\/\/ajan.africa\/wp-content\/uploads\/2024\/08\/DSC08548-1536x1024.jpg 1536w, https:\/\/ajan.africa\/wp-content\/uploads\/2024\/08\/DSC08548-18x12.jpg 18w, https:\/\/ajan.africa\/wp-content\/uploads\/2024\/08\/DSC08548.jpg 1920w\" sizes=\"(max-width: 1024px) 100vw, 1024px\" \/><\/figure><div class=\"wp-block-media-text__content\">\n<p class=\"translation-block\">Malley Abdi Guyo (debout \u00e0 droite sur la photo) dit : \u00ab J\u2019ai vraiment pass\u00e9 un bon moment \u00e0 interagir avec mes camarades jeunes, et les animateurs \u00e9taient des gens vraiment engageants et pr\u00eats \u00e0 nous \u00e9couter. Le sujet du VIH et du sida et les effets de l\u2019occidentalisation ont vraiment capt\u00e9 mon int\u00e9r\u00eat, ce qui est ressorti de ces deux domaines \u00e9tait la n\u00e9cessit\u00e9 de s\u2019accepter soi-m\u00eame. Venant de la tribu Borana, nous avons notre propre fa\u00e7on de nous habiller et notre culture actuelle et \u00e0 cause de cela, vous pouvez clairement remarquer le changement et l\u2019influence de la culture occidentale parmi notre jeune g\u00e9n\u00e9ration \u00e0 travers l\u2019exposition aux m\u00e9dias occidentaux qui ont apport\u00e9 des perspectives diff\u00e9rentes sur le genre et la sexualit\u00e9 qui touchent aux questions LGBTQ+. Tout cela a conduit \u00e0 un changement d\u2019attitudes et de comportements, en particulier parmi les jeunes g\u00e9n\u00e9rations qui abusent maintenant de drogues. De l\u00e0, je retourne dans ma paroisse pour dire \u00e0 mes camarades jeunes ce qui est bien et ce qui est mal, partager avec eux l\u2019exp\u00e9rience que j\u2019ai acquise lors de cette formation. \u00c0 mes chers jeunes, la vie est la fa\u00e7on dont vous la vivez. Vous n\u2019\u00eates pas oblig\u00e9 de mourir pauvre parce que vous \u00eates n\u00e9 pauvre. Les jeunes doivent consid\u00e9rer les d\u00e9fis comme une opportunit\u00e9 de s\u2019am\u00e9liorer.<\/p>\n<\/div><\/div>\n\n\n\n<div class=\"wp-block-media-text has-media-on-the-right is-stacked-on-mobile\"><div class=\"wp-block-media-text__content\">\n<p class=\"translation-block\">Abraham Nkito (debout \u00e0 droite sur la photo) dit : \u00ab La plupart de mes attentes concernant la formation AHAPPY ont \u00e9t\u00e9 satisfaites, mais il y a quelque chose d\u2019encourageant que j\u2019ai re\u00e7u qui me permettra de continuer ; il y a cette illustration d\u2019un iceberg de la carte de l\u2019Afrique lorsqu\u2019il est plac\u00e9 dans l\u2019eau, au bord de la carte de l\u2019Afrique en haut, vous ne pouvez voir que le petit probl\u00e8me, mais quand vous allez au plus profond de vous-m\u00eame, vous d\u00e9couvrez qu\u2019il y a beaucoup de probl\u00e8mes, c\u2019est une le\u00e7on pour moi que je dois cesser de voir les probl\u00e8mes de l\u2019ext\u00e9rieur mais creuser profond\u00e9ment et trouver les causes profondes des probl\u00e8mes dans la vie, dans ma communaut\u00e9 et m\u2019efforcer de trouver une solution \u00e0 ces causes profondes afin que je puisse \u00eatre l\u2019espoir de ma propre vie ou de toute l\u2019Afrique. Mon conseil \u00e0 mes camarades jeunes de ma paroisse est que nous ne pouvons y arriver que si nous nous unissons et travaillons dans l\u2019unit\u00e9. J\u2019ai appris la cr\u00e9ativit\u00e9 et l\u2019innovation, une inspiration de la vid\u00e9o que nous avons regard\u00e9e sur <em>le gar\u00e7on qui a ma\u00eetris\u00e9 la puissance du vent<\/em>, appelant mes camarades jeunes \u00e0 \u00eatre des acteurs du changement pour l\u2019avenir de Ngaremara. Mon conseil \u00e0 mes camarades jeunes est d\u2019accepter qui nous sommes, d\u2019utiliser nos petites connaissances et notre cr\u00e9ativit\u00e9, nous ne pouvons pas tous attendre d\u2019\u00eatre employ\u00e9s, mais nous devrions tous nous efforcer de cr\u00e9er des opportunit\u00e9s d\u2019emploi pour d\u2019autres personnes, nous devrions nous efforcer de transformer un d\u00e9sert en for\u00eat.<\/p>\n<\/div><figure class=\"wp-block-media-text__media\"><img loading=\"lazy\" decoding=\"async\" width=\"1024\" height=\"683\" src=\"https:\/\/ajan.africa\/wp-content\/uploads\/2024\/08\/DSC08531-1024x683.jpg\" alt=\"\" class=\"wp-image-15043 size-full\" srcset=\"https:\/\/ajan.africa\/wp-content\/uploads\/2024\/08\/DSC08531-1024x683.jpg 1024w, https:\/\/ajan.africa\/wp-content\/uploads\/2024\/08\/DSC08531-300x200.jpg 300w, https:\/\/ajan.africa\/wp-content\/uploads\/2024\/08\/DSC08531-768x512.jpg 768w, https:\/\/ajan.africa\/wp-content\/uploads\/2024\/08\/DSC08531-1536x1024.jpg 1536w, https:\/\/ajan.africa\/wp-content\/uploads\/2024\/08\/DSC08531-18x12.jpg 18w, https:\/\/ajan.africa\/wp-content\/uploads\/2024\/08\/DSC08531.jpg 1920w\" sizes=\"(max-width: 1024px) 100vw, 1024px\" \/><\/figure><\/div>\n\n\n\n<figure class=\"wp-block-image size-large\"><img loading=\"lazy\" decoding=\"async\" width=\"1024\" height=\"484\" src=\"https:\/\/ajan.africa\/wp-content\/uploads\/2024\/08\/DSC08593_1-1024x484.jpg\" alt=\"\" class=\"wp-image-15062\" srcset=\"https:\/\/ajan.africa\/wp-content\/uploads\/2024\/08\/DSC08593_1-1024x484.jpg 1024w, https:\/\/ajan.africa\/wp-content\/uploads\/2024\/08\/DSC08593_1-300x142.jpg 300w, https:\/\/ajan.africa\/wp-content\/uploads\/2024\/08\/DSC08593_1-768x363.jpg 768w, https:\/\/ajan.africa\/wp-content\/uploads\/2024\/08\/DSC08593_1-1536x726.jpg 1536w, https:\/\/ajan.africa\/wp-content\/uploads\/2024\/08\/DSC08593_1-18x9.jpg 18w, https:\/\/ajan.africa\/wp-content\/uploads\/2024\/08\/DSC08593_1.jpg 1920w\" sizes=\"(max-width: 1024px) 100vw, 1024px\" \/><figcaption class=\"wp-element-caption\"><em>Le P\u00e8re Bosco Njiru (au centre), Mme Samantha Waki \u200b\u200b(\u00e0 l'extr\u00eame gauche), Mme Agnes Wangu Gachau (2e \u00e0 partir de la gauche), l'animatrice de la jeunesse, Dennis Owuoche (\u00e0 l'extr\u00eame droite), avec les participants \u00e0 la fin du programme AHAPPY ToT de 5 jours.<\/em><\/figcaption><\/figure>\n\n\n\n<p>\u00c0 la fin de la formation AHAPPY de cinq jours, le p\u00e8re Bosco Njiru, aum\u00f4nier des jeunes du dioc\u00e8se catholique d\u2019Isiolo, a pr\u00e9sid\u00e9 une messe d\u2019investiture des 32 responsables de la jeunesse des 10 paroisses du dioc\u00e8se catholique d\u2019Isiolo. Dans son message aux jeunes, il les a exhort\u00e9s \u00e0 embrasser de tout c\u0153ur les sacrements, en particulier le sacrement de la confession. Il a soulign\u00e9 l\u2019importance d\u2019aborder la confession avec sinc\u00e9rit\u00e9 et un v\u00e9ritable d\u00e9sir de changement, affirmant : \u00ab \u00c0 ce moment-l\u00e0, non seulement nos p\u00e9ch\u00e9s sont pardonn\u00e9s, mais nous nous rapprochons \u00e9galement du Seigneur. \u00bb<\/p>\n\n\n\n<p class=\"translation-block\"><strong><em>Par,<\/em><\/strong><em>\u00a0Dennis Owuoche,<\/em><\/p>\n\n\n\n<p>Charg\u00e9e de communication, AJAN<\/p>\n\n\n\n<p><\/p>","protected":false},"excerpt":{"rendered":"<p>From 12th to 16th August 2024, African Jesuit AIDS Network (AJAN) undertook a 5-day training of trainers on AJAN HIV and AIDS Prevention Program for the Youths (AHAPPY). The training that took place at the Pastoral Centre in Isiolo was attended by 32 youth leaders from the Catholic Diocese of<\/p>\n<p><a class=\"sd-more sd-all-trans\" href=\"https:\/\/ajan.africa\/fr\/ahappy-training-of-trainers-for-youth-leaders-from-the-catholic-diocese-of-isiolo\/#more-15003\">Lire la suite<\/a><\/p>","protected":false},"author":155,"featured_media":15061,"comment_status":"closed","ping_status":"open","sticky":false,"template":"","format":"standard","meta":{"om_disable_all_campaigns":false,"_monsterinsights_skip_tracking":false,"_monsterinsights_sitenote_active":false,"_monsterinsights_sitenote_note":"","_monsterinsights_sitenote_category":0,"footnotes":""},"categories":[110,98],"tags":[],"class_list":["post-15003","post","type-post","status-publish","format-standard","has-post-thumbnail","hentry","category-ahappy-tot","category-ajan-news-articles"],"aioseo_notices":[],"_links":{"self":[{"href":"https:\/\/ajan.africa\/fr\/wp-json\/wp\/v2\/posts\/15003","targetHints":{"allow":["GET"]}}],"collection":[{"href":"https:\/\/ajan.africa\/fr\/wp-json\/wp\/v2\/posts"}],"about":[{"href":"https:\/\/ajan.africa\/fr\/wp-json\/wp\/v2\/types\/post"}],"author":[{"embeddable":true,"href":"https:\/\/ajan.africa\/fr\/wp-json\/wp\/v2\/users\/155"}],"replies":[{"embeddable":true,"href":"https:\/\/ajan.africa\/fr\/wp-json\/wp\/v2\/comments?post=15003"}],"version-history":[{"count":0,"href":"https:\/\/ajan.africa\/fr\/wp-json\/wp\/v2\/posts\/15003\/revisions"}],"wp:featuredmedia":[{"embeddable":true,"href":"https:\/\/ajan.africa\/fr\/wp-json\/wp\/v2\/media\/15061"}],"wp:attachment":[{"href":"https:\/\/ajan.africa\/fr\/wp-json\/wp\/v2\/media?parent=15003"}],"wp:term":[{"taxonomy":"category","embeddable":true,"href":"https:\/\/ajan.africa\/fr\/wp-json\/wp\/v2\/categories?post=15003"},{"taxonomy":"post_tag","embeddable":true,"href":"https:\/\/ajan.africa\/fr\/wp-json\/wp\/v2\/tags?post=15003"}],"curies":[{"name":"wp","href":"https:\/\/api.w.org\/{rel}","templated":true}]}}