{"id":15369,"date":"2024-10-30T12:17:55","date_gmt":"2024-10-30T12:17:55","guid":{"rendered":"https:\/\/ajan.africa\/?p=15369"},"modified":"2024-10-30T12:17:57","modified_gmt":"2024-10-30T12:17:57","slug":"shaping-young-futures-juc-launches-new-cohort-for-youth-entrepreneurship-program","status":"publish","type":"post","link":"https:\/\/ajan.africa\/fr\/shaping-young-futures-juc-launches-new-cohort-for-youth-entrepreneurship-program\/","title":{"rendered":"Fa\u00e7onner l'avenir des jeunes : la JUC lance une nouvelle cohorte pour le programme d'entrepreneuriat des jeunes"},"content":{"rendered":"<p>En 2024, AJAN a d\u00e9cid\u00e9 d'accompagner les jeunes en leur offrant une autonomisation \u00e9conomique \u00e0 travers le programme d'action pour l'entrepreneuriat social des jeunes j\u00e9suites (JYSEA) qui apporte une toute nouvelle approche en faveur des jeunes et va au-del\u00e0 des simples comp\u00e9tences intellectuelles et commerciales.<\/p>\n\n\n\n<p>Alors que nous continuons \u00e0 trouver des moyens et des solutions aux probl\u00e8mes et aux d\u00e9fis existants d'aujourd'hui pour r\u00e9pondre aux besoins de ceux qui vivent dans la pauvret\u00e9, le Centre J\u00e9suite d'Urumuri (JUC) a fi\u00e8rement accueilli 42 participants \u00e0 la quatri\u00e8me cohorte de son Programme d'Autonomisation des Jeunes, une initiative ouverte aux jeunes rwandais et burundais.<\/p>\n\n\n<div class=\"wp-block-image\">\n<figure class=\"aligncenter size-full\"><img fetchpriority=\"high\" decoding=\"async\" width=\"768\" height=\"543\" src=\"https:\/\/ajan.africa\/wp-content\/uploads\/2024\/10\/Untitled-design-45-768x543-1.jpg\" alt=\"\" class=\"wp-image-15371\" srcset=\"https:\/\/ajan.africa\/wp-content\/uploads\/2024\/10\/Untitled-design-45-768x543-1.jpg 768w, https:\/\/ajan.africa\/wp-content\/uploads\/2024\/10\/Untitled-design-45-768x543-1-300x212.jpg 300w, https:\/\/ajan.africa\/wp-content\/uploads\/2024\/10\/Untitled-design-45-768x543-1-18x12.jpg 18w\" sizes=\"(max-width: 768px) 100vw, 768px\" \/><\/figure>\n<\/div>\n\n\n<p>Le premier jour du programme a \u00e9t\u00e9 chaleureusement accueilli par la responsable des programmes du JUC, Prudence Kayiranga, SJ, et les mentors du Business Development Center (BDC), M. Wilson Muhirwa, M. Anaclet Bagirishya et Mme Diane Irankunda.<\/p>\n\n\n\n<div class=\"wp-block-media-text is-stacked-on-mobile\"><figure class=\"wp-block-media-text__media\"><img decoding=\"async\" width=\"600\" height=\"424\" src=\"https:\/\/ajan.africa\/wp-content\/uploads\/2024\/10\/Untitled-design-44-600x424-1.jpg\" alt=\"\" class=\"wp-image-15372 size-full\" srcset=\"https:\/\/ajan.africa\/wp-content\/uploads\/2024\/10\/Untitled-design-44-600x424-1.jpg 600w, https:\/\/ajan.africa\/wp-content\/uploads\/2024\/10\/Untitled-design-44-600x424-1-300x212.jpg 300w, https:\/\/ajan.africa\/wp-content\/uploads\/2024\/10\/Untitled-design-44-600x424-1-18x12.jpg 18w\" sizes=\"(max-width: 600px) 100vw, 600px\" \/><\/figure><div class=\"wp-block-media-text__content\">\n<p>In his opening remarks, Prudence Kayiranga, SJ, highlighted the unique opportunity this program offers to young people, especially those who have completed their studies but remain unemployed. \u201cJesuits, and the Church as a whole, recognize that you are our future,\u201d he said. \u201cWe want to nurture and empower you to become productive, self-sustaining members of society who can also create opportunities for others.\u201d<\/p>\n<\/div><\/div>\n\n\n\n<p>Il a encourag\u00e9 les participants \u00e0 s\u2019engager pleinement dans le projet, qui offre non seulement une formation gratuite, mais aussi des allocations financi\u00e8res pour soutenir la participation, des visites sur le terrain dans des entreprises prosp\u00e8res et un mentorat par des leaders du secteur. Cette approche pratique, a-t-il not\u00e9, est con\u00e7ue pour inspirer la confiance et les comp\u00e9tences pratiques aux jeunes qui s\u2019efforcent de r\u00e9aliser leurs r\u00eaves d\u2019entrepreneurs.<\/p>\n\n\n\n<div class=\"wp-block-group is-nowrap is-layout-flex wp-container-core-group-is-layout-ad2f72ca wp-block-group-is-layout-flex\">\n<figure class=\"wp-block-image size-full\"><img decoding=\"async\" width=\"400\" height=\"283\" src=\"https:\/\/ajan.africa\/wp-content\/uploads\/2024\/10\/Untitled-design-42-400x283-1.png\" alt=\"Mrs Diane Irankunda \" class=\"wp-image-15373\" srcset=\"https:\/\/ajan.africa\/wp-content\/uploads\/2024\/10\/Untitled-design-42-400x283-1.png 400w, https:\/\/ajan.africa\/wp-content\/uploads\/2024\/10\/Untitled-design-42-400x283-1-300x212.png 300w, https:\/\/ajan.africa\/wp-content\/uploads\/2024\/10\/Untitled-design-42-400x283-1-18x12.png 18w\" sizes=\"(max-width: 400px) 100vw, 400px\" \/><\/figure>\n\n\n\n<figure class=\"wp-block-image size-full\"><img loading=\"lazy\" decoding=\"async\" width=\"400\" height=\"283\" src=\"https:\/\/ajan.africa\/wp-content\/uploads\/2024\/10\/Untitled-design-43-400x283-1.png\" alt=\" Mr Anaclet Bagirishya, the facilitators of the training\" class=\"wp-image-15374\" srcset=\"https:\/\/ajan.africa\/wp-content\/uploads\/2024\/10\/Untitled-design-43-400x283-1.png 400w, https:\/\/ajan.africa\/wp-content\/uploads\/2024\/10\/Untitled-design-43-400x283-1-300x212.png 300w, https:\/\/ajan.africa\/wp-content\/uploads\/2024\/10\/Untitled-design-43-400x283-1-18x12.png 18w\" sizes=\"(max-width: 400px) 100vw, 400px\" \/><\/figure>\n<\/div>\n\n\n\n<p class=\"has-text-align-center translation-block\"><em>Mme Diane Irankunda et M. Anaclet Bagirishya<\/em>, les facilitateurs de la formation<\/p>\n\n\n\n<p>Les mentors de la BDC ont ensuite pr\u00e9sent\u00e9 un aper\u00e7u de la structure du programme. Les participants participeront \u00e0 un camp d\u2019entra\u00eenement intensif de deux jours, qui se terminera le troisi\u00e8me jour par des pr\u00e9sentations d\u2019id\u00e9es d\u2019affaires. Ensuite, des s\u00e9lections seront faites et le lancement officiel du programme est pr\u00e9vu pour la semaine suivante. Les mentors ont soulign\u00e9 l\u2019importance de l\u2019engagement et de la coh\u00e9rence, soulignant que JUC consacre des ressources importantes pour assurer le succ\u00e8s du programme.<\/p>\n\n\n\n<p>Depuis son lancement en 2020, le programme d\u2019autonomisation des jeunes a form\u00e9 et accompagn\u00e9 trois cohortes d\u2019environ 30 jeunes chacune. Le programme a \u00e9t\u00e9 d\u00e9velopp\u00e9 en r\u00e9ponse \u00e0 la hausse du ch\u00f4mage parmi les dipl\u00f4m\u00e9s de l\u2019universit\u00e9 et du lyc\u00e9e au Rwanda et \u00e0 la n\u00e9cessit\u00e9 de favoriser un \u00e9tat d\u2019esprit proactif et r\u00e9silient chez les jeunes.<\/p>\n\n\n\n<div class=\"wp-block-group is-nowrap is-layout-flex wp-container-core-group-is-layout-ad2f72ca wp-block-group-is-layout-flex\">\n<figure class=\"wp-block-image size-full\"><img loading=\"lazy\" decoding=\"async\" width=\"400\" height=\"283\" src=\"https:\/\/ajan.africa\/wp-content\/uploads\/2024\/10\/Untitled-design-47-400x283-1.png\" alt=\"\" class=\"wp-image-15375\" srcset=\"https:\/\/ajan.africa\/wp-content\/uploads\/2024\/10\/Untitled-design-47-400x283-1.png 400w, https:\/\/ajan.africa\/wp-content\/uploads\/2024\/10\/Untitled-design-47-400x283-1-300x212.png 300w, https:\/\/ajan.africa\/wp-content\/uploads\/2024\/10\/Untitled-design-47-400x283-1-18x12.png 18w\" sizes=\"(max-width: 400px) 100vw, 400px\" \/><\/figure>\n\n\n\n<figure class=\"wp-block-image size-full\"><img loading=\"lazy\" decoding=\"async\" width=\"400\" height=\"283\" src=\"https:\/\/ajan.africa\/wp-content\/uploads\/2024\/10\/Untitled-design-40-400x283-1.png\" alt=\"\" class=\"wp-image-15376\" srcset=\"https:\/\/ajan.africa\/wp-content\/uploads\/2024\/10\/Untitled-design-40-400x283-1.png 400w, https:\/\/ajan.africa\/wp-content\/uploads\/2024\/10\/Untitled-design-40-400x283-1-300x212.png 300w, https:\/\/ajan.africa\/wp-content\/uploads\/2024\/10\/Untitled-design-40-400x283-1-18x12.png 18w\" sizes=\"(max-width: 400px) 100vw, 400px\" \/><\/figure>\n<\/div>\n\n\n\n<p>Les participants sont guid\u00e9s \u00e0 travers cinq modules cl\u00e9s : (1) D\u00e9couverte de soi, (2) R\u00e9alisation de soi, innovation et prototypage, (3) Marketing et promotion, (4) Op\u00e9rations, financement et gestion financi\u00e8re, et (5) Planification strat\u00e9gique et durabilit\u00e9. Apr\u00e8s la formation, les participants entrent dans une \u00ab phase d\u2019incubation \u00bb de six mois, au cours de laquelle ils b\u00e9n\u00e9ficient d\u2019un encadrement et d\u2019un soutien pour lancer leur entreprise et travailler \u00e0 sa cr\u00e9ation en tant qu\u2019entreprise rentable et durable.<\/p>\n\n\n\n<figure class=\"wp-block-image size-full\"><img loading=\"lazy\" decoding=\"async\" width=\"800\" height=\"566\" src=\"https:\/\/ajan.africa\/wp-content\/uploads\/2024\/10\/Untitled-design-48-800x566-1.jpg\" alt=\"\" class=\"wp-image-15377\" srcset=\"https:\/\/ajan.africa\/wp-content\/uploads\/2024\/10\/Untitled-design-48-800x566-1.jpg 800w, https:\/\/ajan.africa\/wp-content\/uploads\/2024\/10\/Untitled-design-48-800x566-1-300x212.jpg 300w, https:\/\/ajan.africa\/wp-content\/uploads\/2024\/10\/Untitled-design-48-800x566-1-768x543.jpg 768w, https:\/\/ajan.africa\/wp-content\/uploads\/2024\/10\/Untitled-design-48-800x566-1-18x12.jpg 18w\" sizes=\"(max-width: 800px) 100vw, 800px\" \/><\/figure>\n\n\n\n<p>Le programme d\u2019autonomisation des jeunes du Centre j\u00e9suite d\u2019Urumuri repr\u00e9sente un investissement vital dans les jeunes qui sont d\u00e9termin\u00e9s \u00e0 fa\u00e7onner leur propre avenir et \u00e0 contribuer positivement \u00e0 la soci\u00e9t\u00e9. En fournissant des outils, un mentorat et des opportunit\u00e9s, le JUC vise \u00e0 encourager une nouvelle g\u00e9n\u00e9ration d\u2019entrepreneurs innovants et r\u00e9silients capables de faire progresser leurs communaut\u00e9s. Alors que ces participants se lancent dans leur voyage, ils portent avec eux l\u2019espoir et le soutien du JUC et de leurs communaut\u00e9s, pr\u00eats \u00e0 devenir les acteurs du changement de demain.<\/p>\n\n\n\n<p class=\"has-text-align-right translation-block\"><em><strong>Par<\/strong>, Henriette Mushimiyimana<\/em><\/p>\n\n\n\n<p class=\"has-text-align-right\">Charg\u00e9e de communication JUC<\/p>","protected":false},"excerpt":{"rendered":"<p>In the year 2024, AJAN set out to accompany the young people by offering economic empowerment to the youth through the Jesuit Youth Social Entrepreneurship Action (JYSEA) Program which brings a whole new approach in support of the youth and goes beyond simply intellectual and business skills. As we continue<\/p>\n<p><a class=\"sd-more sd-all-trans\" href=\"https:\/\/ajan.africa\/fr\/shaping-young-futures-juc-launches-new-cohort-for-youth-entrepreneurship-program\/#more-15369\">Lire la suite<\/a><\/p>","protected":false},"author":5,"featured_media":15378,"comment_status":"closed","ping_status":"open","sticky":false,"template":"","format":"standard","meta":{"om_disable_all_campaigns":false,"_monsterinsights_skip_tracking":false,"_monsterinsights_sitenote_active":false,"_monsterinsights_sitenote_note":"","_monsterinsights_sitenote_category":0,"footnotes":""},"categories":[98],"tags":[],"class_list":["post-15369","post","type-post","status-publish","format-standard","has-post-thumbnail","hentry","category-ajan-news-articles"],"aioseo_notices":[],"_links":{"self":[{"href":"https:\/\/ajan.africa\/fr\/wp-json\/wp\/v2\/posts\/15369","targetHints":{"allow":["GET"]}}],"collection":[{"href":"https:\/\/ajan.africa\/fr\/wp-json\/wp\/v2\/posts"}],"about":[{"href":"https:\/\/ajan.africa\/fr\/wp-json\/wp\/v2\/types\/post"}],"author":[{"embeddable":true,"href":"https:\/\/ajan.africa\/fr\/wp-json\/wp\/v2\/users\/5"}],"replies":[{"embeddable":true,"href":"https:\/\/ajan.africa\/fr\/wp-json\/wp\/v2\/comments?post=15369"}],"version-history":[{"count":0,"href":"https:\/\/ajan.africa\/fr\/wp-json\/wp\/v2\/posts\/15369\/revisions"}],"wp:featuredmedia":[{"embeddable":true,"href":"https:\/\/ajan.africa\/fr\/wp-json\/wp\/v2\/media\/15378"}],"wp:attachment":[{"href":"https:\/\/ajan.africa\/fr\/wp-json\/wp\/v2\/media?parent=15369"}],"wp:term":[{"taxonomy":"category","embeddable":true,"href":"https:\/\/ajan.africa\/fr\/wp-json\/wp\/v2\/categories?post=15369"},{"taxonomy":"post_tag","embeddable":true,"href":"https:\/\/ajan.africa\/fr\/wp-json\/wp\/v2\/tags?post=15369"}],"curies":[{"name":"wp","href":"https:\/\/api.w.org\/{rel}","templated":true}]}}