{"id":15402,"date":"2024-11-04T12:42:14","date_gmt":"2024-11-04T12:42:14","guid":{"rendered":"https:\/\/ajan.africa\/?p=15402"},"modified":"2024-11-04T12:42:18","modified_gmt":"2024-11-04T12:42:18","slug":"ajanews-editorial-brief-supporting-adolescent-girls-health-education-and-aspirations","status":"publish","type":"post","link":"https:\/\/ajan.africa\/fr\/ajanews-editorial-brief-supporting-adolescent-girls-health-education-and-aspirations\/","title":{"rendered":"Note \u00e9ditoriale d\u2019AJANews : Soutenir la sant\u00e9, l\u2019\u00e9ducation et les aspirations des adolescentes"},"content":{"rendered":"<p>Dans cette \u00e9dition d\u2019octobre 2024 de la newsletter AJANews, nous c\u00e9l\u00e9brons le Mois rose, une p\u00e9riode consacr\u00e9e \u00e0 la sensibilisation au cancer du sein, notamment \u00e0 ses premiers signes, \u00e0 ses sympt\u00f4mes et \u00e0 l\u2019importance de l\u2019\u00e9ducation pour dissiper les mythes, r\u00e9pondre aux peurs et lutter contre la d\u00e9sinformation. Selon l\u2019OMS, le cancer du sein tue plus de 500 000 femmes dans le monde chaque ann\u00e9e. Dans les pays pauvres en ressources, la majorit\u00e9 des femmes atteintes d\u2019un cancer du sein sont diagnostiqu\u00e9es \u00e0 un stade avanc\u00e9, ce qui entra\u00eene de faibles taux de survie.<\/p>\n\n\n\n<p class=\"translation-block\">Ce mois-ci, nous c\u00e9l\u00e9brons \u00e9galement la Journ\u00e9e internationale de la fille 2024, c\u00e9l\u00e9br\u00e9e le 11 octobre sous le th\u00e8me \u00ab La vision des filles pour l\u2019avenir \u00bb. L\u2019UNICEF estime que 34 millions de filles en Afrique subsaharienne ne sont pas scolaris\u00e9es dans le secondaire. Le Rapport mondial de suivi sur l\u2019\u00e9ducation 2023 (GEM) souligne que dans toutes les r\u00e9gions d\u2019Afrique, les filles sont plus nombreuses que les gar\u00e7ons \u00e0 ne pas fr\u00e9quenter l\u2019\u00e9cole secondaire, et que les disparit\u00e9s entre les sexes s\u2019aggravent \u00e0 mesure que les enfants progressent dans leur niveau d\u2019\u00e9ducation, favorisant les gar\u00e7ons par rapport aux filles. Le th\u00e8me de cette ann\u00e9e souligne donc l\u2019urgence d\u2019agir et incarne l\u2019espoir, port\u00e9 par le pouvoir des voix des filles et leurs visions de leur avenir.<\/p>\n\n\n\n<figure class=\"wp-block-image size-large\"><img fetchpriority=\"high\" decoding=\"async\" width=\"1024\" height=\"683\" src=\"https:\/\/ajan.africa\/wp-content\/uploads\/2024\/11\/GNr1ApqXEAABFcz-1-1024x683.jpeg\" alt=\"\" class=\"wp-image-15408\" srcset=\"https:\/\/ajan.africa\/wp-content\/uploads\/2024\/11\/GNr1ApqXEAABFcz-1-1024x683.jpeg 1024w, https:\/\/ajan.africa\/wp-content\/uploads\/2024\/11\/GNr1ApqXEAABFcz-1-300x200.jpeg 300w, https:\/\/ajan.africa\/wp-content\/uploads\/2024\/11\/GNr1ApqXEAABFcz-1-768x512.jpeg 768w, https:\/\/ajan.africa\/wp-content\/uploads\/2024\/11\/GNr1ApqXEAABFcz-1-1536x1024.jpeg 1536w, https:\/\/ajan.africa\/wp-content\/uploads\/2024\/11\/GNr1ApqXEAABFcz-1-18x12.jpeg 18w, https:\/\/ajan.africa\/wp-content\/uploads\/2024\/11\/GNr1ApqXEAABFcz-1.jpeg 1920w\" sizes=\"(max-width: 1024px) 100vw, 1024px\" \/><figcaption class=\"wp-element-caption translation-block\">Images ci-dessus de nos archives AJAN\u00a0: <em>L'image du haut montre des filles qui \u00e9tudient au Groupe Sc Kabuye au Rwanda\u00a0;<\/em><\/figcaption><\/figure>\n\n\n\n<p>Plus de quarante ans apr\u00e8s le d\u00e9but de la lutte contre le VIH, les adolescentes continuent de repr\u00e9senter 3 nouvelles infections \u00e0 VIH sur 4 parmi les adolescents. L\u2019Afrique reste l\u2019\u00e9picentre de l\u2019\u00e9pid\u00e9mie de sida, les adolescentes et les jeunes femmes \u00e9tant touch\u00e9es de mani\u00e8re disproportionn\u00e9e. En r\u00e9ponse \u00e0 cette statistique alarmante, le R\u00e9seau j\u00e9suite africain contre le sida (AJAN) est solidaire des filles vivant en marge de la soci\u00e9t\u00e9 et dans les zones de conflit. AJAN s\u2019engage \u00e0 soutenir les filles dans les 18 pays o\u00f9 il op\u00e8re, \u00e0 promouvoir leurs droits et leur dignit\u00e9, en particulier leur droit \u00e0 l\u2019\u00e9ducation, et \u00e0 les doter des comp\u00e9tences et des outils n\u00e9cessaires pour r\u00e9aliser pleinement leur potentiel.<\/p>\n\n\n\n<div class=\"wp-block-group is-nowrap is-layout-flex wp-container-core-group-is-layout-ad2f72ca wp-block-group-is-layout-flex\">\n<figure class=\"wp-block-image size-full is-resized\"><img decoding=\"async\" width=\"583\" height=\"351\" src=\"https:\/\/ajan.africa\/wp-content\/uploads\/2024\/11\/Screenshot-2024-10-25-113624.webp\" alt=\"\" class=\"wp-image-15403\" style=\"width:435px;height:auto\" srcset=\"https:\/\/ajan.africa\/wp-content\/uploads\/2024\/11\/Screenshot-2024-10-25-113624.webp 583w, https:\/\/ajan.africa\/wp-content\/uploads\/2024\/11\/Screenshot-2024-10-25-113624-300x181.webp 300w, https:\/\/ajan.africa\/wp-content\/uploads\/2024\/11\/Screenshot-2024-10-25-113624-18x12.webp 18w, https:\/\/ajan.africa\/wp-content\/uploads\/2024\/11\/Screenshot-2024-10-25-113624-366x220.webp 366w\" sizes=\"(max-width: 583px) 100vw, 583px\" \/><\/figure>\n\n\n\n<figure class=\"wp-block-image size-large is-resized\"><img decoding=\"async\" width=\"1024\" height=\"685\" src=\"https:\/\/ajan.africa\/wp-content\/uploads\/2024\/11\/DSC_0282-1024x685.jpg\" alt=\"\" class=\"wp-image-15407\" style=\"width:365px;height:auto\" srcset=\"https:\/\/ajan.africa\/wp-content\/uploads\/2024\/11\/DSC_0282-1024x685.jpg 1024w, https:\/\/ajan.africa\/wp-content\/uploads\/2024\/11\/DSC_0282-300x201.jpg 300w, https:\/\/ajan.africa\/wp-content\/uploads\/2024\/11\/DSC_0282-768x514.jpg 768w, https:\/\/ajan.africa\/wp-content\/uploads\/2024\/11\/DSC_0282-1536x1028.jpg 1536w, https:\/\/ajan.africa\/wp-content\/uploads\/2024\/11\/DSC_0282-18x12.jpg 18w, https:\/\/ajan.africa\/wp-content\/uploads\/2024\/11\/DSC_0282.jpg 1920w\" sizes=\"(max-width: 1024px) 100vw, 1024px\" \/><\/figure>\n<\/div>\n\n\n\n<p class=\"translation-block\">Images ci-dessus de nos archives AJAN\u00a0:<em>La deuxi\u00e8me image \u00e0 gauche montre des jeunes filles qui \u00e9tudient au Saint Joseph Development Programmes (SJDP) \u00e0 Kangemi, Nairobi, au Kenya\u00a0; la troisi\u00e8me image pr\u00e9sente des filles du secondaire lors d'un \u00e9v\u00e9nement organis\u00e9 par l'ABE, au Burkina Faso.<\/em><\/p>\n\n\n\n<p>Il est essentiel de reconna\u00eetre que les adolescentes ont le droit de mener une vie s\u00fbre, instruite et saine, non seulement pendant ces ann\u00e9es cruciales de formation, mais aussi lorsqu\u2019elles deviennent des femmes. Avec un soutien ad\u00e9quat pendant leur adolescence, les filles ont le potentiel de changer le monde en tant qu\u2019individus autonomes aujourd\u2019hui et en tant que travailleuses, m\u00e8res, entrepreneuses, mentors, chefs de famille et dirigeantes politiques de demain. Un avenir sans VIH et sans cancer pour les filles est possible, mais seulement si la communaut\u00e9 mondiale travaille ensemble.<\/p>\n\n\n\n<p>Dans ce num\u00e9ro d\u2019octobre, AJAN a pr\u00e9sent\u00e9 son programme de formation des formateurs AHAPPY aux cat\u00e9chistes des prisons de la r\u00e9gion c\u00f4ti\u00e8re, dans le but d\u2019insuffler de l\u2019espoir aux jeunes vuln\u00e9rables derri\u00e8re les barreaux. Dans ce num\u00e9ro, vous d\u00e9couvrirez \u00e9galement les progr\u00e8s du programme d\u2019autonomisation des jeunes, dirig\u00e9 par le centre j\u00e9suite d\u2019Urumuri, qui est ouvert aux jeunes rwandais et burundais. AJAN souhaite profiter de cette occasion pour souhaiter bonne chance \u00e0 tous les candidats qui passent leurs examens nationaux au Kenya, au programme de d\u00e9veloppement St. Joseph \u00e0 Kangemi et \u00e0 l\u2019\u00e9cole secondaire St. Aloysius Gonzaga \u00e0 Kibera.<\/p>\n\n\n\n<p class=\"has-text-align-right translation-block\"><strong><em>Par,<\/em><\/strong><em>\u00a0Dennis Owuoche,<\/em><\/p>\n\n\n\n<p class=\"has-text-align-right\">Charg\u00e9e de communication, AJAN<\/p>","protected":false},"excerpt":{"rendered":"<p>In this October 2024 edition of the AJANews Newsletter, we recognize Pink Month, a time dedicated to raising awareness about breast cancer, including its early signs, symptoms, and the importance of education to dispel myths, address fears, and counter misinformation. According to the WHO, breast cancer claims the lives of<\/p>\n<p><a class=\"sd-more sd-all-trans\" href=\"https:\/\/ajan.africa\/fr\/ajanews-editorial-brief-supporting-adolescent-girls-health-education-and-aspirations\/#more-15402\">Lire la suite<\/a><\/p>","protected":false},"author":155,"featured_media":15409,"comment_status":"closed","ping_status":"open","sticky":false,"template":"","format":"standard","meta":{"om_disable_all_campaigns":false,"_monsterinsights_skip_tracking":false,"_monsterinsights_sitenote_active":false,"_monsterinsights_sitenote_note":"","_monsterinsights_sitenote_category":0,"footnotes":""},"categories":[98],"tags":[],"class_list":["post-15402","post","type-post","status-publish","format-standard","has-post-thumbnail","hentry","category-ajan-news-articles"],"aioseo_notices":[],"_links":{"self":[{"href":"https:\/\/ajan.africa\/fr\/wp-json\/wp\/v2\/posts\/15402","targetHints":{"allow":["GET"]}}],"collection":[{"href":"https:\/\/ajan.africa\/fr\/wp-json\/wp\/v2\/posts"}],"about":[{"href":"https:\/\/ajan.africa\/fr\/wp-json\/wp\/v2\/types\/post"}],"author":[{"embeddable":true,"href":"https:\/\/ajan.africa\/fr\/wp-json\/wp\/v2\/users\/155"}],"replies":[{"embeddable":true,"href":"https:\/\/ajan.africa\/fr\/wp-json\/wp\/v2\/comments?post=15402"}],"version-history":[{"count":0,"href":"https:\/\/ajan.africa\/fr\/wp-json\/wp\/v2\/posts\/15402\/revisions"}],"wp:featuredmedia":[{"embeddable":true,"href":"https:\/\/ajan.africa\/fr\/wp-json\/wp\/v2\/media\/15409"}],"wp:attachment":[{"href":"https:\/\/ajan.africa\/fr\/wp-json\/wp\/v2\/media?parent=15402"}],"wp:term":[{"taxonomy":"category","embeddable":true,"href":"https:\/\/ajan.africa\/fr\/wp-json\/wp\/v2\/categories?post=15402"},{"taxonomy":"post_tag","embeddable":true,"href":"https:\/\/ajan.africa\/fr\/wp-json\/wp\/v2\/tags?post=15402"}],"curies":[{"name":"wp","href":"https:\/\/api.w.org\/{rel}","templated":true}]}}