{"id":15895,"date":"2024-12-02T19:48:44","date_gmt":"2024-12-02T19:48:44","guid":{"rendered":"https:\/\/ajan.africa\/?p=15895"},"modified":"2025-02-06T05:15:01","modified_gmt":"2025-02-06T05:15:01","slug":"capacity-building-of-the-catholic-youth-leaders-from-machakos-kenya","status":"publish","type":"post","link":"https:\/\/ajan.africa\/fr\/capacity-building-of-the-catholic-youth-leaders-from-machakos-kenya\/","title":{"rendered":"Renforcement des capacit\u00e9s des jeunes leaders catholiques de Machakos-Kenya"},"content":{"rendered":"<p>Le R\u00e9seau j\u00e9suite africain de lutte contre le sida (AJAN), en collaboration avec le dioc\u00e8se catholique de Machakos, a organis\u00e9 un atelier de formation de formateurs AHAPPY de 5 jours pour les jeunes visant \u00e0 renforcer leur d\u00e9veloppement int\u00e9gral. La formation qui a eu lieu du 2 au 6 d\u00e9cembre 2024 a r\u00e9uni 65 jeunes leaders de diff\u00e9rentes paroisses du dioc\u00e8se catholique de Machakos.<\/p>\n\n\n\n<figure class=\"wp-block-image size-large\"><img fetchpriority=\"high\" decoding=\"async\" width=\"1024\" height=\"683\" src=\"https:\/\/ajan.africa\/wp-content\/uploads\/2024\/12\/DSC00399-1024x683.jpg\" alt=\"\" class=\"wp-image-15897\" srcset=\"https:\/\/ajan.africa\/wp-content\/uploads\/2024\/12\/DSC00399-1024x683.jpg 1024w, https:\/\/ajan.africa\/wp-content\/uploads\/2024\/12\/DSC00399-300x200.jpg 300w, https:\/\/ajan.africa\/wp-content\/uploads\/2024\/12\/DSC00399-768x512.jpg 768w, https:\/\/ajan.africa\/wp-content\/uploads\/2024\/12\/DSC00399-1536x1024.jpg 1536w, https:\/\/ajan.africa\/wp-content\/uploads\/2024\/12\/DSC00399-18x12.jpg 18w, https:\/\/ajan.africa\/wp-content\/uploads\/2024\/12\/DSC00399.jpg 1920w\" sizes=\"(max-width: 1024px) 100vw, 1024px\" \/><\/figure>\n\n\n\n<h2 class=\"wp-block-heading translation-block\"><strong>Du premier au cinqui\u00e8me jour, les jeunes leaders sont guid\u00e9s \u00e0 travers les cinq modules du programme AHAPPY<\/h2>\n\n\n\n<p>Les s\u00e9ances d'ouverture ont \u00e9t\u00e9 dirig\u00e9es par le P\u00e8re Alexander Kituku, aum\u00f4nier des jeunes du dioc\u00e8se catholique de Machakos, qui a souhait\u00e9 la bienvenue aux participants et les a mis au d\u00e9fi d'utiliser l'atelier pour acqu\u00e9rir davantage de connaissances et avoir un aper\u00e7u de la mani\u00e8re dont ils peuvent s'am\u00e9liorer et transmettre les connaissances acquises aux jeunes de leurs paroisses respectives.<\/p>\n\n\n\n<figure class=\"wp-block-image size-large\"><img decoding=\"async\" width=\"1024\" height=\"683\" src=\"https:\/\/ajan.africa\/wp-content\/uploads\/2024\/12\/DSC00251-1024x683.jpg\" alt=\"\" class=\"wp-image-15898\" srcset=\"https:\/\/ajan.africa\/wp-content\/uploads\/2024\/12\/DSC00251-1024x683.jpg 1024w, https:\/\/ajan.africa\/wp-content\/uploads\/2024\/12\/DSC00251-300x200.jpg 300w, https:\/\/ajan.africa\/wp-content\/uploads\/2024\/12\/DSC00251-768x512.jpg 768w, https:\/\/ajan.africa\/wp-content\/uploads\/2024\/12\/DSC00251-1536x1024.jpg 1536w, https:\/\/ajan.africa\/wp-content\/uploads\/2024\/12\/DSC00251-18x12.jpg 18w, https:\/\/ajan.africa\/wp-content\/uploads\/2024\/12\/DSC00251.jpg 1920w\" sizes=\"(max-width: 1024px) 100vw, 1024px\" \/><figcaption class=\"wp-element-caption translation-block\"><em>Mme Pascalia Sergon, Responsable du renforcement des capacit\u00e9s d'AJAN<\/em>, <em>lors de la s\u00e9ance d'ouverture de l'AHAPPY ToT.<\/em><\/figcaption><\/figure>\n\n\n\n<p>Mme Pascalia Sergon, Responsable du renforcement des capacit\u00e9s d'AJAN et l'une des facilitatrices d'AHAPPY, a pr\u00e9sent\u00e9 aux participants la p\u00e9dagogie du manuel du Programme de pr\u00e9vention du VIH et du SIDA pour les jeunes d'AJAN (AHAPPY), un outil de formation con\u00e7u par AJAN pour accompagner les jeunes. Le manuel AHAPPY se compose de cinq modules, o\u00f9 les participants sont emmen\u00e9s dans un voyage de d\u00e9couverte de soi et de leurs relations avec les autres, avec le monde qui nous entoure et avec Dieu. Les modules comprennent :<\/p>\n\n\n\n<p>Module A ; M'\u00e9veiller \u00e0 moi-m\u00eame, Module B ; Ce monde dans lequel je vis, Module C ; Faire face \u00e0 un monde avec le VIH et le SIDA, Module D ; Me conna\u00eetre pour grandir, et Module E ; Les fondations sur lesquelles je construis ma vie.<\/p>\n\n\n\n<p>Les participants ayant soulign\u00e9 leurs principales attentes en mati\u00e8re d\u2019acquisition de nouvelles connaissances et de meilleure gestion de leurs groupes de jeunes, le manuel de formation AHAPPY sera un excellent guide pour les formateurs potentiels, et l\u2019atelier de cinq jours a fourni un lieu de discussion anim\u00e9e sur le contenu.<\/p>\n\n\n\n<figure class=\"wp-block-image size-large\"><img decoding=\"async\" width=\"1024\" height=\"683\" src=\"https:\/\/ajan.africa\/wp-content\/uploads\/2024\/12\/DSC00258-1024x683.jpg\" alt=\"\" class=\"wp-image-15900\" srcset=\"https:\/\/ajan.africa\/wp-content\/uploads\/2024\/12\/DSC00258-1024x683.jpg 1024w, https:\/\/ajan.africa\/wp-content\/uploads\/2024\/12\/DSC00258-300x200.jpg 300w, https:\/\/ajan.africa\/wp-content\/uploads\/2024\/12\/DSC00258-768x512.jpg 768w, https:\/\/ajan.africa\/wp-content\/uploads\/2024\/12\/DSC00258-1536x1024.jpg 1536w, https:\/\/ajan.africa\/wp-content\/uploads\/2024\/12\/DSC00258-18x12.jpg 18w, https:\/\/ajan.africa\/wp-content\/uploads\/2024\/12\/DSC00258.jpg 1920w\" sizes=\"(max-width: 1024px) 100vw, 1024px\" \/><\/figure>\n\n\n\n<p>Sous la direction des animateurs du jour, Mme Lucy Monari, Fernando Nimbu, Dennis Owuoche et M. Johnfisher Ondigo, les participants ont suivi les cinq modules et ont re\u00e7u diverses informations sur un \u00e9ventail de r\u00e9alit\u00e9s surprenantes, allant de leur beaut\u00e9 intrins\u00e8que en tant qu'enfants bien-aim\u00e9s de Dieu, au paradoxe d'un monde magnifique g\u00e2ch\u00e9 par l'impact du mal, en passant par les facteurs scientifiques sur le VIH et le SIDA, y compris les risques soci\u00e9taux, structurels et individuels qui rendent une personne vuln\u00e9rable. Les participants ont pu acqu\u00e9rir les comp\u00e9tences de vie et les valeurs n\u00e9cessaires non seulement pour pr\u00e9venir les risques, mais aussi pour construire de mani\u00e8re proactive un monde exempt d'injustice et de ses cons\u00e9quences, parmi lesquelles le VIH, le SIDA et la toxicomanie.<\/p>\n\n\n\n<figure class=\"wp-block-image size-large\"><img loading=\"lazy\" decoding=\"async\" width=\"1024\" height=\"683\" src=\"https:\/\/ajan.africa\/wp-content\/uploads\/2024\/12\/DSC00661-1024x683.jpg\" alt=\"\" class=\"wp-image-15937\" srcset=\"https:\/\/ajan.africa\/wp-content\/uploads\/2024\/12\/DSC00661-1024x683.jpg 1024w, https:\/\/ajan.africa\/wp-content\/uploads\/2024\/12\/DSC00661-300x200.jpg 300w, https:\/\/ajan.africa\/wp-content\/uploads\/2024\/12\/DSC00661-768x512.jpg 768w, https:\/\/ajan.africa\/wp-content\/uploads\/2024\/12\/DSC00661-1536x1024.jpg 1536w, https:\/\/ajan.africa\/wp-content\/uploads\/2024\/12\/DSC00661-18x12.jpg 18w, https:\/\/ajan.africa\/wp-content\/uploads\/2024\/12\/DSC00661.jpg 1920w\" sizes=\"(max-width: 1024px) 100vw, 1024px\" \/><figcaption class=\"wp-element-caption\"><em>Dennis Owuoche, l'un des animateurs AHAPPY lors de la session de formation AHAPPY du jour 4.<\/em><\/figcaption><\/figure>\n\n\n\n<h2 class=\"wp-block-heading\"><strong>Commentaires de l'aum\u00f4nier des jeunes du dioc\u00e8se catholique de Machakos<\/strong><\/h2>\n\n\n\n<figure class=\"wp-block-image size-large\"><img loading=\"lazy\" decoding=\"async\" width=\"1024\" height=\"683\" src=\"https:\/\/ajan.africa\/wp-content\/uploads\/2024\/12\/DSC01070-1024x683.jpg\" alt=\"\" class=\"wp-image-15923\" srcset=\"https:\/\/ajan.africa\/wp-content\/uploads\/2024\/12\/DSC01070-1024x683.jpg 1024w, https:\/\/ajan.africa\/wp-content\/uploads\/2024\/12\/DSC01070-300x200.jpg 300w, https:\/\/ajan.africa\/wp-content\/uploads\/2024\/12\/DSC01070-768x512.jpg 768w, https:\/\/ajan.africa\/wp-content\/uploads\/2024\/12\/DSC01070-1536x1024.jpg 1536w, https:\/\/ajan.africa\/wp-content\/uploads\/2024\/12\/DSC01070-18x12.jpg 18w, https:\/\/ajan.africa\/wp-content\/uploads\/2024\/12\/DSC01070.jpg 1920w\" sizes=\"(max-width: 1024px) 100vw, 1024px\" \/><figcaption class=\"wp-element-caption\"><em>Mme Pascalia Sergon, responsable du renforcement des capacit\u00e9s d'AJAN, remet le manuel AHAPPY au p\u00e8re Alexander Kituku, aum\u00f4nier des jeunes du dioc\u00e8se catholique de Machakos<\/em>.<\/figcaption><\/figure>\n\n\n\n<p>S\u2019exprimant \u00e0 la fin de la formation de cinq jours, le P\u00e8re Alexander Kituku, aum\u00f4nier des jeunes, a d\u00e9clar\u00e9 : \u00ab La formation AHAPPY a \u00e9t\u00e9 un succ\u00e8s. Les jeunes ont \u00e9t\u00e9 responsabilis\u00e9s spirituellement et mentalement et ont re\u00e7u une orientation de vie. Ils ont acquis des connaissances sur le VIH et le sida, leur impact sur la soci\u00e9t\u00e9 et l\u2019importance de la vie de famille comme fondement de la construction d\u2019une communaut\u00e9 d\u00e9vou\u00e9e \u00e0 Dieu.<\/p>\n\n\n\n<p class=\"translation-block\">Ayant particip\u00e9 \u00e0 la formation, j\u2019ai pu observer la m\u00e9thodologie employ\u00e9e par les animateurs d\u2019AJAN, qui ont su \u00e9tablir un lien avec les jeunes et les aider \u00e0 se comprendre en se concentrant sur \u00ab Moi, ici et maintenant \u00bb. Les jeunes sont capables de commencer par se conna\u00eetre eux-m\u00eames, de savoir qui ils sont, et, par la suite, d\u2019aider leurs pairs, leurs amis et la soci\u00e9t\u00e9.<\/p>\n\n\n\n<p>Les animateurs ont \u00e9galement \u00e9t\u00e9 interactifs, donnant aux participants la possibilit\u00e9 de s\u2019exprimer. Les jeunes ont pr\u00e9sent\u00e9 les probl\u00e8mes auxquels ils sont confront\u00e9s dans la soci\u00e9t\u00e9, et ils ont \u00e9galement \u00e9t\u00e9 mis au d\u00e9fi d\u2019identifier et de proposer des solutions \u00e0 ces probl\u00e8mes. J\u2019esp\u00e8re que les jeunes qui ont assist\u00e9 \u00e0 ces sessions sortiront et deviendront des leaders, en utilisant les connaissances qu\u2019ils ont acquises pour sensibiliser au VIH et au SIDA et pour vivre une vie sainte sans d\u00e9cadence morale. Gr\u00e2ce \u00e0 cela, nous envisageons un avenir avec une soci\u00e9t\u00e9 transform\u00e9e et une \u00e9glise qui nous soutient.<\/p>\n\n\n\n<figure class=\"wp-block-image size-large\"><img loading=\"lazy\" decoding=\"async\" width=\"1024\" height=\"683\" src=\"https:\/\/ajan.africa\/wp-content\/uploads\/2024\/12\/DSC01046-1024x683.jpg\" alt=\"\" class=\"wp-image-15922\" srcset=\"https:\/\/ajan.africa\/wp-content\/uploads\/2024\/12\/DSC01046-1024x683.jpg 1024w, https:\/\/ajan.africa\/wp-content\/uploads\/2024\/12\/DSC01046-300x200.jpg 300w, https:\/\/ajan.africa\/wp-content\/uploads\/2024\/12\/DSC01046-768x512.jpg 768w, https:\/\/ajan.africa\/wp-content\/uploads\/2024\/12\/DSC01046-1536x1024.jpg 1536w, https:\/\/ajan.africa\/wp-content\/uploads\/2024\/12\/DSC01046-18x12.jpg 18w, https:\/\/ajan.africa\/wp-content\/uploads\/2024\/12\/DSC01046.jpg 1920w\" sizes=\"(max-width: 1024px) 100vw, 1024px\" \/><figcaption class=\"wp-element-caption\"><em>Le P\u00e8re Alexander Kituku, aum\u00f4nier des jeunes du dioc\u00e8se catholique de Machakos, pr\u00e9side la messe de mise en service des jeunes leaders qui ont particip\u00e9 \u00e0 la formation des formateurs AHAPPY<\/em>.<\/figcaption><\/figure>\n\n\n\n<h2 class=\"wp-block-heading\"><strong>Commentaires d'un des facilitateurs AHAPPY<\/strong><\/h2>\n\n\n\n<p>Mme Lucy Monari, coordinatrice de la protection \u00e0 la Conf\u00e9rence j\u00e9suite d\u2019Afrique et de Madagascar et l\u2019une des animatrices d\u2019AHAPPY, a d\u00e9clar\u00e9 : \u00ab J\u2019ai eu une exp\u00e9rience formidable ; les jeunes \u00e9taient actifs, engageants et cr\u00e9atifs. J\u2019esp\u00e8re qu\u2019ils seront capables de se voir de mani\u00e8re plus positive, d\u2019identifier leurs faiblesses et de prendre conscience de leurs luttes int\u00e9rieures dans la vie.<\/p>\n\n\n\n<p>Je suis tr\u00e8s heureuse que les jeunes aient identifi\u00e9 la protection et la mauvaise parentalit\u00e9 comme des sujets d\u2019int\u00e9r\u00eat et des probl\u00e8mes qu\u2019ils pr\u00e9voient de r\u00e9soudre en formant d\u2019autres jeunes dans leurs paroisses respectives. Les participants \u00e9taient particuli\u00e8rement int\u00e9ress\u00e9s par les valeurs familiales et leur propre spiritualit\u00e9. J\u2019esp\u00e8re sinc\u00e8rement qu\u2019ils emporteront avec eux la connaissance des valeurs familiales et qu\u2019ils prendront des mesures coh\u00e9rentes pour devenir des p\u00e8lerins d\u2019espoir dans le dioc\u00e8se en apportant des changements significatifs dans leur propre vie, leur famille et l\u2019\u00c9glise.<\/p>\n\n\n\n<figure class=\"wp-block-image size-large\"><img loading=\"lazy\" decoding=\"async\" width=\"1024\" height=\"683\" src=\"https:\/\/ajan.africa\/wp-content\/uploads\/2024\/12\/DSC00334-1024x683.jpg\" alt=\"\" class=\"wp-image-15933\" srcset=\"https:\/\/ajan.africa\/wp-content\/uploads\/2024\/12\/DSC00334-1024x683.jpg 1024w, https:\/\/ajan.africa\/wp-content\/uploads\/2024\/12\/DSC00334-300x200.jpg 300w, https:\/\/ajan.africa\/wp-content\/uploads\/2024\/12\/DSC00334-768x512.jpg 768w, https:\/\/ajan.africa\/wp-content\/uploads\/2024\/12\/DSC00334-1536x1024.jpg 1536w, https:\/\/ajan.africa\/wp-content\/uploads\/2024\/12\/DSC00334-18x12.jpg 18w, https:\/\/ajan.africa\/wp-content\/uploads\/2024\/12\/DSC00334.jpg 1920w\" sizes=\"(max-width: 1024px) 100vw, 1024px\" \/><figcaption class=\"wp-element-caption\"><em>Mme Lucy Monari lors d'une s\u00e9ance de travail de groupe sur la protection avec les participants du programme AHAPPY ToT.<\/em><\/figcaption><\/figure>\n\n\n\n<h2 class=\"wp-block-heading\"><strong>Commentaires des participants<\/strong><\/h2>\n\n\n\n<p>Joshua Muthama, qui vient de la paroisse de Katoloni, doyenn\u00e9 de Machakos, a d\u00e9clar\u00e9 : \u00ab J\u2019ai ador\u00e9 la m\u00e9thode d\u2019animation utilis\u00e9e lors de la formation. \u00c9tant passionn\u00e9 par la narration visuelle, je vais utiliser les connaissances acquises pour cr\u00e9er des histoires percutantes, notamment sur des questions de sant\u00e9 reproductive, de sant\u00e9 mentale et de violence sexiste. \u00bb<\/p>\n\n\n\n<figure class=\"wp-block-image size-large\"><img loading=\"lazy\" decoding=\"async\" width=\"1024\" height=\"683\" src=\"https:\/\/ajan.africa\/wp-content\/uploads\/2024\/12\/DSC01031-1024x683.jpg\" alt=\"\" class=\"wp-image-15932\" srcset=\"https:\/\/ajan.africa\/wp-content\/uploads\/2024\/12\/DSC01031-1024x683.jpg 1024w, https:\/\/ajan.africa\/wp-content\/uploads\/2024\/12\/DSC01031-300x200.jpg 300w, https:\/\/ajan.africa\/wp-content\/uploads\/2024\/12\/DSC01031-768x512.jpg 768w, https:\/\/ajan.africa\/wp-content\/uploads\/2024\/12\/DSC01031-1536x1024.jpg 1536w, https:\/\/ajan.africa\/wp-content\/uploads\/2024\/12\/DSC01031-18x12.jpg 18w, https:\/\/ajan.africa\/wp-content\/uploads\/2024\/12\/DSC01031.jpg 1920w\" sizes=\"(max-width: 1024px) 100vw, 1024px\" \/><figcaption class=\"wp-element-caption translation-block\">Sophie Kavuu, du doyenn\u00e9 de Mwala, re\u00e7oit son certificat AHAPPY des mains du p\u00e8re Alexander, aum\u00f4nier des jeunes, dioc\u00e8se de Machakos.<\/figcaption><\/figure>\n\n\n\n<p>Sophie Kavuu, du doyenn\u00e9 de Mwala, dans le dioc\u00e8se de Machakos, a d\u00e9clar\u00e9 : \u00ab Le deuxi\u00e8me jour de la formation, les animateurs ont partag\u00e9 avec nous leurs connaissances sur des sujets tels que les infections sexuellement transmissibles et les abus envers les mineurs et les adultes vuln\u00e9rables. J\u2019ai compris que les enfants et les adultes vuln\u00e9rables subissent diverses formes d\u2019abus : physiques, sexuels et \u00e9motionnels. Pour les enfants, c\u2019est particuli\u00e8rement difficile car ils ne peuvent souvent pas se d\u00e9fendre lorsqu\u2019ils sont victimes d\u2019abus. Ces abus se produisent dans les foyers, les \u00e9coles, les \u00e9glises et les lieux de travail. En tant qu\u2019\u00e9tudiante universitaire, j\u2019ai l\u2019intention d\u2019utiliser les connaissances que j\u2019ai acquises pour peut-\u00eatre lancer un podcast ou encadrer les jeunes dans les \u00e9coles, les \u00e9glises et la soci\u00e9t\u00e9. Je veux sensibiliser, encourager les jeunes \u00e0 se d\u00e9couvrir et \u00e0 se concentrer sur leurs objectifs afin que nous puissions prosp\u00e9rer dans la vie. \u00bb<\/p>\n\n\n\n<div class=\"wp-block-group is-nowrap is-layout-flex wp-container-core-group-is-layout-ad2f72ca wp-block-group-is-layout-flex\">\n<figure class=\"wp-block-image size-large\"><img loading=\"lazy\" decoding=\"async\" width=\"1024\" height=\"683\" src=\"https:\/\/ajan.africa\/wp-content\/uploads\/2024\/12\/DSC00398-1024x683.jpg\" alt=\"\" class=\"wp-image-15934\" srcset=\"https:\/\/ajan.africa\/wp-content\/uploads\/2024\/12\/DSC00398-1024x683.jpg 1024w, https:\/\/ajan.africa\/wp-content\/uploads\/2024\/12\/DSC00398-300x200.jpg 300w, https:\/\/ajan.africa\/wp-content\/uploads\/2024\/12\/DSC00398-768x512.jpg 768w, https:\/\/ajan.africa\/wp-content\/uploads\/2024\/12\/DSC00398-1536x1024.jpg 1536w, https:\/\/ajan.africa\/wp-content\/uploads\/2024\/12\/DSC00398-18x12.jpg 18w, https:\/\/ajan.africa\/wp-content\/uploads\/2024\/12\/DSC00398.jpg 1920w\" sizes=\"(max-width: 1024px) 100vw, 1024px\" \/><\/figure>\n\n\n\n<figure class=\"wp-block-image size-large\"><img loading=\"lazy\" decoding=\"async\" width=\"1024\" height=\"683\" src=\"https:\/\/ajan.africa\/wp-content\/uploads\/2024\/12\/DSC00563-1024x683.jpg\" alt=\"\" class=\"wp-image-15935\" srcset=\"https:\/\/ajan.africa\/wp-content\/uploads\/2024\/12\/DSC00563-1024x683.jpg 1024w, https:\/\/ajan.africa\/wp-content\/uploads\/2024\/12\/DSC00563-300x200.jpg 300w, https:\/\/ajan.africa\/wp-content\/uploads\/2024\/12\/DSC00563-768x512.jpg 768w, https:\/\/ajan.africa\/wp-content\/uploads\/2024\/12\/DSC00563-1536x1024.jpg 1536w, https:\/\/ajan.africa\/wp-content\/uploads\/2024\/12\/DSC00563-18x12.jpg 18w, https:\/\/ajan.africa\/wp-content\/uploads\/2024\/12\/DSC00563.jpg 1920w\" sizes=\"(max-width: 1024px) 100vw, 1024px\" \/><\/figure>\n<\/div>\n\n\n\n<figure class=\"wp-block-image size-large\"><img loading=\"lazy\" decoding=\"async\" width=\"1024\" height=\"683\" src=\"https:\/\/ajan.africa\/wp-content\/uploads\/2024\/12\/DSC01068-1024x683.jpg\" alt=\"\" class=\"wp-image-15936\" srcset=\"https:\/\/ajan.africa\/wp-content\/uploads\/2024\/12\/DSC01068-1024x683.jpg 1024w, https:\/\/ajan.africa\/wp-content\/uploads\/2024\/12\/DSC01068-300x200.jpg 300w, https:\/\/ajan.africa\/wp-content\/uploads\/2024\/12\/DSC01068-768x512.jpg 768w, https:\/\/ajan.africa\/wp-content\/uploads\/2024\/12\/DSC01068-1536x1024.jpg 1536w, https:\/\/ajan.africa\/wp-content\/uploads\/2024\/12\/DSC01068-18x12.jpg 18w, https:\/\/ajan.africa\/wp-content\/uploads\/2024\/12\/DSC01068.jpg 1920w\" sizes=\"(max-width: 1024px) 100vw, 1024px\" \/><figcaption class=\"wp-element-caption\"><em>Les photos 1 et 2 ci-dessus, \u00e0 gauche et \u00e0 droite respectivement, montrent M. Ondigo Johnfisher et Fernando Nimbu, R\u00e9gent \u00e0 l'AJAN, qui dirigent l'une des sessions de formation. Ci-dessous, une photo de groupe \u00e0 la fin de la formation de cinq jours.<\/em><\/figcaption><\/figure>\n\n\n\n<p>No final dos cinco dias de forma\u00e7\u00e3o AHAPPY, foi realizada uma missa de encomenda, marcando o culminar de uma experi\u00eancia fortalecedora e transformadora. Durante a missa, aos jovens participantes foi confiada a miss\u00e3o de se tornarem estagi\u00e1rios e mentores, encarregados de levar os conhecimentos e valores que adquiriram \u00e0s respetivas par\u00f3quias e comunidades. Foram encorajados a partilhar a mensagem de esperan\u00e7a, a promover a consciencializa\u00e7\u00e3o sobre quest\u00f5es cr\u00edticas como a salvaguarda, os valores familiares e o crescimento espiritual, e a inspirar outros a levar vidas enraizadas na f\u00e9, no prop\u00f3sito e na integridade. A encomenda simbolizou um apelo \u00e0 ac\u00e7\u00e3o, exortando os jovens a serem far\u00f3is de mudan\u00e7a e l\u00edderes na sua sociedade, promovendo uma cultura de amor, resili\u00eancia e devo\u00e7\u00e3o para construir uma comunidade melhor e centrada em Deus.<\/p>\n\n\n\n<p class=\"has-text-align-right translation-block\"><em>Par<\/em>, <strong>Owuoche Dennis<\/strong>,<\/p>\n\n\n\n<p class=\"has-text-align-right\">Charg\u00e9e de communication, AJAN<\/p>","protected":false},"excerpt":{"rendered":"<p>African Jesuit AIDS Network (AJAN) in collaboration with the Catholic Diocese of Machakos, undertook a 5-day AHAPPY training of trainers workshop for youth aimed at bolstering their integral Development.\u00a0The training which took place from the 2nd to 6th December 2024 brought together 65 youth leaders from different parishes of the<\/p>\n<p><a class=\"sd-more sd-all-trans\" href=\"https:\/\/ajan.africa\/fr\/capacity-building-of-the-catholic-youth-leaders-from-machakos-kenya\/#more-15895\">Lire la suite<\/a><\/p>","protected":false},"author":155,"featured_media":15926,"comment_status":"closed","ping_status":"open","sticky":false,"template":"","format":"standard","meta":{"om_disable_all_campaigns":false,"_monsterinsights_skip_tracking":false,"_monsterinsights_sitenote_active":false,"_monsterinsights_sitenote_note":"","_monsterinsights_sitenote_category":0,"footnotes":""},"categories":[110,98],"tags":[],"class_list":["post-15895","post","type-post","status-publish","format-standard","has-post-thumbnail","hentry","category-ahappy-tot","category-ajan-news-articles"],"aioseo_notices":[],"_links":{"self":[{"href":"https:\/\/ajan.africa\/fr\/wp-json\/wp\/v2\/posts\/15895","targetHints":{"allow":["GET"]}}],"collection":[{"href":"https:\/\/ajan.africa\/fr\/wp-json\/wp\/v2\/posts"}],"about":[{"href":"https:\/\/ajan.africa\/fr\/wp-json\/wp\/v2\/types\/post"}],"author":[{"embeddable":true,"href":"https:\/\/ajan.africa\/fr\/wp-json\/wp\/v2\/users\/155"}],"replies":[{"embeddable":true,"href":"https:\/\/ajan.africa\/fr\/wp-json\/wp\/v2\/comments?post=15895"}],"version-history":[{"count":0,"href":"https:\/\/ajan.africa\/fr\/wp-json\/wp\/v2\/posts\/15895\/revisions"}],"wp:featuredmedia":[{"embeddable":true,"href":"https:\/\/ajan.africa\/fr\/wp-json\/wp\/v2\/media\/15926"}],"wp:attachment":[{"href":"https:\/\/ajan.africa\/fr\/wp-json\/wp\/v2\/media?parent=15895"}],"wp:term":[{"taxonomy":"category","embeddable":true,"href":"https:\/\/ajan.africa\/fr\/wp-json\/wp\/v2\/categories?post=15895"},{"taxonomy":"post_tag","embeddable":true,"href":"https:\/\/ajan.africa\/fr\/wp-json\/wp\/v2\/tags?post=15895"}],"curies":[{"name":"wp","href":"https:\/\/api.w.org\/{rel}","templated":true}]}}