{"id":16296,"date":"2025-02-28T06:32:43","date_gmt":"2025-02-28T06:32:43","guid":{"rendered":"https:\/\/ajan.africa\/?p=16296"},"modified":"2025-03-22T06:36:20","modified_gmt":"2025-03-22T06:36:20","slug":"how-financial-support-boosted-my-loincloth-business-and-increased-profits","status":"publish","type":"post","link":"https:\/\/ajan.africa\/fr\/how-financial-support-boosted-my-loincloth-business-and-increased-profits\/","title":{"rendered":"Comment le soutien financier a stimul\u00e9 mon activit\u00e9 de pagne et augment\u00e9 mes b\u00e9n\u00e9fices"},"content":{"rendered":"<p>Je suis tisserande depuis plus de dix ans et je suis tr\u00e8s heureuse d\u2019avoir b\u00e9n\u00e9fici\u00e9 de cette aide de l\u2019ABE, dans le cadre du programme d\u2019autonomisation des femmes soutenu par AJAN. Car cela m\u2019a permis de renforcer l\u2019activit\u00e9. Franchement, je mentirais si je disais que le pr\u00eat ne m\u2019a pas beaucoup aid\u00e9. J\u2019ai souscrit le pr\u00eat le 9 juillet 2024, date \u00e0 laquelle l\u2019activit\u00e9 \u00e9tait d\u00e9j\u00e0 bien lanc\u00e9e. Cependant, comme cela arrivait pendant la saison des pluies, notre cour \u00e9tait inond\u00e9e \u00e0 chaque forte averse, ce qui ralentissait le travail. Mais je remercie Dieu de m\u2019avoir permis de continuer. Gr\u00e2ce au pr\u00eat, j\u2019ai pu acheter plus facilement des mati\u00e8res premi\u00e8res. Le b\u00e9n\u00e9fice que je r\u00e9alise me permet de payer la scolarit\u00e9 de mes enfants et de subvenir \u00e0 mes propres besoins.<\/p>\n\n\n<div class=\"wp-block-image\">\n<figure class=\"aligncenter size-full\"><img fetchpriority=\"high\" decoding=\"async\" width=\"521\" height=\"367\" src=\"https:\/\/ajan.africa\/wp-content\/uploads\/2025\/02\/Wendlasida-Alizeta-Ouedraogo-Loincloths.jpg\" alt=\"\" class=\"wp-image-16297\" srcset=\"https:\/\/ajan.africa\/wp-content\/uploads\/2025\/02\/Wendlasida-Alizeta-Ouedraogo-Loincloths.jpg 521w, https:\/\/ajan.africa\/wp-content\/uploads\/2025\/02\/Wendlasida-Alizeta-Ouedraogo-Loincloths-300x211.jpg 300w, https:\/\/ajan.africa\/wp-content\/uploads\/2025\/02\/Wendlasida-Alizeta-Ouedraogo-Loincloths-18x12.jpg 18w\" sizes=\"(max-width: 521px) 100vw, 521px\" \/><\/figure>\n<\/div>\n\n\n<p>Les difficult\u00e9s sont, d\u2019une mani\u00e8re g\u00e9n\u00e9rale, le manque de march\u00e9. Nous prions pour que la paix revienne dans le pays. Nous prions pour que Dieu b\u00e9nisse encore davantage les donateurs, qu\u2019il leur accorde longue vie, sant\u00e9 et force, et qu\u2019il fasse prosp\u00e9rer leurs activit\u00e9s et leurs familles. Leur choix d\u2019accompagner les femmes nous va droit au c\u0153ur. Merci beaucoup \u00e0 tous.<\/p>\n\n\n\n<p class=\"translation-block\"><em>Par<\/em>, <strong>Wendlasida Alizeta Ou\u00e9draogo<\/strong><\/p>\n\n\n\n<p>B\u00e9n\u00e9ficiaire de l'ABE, Burkina Faso.<\/p>","protected":false},"excerpt":{"rendered":"<p>I&#8217;ve been a weaver for over ten years and I&#8217;m very happy to have benefited from this aid from ABE, under the women empowerment program that is being supported by AJAN. As it has enabled me to strengthen the business. Frankly, I&#8217;d be lying if I said the loan didn&#8217;t<\/p>\n<p><a class=\"sd-more sd-all-trans\" href=\"https:\/\/ajan.africa\/fr\/how-financial-support-boosted-my-loincloth-business-and-increased-profits\/#more-16296\">Lire la suite<\/a><\/p>","protected":false},"author":5,"featured_media":16298,"comment_status":"closed","ping_status":"open","sticky":false,"template":"","format":"standard","meta":{"om_disable_all_campaigns":false,"_monsterinsights_skip_tracking":false,"_monsterinsights_sitenote_active":false,"_monsterinsights_sitenote_note":"","_monsterinsights_sitenote_category":0,"footnotes":""},"categories":[109],"tags":[],"class_list":["post-16296","post","type-post","status-publish","format-standard","has-post-thumbnail","hentry","category-testimonials"],"aioseo_notices":[],"_links":{"self":[{"href":"https:\/\/ajan.africa\/fr\/wp-json\/wp\/v2\/posts\/16296","targetHints":{"allow":["GET"]}}],"collection":[{"href":"https:\/\/ajan.africa\/fr\/wp-json\/wp\/v2\/posts"}],"about":[{"href":"https:\/\/ajan.africa\/fr\/wp-json\/wp\/v2\/types\/post"}],"author":[{"embeddable":true,"href":"https:\/\/ajan.africa\/fr\/wp-json\/wp\/v2\/users\/5"}],"replies":[{"embeddable":true,"href":"https:\/\/ajan.africa\/fr\/wp-json\/wp\/v2\/comments?post=16296"}],"version-history":[{"count":0,"href":"https:\/\/ajan.africa\/fr\/wp-json\/wp\/v2\/posts\/16296\/revisions"}],"wp:featuredmedia":[{"embeddable":true,"href":"https:\/\/ajan.africa\/fr\/wp-json\/wp\/v2\/media\/16298"}],"wp:attachment":[{"href":"https:\/\/ajan.africa\/fr\/wp-json\/wp\/v2\/media?parent=16296"}],"wp:term":[{"taxonomy":"category","embeddable":true,"href":"https:\/\/ajan.africa\/fr\/wp-json\/wp\/v2\/categories?post=16296"},{"taxonomy":"post_tag","embeddable":true,"href":"https:\/\/ajan.africa\/fr\/wp-json\/wp\/v2\/tags?post=16296"}],"curies":[{"name":"wp","href":"https:\/\/api.w.org\/{rel}","templated":true}]}}