{"id":16365,"date":"2025-03-22T06:35:46","date_gmt":"2025-03-22T06:35:46","guid":{"rendered":"https:\/\/ajan.africa\/?p=16365"},"modified":"2025-04-04T07:16:20","modified_gmt":"2025-04-04T07:16:20","slug":"capacity-building-of-jesuit-novices-at-noviciat-notre-dame-de-la-route-in-cyangugu-rwanda","status":"publish","type":"post","link":"https:\/\/ajan.africa\/fr\/capacity-building-of-jesuit-novices-at-noviciat-notre-dame-de-la-route-in-cyangugu-rwanda\/","title":{"rendered":"AHAPPY Formation de formateurs pour les novices j\u00e9suites au Noviciat Notre-Dame de la Route \u00e0 Cyangugu Rwanda"},"content":{"rendered":"<p>Dans un monde o\u00f9 les jeunes sont confront\u00e9s \u00e0 des d\u00e9fis croissants tels que la pauvret\u00e9, la maladie et l'instabilit\u00e9 sociale, le R\u00e9seau j\u00e9suite africain de lutte contre le sida (AJAN) agit \u00e0 travers son programme transformateur de pr\u00e9vention du VIH et du sida pour les jeunes (AHAPPY) qui se d\u00e9roule au noviciat Notre-Dame de la Route \u00e0 Cyangugu, du 24 au 28 f\u00e9vrier 2025.<\/p>\n\n\n<div class=\"wp-block-image\">\n<figure class=\"aligncenter size-large\"><img fetchpriority=\"high\" decoding=\"async\" width=\"1024\" height=\"683\" src=\"https:\/\/ajan.africa\/wp-content\/uploads\/2025\/03\/IMG_2337-1024x683.jpg\" alt=\"\" class=\"wp-image-16400\" srcset=\"https:\/\/ajan.africa\/wp-content\/uploads\/2025\/03\/IMG_2337-1024x683.jpg 1024w, https:\/\/ajan.africa\/wp-content\/uploads\/2025\/03\/IMG_2337-300x200.jpg 300w, https:\/\/ajan.africa\/wp-content\/uploads\/2025\/03\/IMG_2337-768x512.jpg 768w, https:\/\/ajan.africa\/wp-content\/uploads\/2025\/03\/IMG_2337-1536x1024.jpg 1536w, https:\/\/ajan.africa\/wp-content\/uploads\/2025\/03\/IMG_2337-18x12.jpg 18w, https:\/\/ajan.africa\/wp-content\/uploads\/2025\/03\/IMG_2337.jpg 1920w\" sizes=\"(max-width: 1024px) 100vw, 1024px\" \/><figcaption class=\"wp-element-caption\"><em>Mme Pascalia Sergon, charg\u00e9e de renforcement des capacit\u00e9s de l'AJAN, lors d'une s\u00e9ance de formation<\/em><\/figcaption><\/figure>\n<\/div>\n\n\n<p class=\"translation-block\">La formation de 5 jours, dirig\u00e9e par Mme Pascalia Sergon, responsable du renforcement des capacit\u00e9s d'AJAN, en collaboration avec le P\u00e8re Jean Charles Kubanabantu, SJ, a permis aux 13 participants (novices de 1\u00e8re et 2\u00e8me ann\u00e9e) qui ont assist\u00e9 \u00e0 la formation d'acqu\u00e9rir des connaissances suppl\u00e9mentaires sur les comp\u00e9tences de vie, la formation au leadership et les strat\u00e9gies de conscience de soi pour les aider \u00e0 naviguer dans leur avenir avec confiance et d\u00e9termination.<\/p>\n\n\n\n<p class=\"translation-block\">Inspir\u00e9s par le livre stimulant de Joseph Ki-Zerbo, \u00ab\u00a0\u00c9duquer ou p\u00e9rir\u00a0\u00bb, les th\u00e8mes abord\u00e9s par les animateurs ont soulign\u00e9 la n\u00e9cessit\u00e9 d'une \u00e9ducation holistique au-del\u00e0 du simple enseignement acad\u00e9mique. Si la transmission des connaissances est essentielle, AJAN s'inscrit dans la troisi\u00e8me Pr\u00e9f\u00e9rence apostolique universelle des j\u00e9suites\u00a0: \u00ab\u00a0Marcher avec la jeunesse vers un avenir rempli d'espoir\u00a0\u00bb. Gr\u00e2ce au mentorat, au dialogue et \u00e0 la formation au leadership, une v\u00e9ritable \u00e9ducation implique le d\u00e9veloppement personnel, la pens\u00e9e critique et la d\u00e9couverte de soi. Cette approche est particuli\u00e8rement cruciale en Afrique, o\u00f9 les jeunes restent les plus touch\u00e9s par les difficult\u00e9s \u00e9conomiques et sociales.<\/p>\n\n\n<div class=\"wp-block-image\">\n<figure class=\"aligncenter size-large\"><img decoding=\"async\" width=\"1024\" height=\"683\" src=\"https:\/\/ajan.africa\/wp-content\/uploads\/2025\/03\/IMG_2350-1024x683.jpg\" alt=\"\" class=\"wp-image-16405\" srcset=\"https:\/\/ajan.africa\/wp-content\/uploads\/2025\/03\/IMG_2350-1024x683.jpg 1024w, https:\/\/ajan.africa\/wp-content\/uploads\/2025\/03\/IMG_2350-300x200.jpg 300w, https:\/\/ajan.africa\/wp-content\/uploads\/2025\/03\/IMG_2350-768x512.jpg 768w, https:\/\/ajan.africa\/wp-content\/uploads\/2025\/03\/IMG_2350-1536x1024.jpg 1536w, https:\/\/ajan.africa\/wp-content\/uploads\/2025\/03\/IMG_2350-18x12.jpg 18w, https:\/\/ajan.africa\/wp-content\/uploads\/2025\/03\/IMG_2350.jpg 1920w\" sizes=\"(max-width: 1024px) 100vw, 1024px\" \/><figcaption class=\"wp-element-caption\"><em>Le P\u00e8re Jean Charles Kubanabantu, SJ, dirige l'une des sessions de formation<\/em><\/figcaption><\/figure>\n<\/div>\n\n\n<p>La session de formation s'est structur\u00e9e autour de quatre th\u00e8mes principaux :<\/p>\n\n\n\n<ol start=\"1\" class=\"wp-block-list\">\n<li class=\"translation-block\">Conscience de soi et d\u00e9veloppement personnel\u00a0: les participants ont \u00e9t\u00e9 encourag\u00e9s \u00e0 comprendre leur identit\u00e9, \u00e0 reconna\u00eetre leur valeur personnelle et \u00e0 appr\u00e9cier la vie comme un don divin. D\u00e9velopper une attitude positive et conna\u00eetre ses forces et ses faiblesses ont \u00e9t\u00e9 soulign\u00e9s comme des \u00e9tapes essentielles vers l\u2019\u00e9panouissement personnel.<\/li>\n\n\n\n<li class=\"translation-block\"><strong>Comprendre le monde et la responsabilit\u00e9 sociale<\/strong> Les jeunes ont \u00e9t\u00e9 form\u00e9s \u00e0 \u00e9valuer leur environnement de mani\u00e8re critique, \u00e0 cultiver la gratitude et \u00e0 contribuer \u00e0 une soci\u00e9t\u00e9 meilleure. L'accent a \u00e9t\u00e9 mis sur la pr\u00e9vention de la propagation du VIH\/sida et d'autres infections sexuellement transmissibles (IST) par un comportement responsable, notamment l'abstinence, la fid\u00e9lit\u00e9 et des pratiques s\u00fbres.<\/li>\n\n\n\n<li class=\"translation-block\">Les dangers de la toxicomanie et de l'abus de substances psychoactives. Cette s\u00e9ance a mis en lumi\u00e8re les effets n\u00e9fastes des drogues sur les individus, les familles et la soci\u00e9t\u00e9. Les participants ont d\u00e9couvert les diff\u00e9rents types de substances\u00a0: les drogues dures comme la coca\u00efne et le cannabis, et les drogues douces comme l'alcool et le tramadol. Ils ont \u00e9galement explor\u00e9 l'impact psychologique et physiologique de la toxicomanie, soulignant la n\u00e9cessit\u00e9 d'une prise de d\u00e9cision \u00e9clair\u00e9e et de l'autodiscipline.<\/li>\n\n\n\n<li><strong>Addressing Structural and Social Barriers<\/strong> The training shed light on the various factors that contribute to social challenges among young people. These included:\n<ul class=\"wp-block-list\">\n<li><strong>Individual factors<\/strong>: Ignorance, alcohol abuse, and fear of HIV testing.<\/li>\n\n\n\n<li><strong>Social factors<\/strong>: Stigma, forced marriages, and harmful cultural practices.<\/li>\n\n\n\n<li><strong>Structural factors<\/strong>: Poverty, political instability, and negative media influences.<\/li>\n<\/ul>\n<\/li>\n<\/ol>\n\n\n\n<p>Pour relever ces d\u00e9fis, les participants ont \u00e9t\u00e9 encourag\u00e9s \u00e0 adopter\u00a0: une \u00e9ducation de qualit\u00e9 et une formation aux comp\u00e9tences de vie, des amiti\u00e9s solides et des influences sociales positives, une prise de d\u00e9cision responsable, notamment en mati\u00e8re de sant\u00e9 et de bien-\u00eatre, et un d\u00e9pistage r\u00e9gulier du VIH comme moyen de se prot\u00e9ger et de prot\u00e9ger leurs futurs partenaires. La formation a \u00e9galement soulign\u00e9 l'importance du d\u00e9pistage du VIH pour prendre des d\u00e9cisions de vie \u00e9clair\u00e9es. Les participants ont d\u00e9couvert les trois \u00e9tapes cruciales\u00a0: le conseil pr\u00e9-test, le test et le suivi post-test. Que les r\u00e9sultats soient positifs ou n\u00e9gatifs, l'accent a \u00e9t\u00e9 mis sur l'adoption d'une approche responsable et proactive en mati\u00e8re de sant\u00e9.<\/p>\n\n\n\n<figure class=\"wp-block-image size-large\"><img decoding=\"async\" width=\"1024\" height=\"804\" src=\"https:\/\/ajan.africa\/wp-content\/uploads\/2025\/03\/IMG_2535-2-1024x804.jpg\" alt=\"\" class=\"wp-image-16407\" srcset=\"https:\/\/ajan.africa\/wp-content\/uploads\/2025\/03\/IMG_2535-2-1024x804.jpg 1024w, https:\/\/ajan.africa\/wp-content\/uploads\/2025\/03\/IMG_2535-2-300x235.jpg 300w, https:\/\/ajan.africa\/wp-content\/uploads\/2025\/03\/IMG_2535-2-768x603.jpg 768w, https:\/\/ajan.africa\/wp-content\/uploads\/2025\/03\/IMG_2535-2-1536x1206.jpg 1536w, https:\/\/ajan.africa\/wp-content\/uploads\/2025\/03\/IMG_2535-2-15x12.jpg 15w, https:\/\/ajan.africa\/wp-content\/uploads\/2025\/03\/IMG_2535-2.jpg 1920w\" sizes=\"(max-width: 1024px) 100vw, 1024px\" \/><\/figure>\n\n\n\n<p class=\"translation-block\">Une part importante de la formation \u00e9tait ax\u00e9e sur le mentorat, le leadership, la foi et les convictions morales. Les participants ont \u00e9t\u00e9 initi\u00e9s au concept de mentorat, d\u00e9fini par la confiance, la responsabilit\u00e9 et la capacit\u00e9 d'\u00e9coute active. Parall\u00e8lement, ils ont \u00e9t\u00e9 encourag\u00e9s \u00e0 int\u00e9grer des valeurs spirituelles et \u00e9thiques dans leurs processus d\u00e9cisionnels, en veillant \u00e0 ce que leur d\u00e9veloppement personnel englobe tous les aspects\u00a0: physique, social, intellectuel, \u00e9motionnel et spirituel.<\/p>\n\n\n\n<div class=\"wp-block-group is-content-justification-center is-nowrap is-layout-flex wp-container-core-group-is-layout-94bc23d7 wp-block-group-is-layout-flex\">\n<figure class=\"wp-block-image size-full\"><img loading=\"lazy\" decoding=\"async\" width=\"1920\" height=\"1280\" src=\"https:\/\/ajan.africa\/wp-content\/uploads\/2025\/03\/IMG_2347.jpg\" alt=\"\" class=\"wp-image-16404\" srcset=\"https:\/\/ajan.africa\/wp-content\/uploads\/2025\/03\/IMG_2347.jpg 1920w, https:\/\/ajan.africa\/wp-content\/uploads\/2025\/03\/IMG_2347-300x200.jpg 300w, https:\/\/ajan.africa\/wp-content\/uploads\/2025\/03\/IMG_2347-1024x683.jpg 1024w, https:\/\/ajan.africa\/wp-content\/uploads\/2025\/03\/IMG_2347-768x512.jpg 768w, https:\/\/ajan.africa\/wp-content\/uploads\/2025\/03\/IMG_2347-1536x1024.jpg 1536w, https:\/\/ajan.africa\/wp-content\/uploads\/2025\/03\/IMG_2347-18x12.jpg 18w\" sizes=\"(max-width: 1920px) 100vw, 1920px\" \/><\/figure>\n<\/div>\n\n\n\n<p class=\"translation-block\">\u00c0 la fin de la s\u00e9ance, de nombreux participants ont exprim\u00e9 un nouveau sens \u00e0 leur vie. Ils ont compris que le d\u00e9veloppement personnel est un cheminement continu qui exige une r\u00e9flexion personnelle, des choix \u00e9clair\u00e9s et une ouverture aux opportunit\u00e9s de mentorat et de leadership. Voici quelques retours de certains participants\u00a0:<\/p>\n\n\n\n<div class=\"wp-block-group is-nowrap is-layout-flex wp-container-core-group-is-layout-ad2f72ca wp-block-group-is-layout-flex\">\n<figure class=\"wp-block-image size-large\"><img loading=\"lazy\" decoding=\"async\" width=\"683\" height=\"1024\" src=\"https:\/\/ajan.africa\/wp-content\/uploads\/2025\/03\/IMG_2491-683x1024.jpg\" alt=\"\" class=\"wp-image-16406\" srcset=\"https:\/\/ajan.africa\/wp-content\/uploads\/2025\/03\/IMG_2491-683x1024.jpg 683w, https:\/\/ajan.africa\/wp-content\/uploads\/2025\/03\/IMG_2491-200x300.jpg 200w, https:\/\/ajan.africa\/wp-content\/uploads\/2025\/03\/IMG_2491-768x1152.jpg 768w, https:\/\/ajan.africa\/wp-content\/uploads\/2025\/03\/IMG_2491-1024x1536.jpg 1024w, https:\/\/ajan.africa\/wp-content\/uploads\/2025\/03\/IMG_2491-8x12.jpg 8w, https:\/\/ajan.africa\/wp-content\/uploads\/2025\/03\/IMG_2491.jpg 1280w\" sizes=\"(max-width: 683px) 100vw, 683px\" \/><\/figure>\n\n\n\n<figure class=\"wp-block-image size-large\"><img loading=\"lazy\" decoding=\"async\" width=\"683\" height=\"1024\" src=\"https:\/\/ajan.africa\/wp-content\/uploads\/2025\/03\/IMG_2489-1-683x1024.jpg\" alt=\"\" class=\"wp-image-16409\" srcset=\"https:\/\/ajan.africa\/wp-content\/uploads\/2025\/03\/IMG_2489-1-683x1024.jpg 683w, https:\/\/ajan.africa\/wp-content\/uploads\/2025\/03\/IMG_2489-1-200x300.jpg 200w, https:\/\/ajan.africa\/wp-content\/uploads\/2025\/03\/IMG_2489-1-768x1152.jpg 768w, https:\/\/ajan.africa\/wp-content\/uploads\/2025\/03\/IMG_2489-1-1024x1536.jpg 1024w, https:\/\/ajan.africa\/wp-content\/uploads\/2025\/03\/IMG_2489-1-8x12.jpg 8w, https:\/\/ajan.africa\/wp-content\/uploads\/2025\/03\/IMG_2489-1.jpg 1280w\" sizes=\"(max-width: 683px) 100vw, 683px\" \/><\/figure>\n<\/div>\n\n\n\n<p class=\"has-text-align-center translation-block\"><em>Le P\u00e8re Benard Karerwa, ma\u00eetre des novices \u00e0 Cyangugu, remet le certificat AHAPPY \u00e0 certains des participants<\/em> \u00e0 la fin des 5 jours du programme AHAPPY ToT.<\/p>\n\n\n\n<p>Landry SHIRIMBERIMANA, un j\u00e9suite novice du Burundi, d\u00e9clare :<\/p>\n\n\n\n<p class=\"translation-block\"><em>\u00ab<\/em><em>Personnellement, cette session a \u00e9t\u00e9 extr\u00eamement b\u00e9n\u00e9fique et importante. Je comprends d\u00e9sormais parfaitement le R\u00e9seau j\u00e9suite africain de lutte contre le sida (AJAN), une initiative sociale j\u00e9suite qui r\u00e9pond \u00e0 la troisi\u00e8me pr\u00e9f\u00e9rence apostolique universelle de la Compagnie de J\u00e9sus\u00a0: accompagner les jeunes vers un avenir rempli d\u2019esp\u00e9rance.<\/em><\/p>\n\n\n\n<p><em>Gr\u00e2ce \u00e0 cette exp\u00e9rience, j'ai \u00e9galement compris que le programme G\u00e9n\u00e9ration AHAPPY est un \u00e9l\u00e9ment essentiel de la mission j\u00e9suite au sein d'AJAN. Ce programme met en \u0153uvre la troisi\u00e8me pr\u00e9f\u00e9rence apostolique en se consacrant \u00e0 la formation int\u00e9grale des jeunes.<\/em><\/p>\n\n\n\n<p><em>Cette connaissance m'aidera sans aucun doute dans ma mission de sauver les \u00e2mes sans n\u00e9gliger le corps. Comme l'enseigne saint Jean de la Croix, \u00ab\u00a0si la croissance spirituelle est primordiale, n\u00e9gliger les besoins physiques du corps peut entraver le progr\u00e8s spirituel.\u00bb En effet, en aidant le corps, nous aidons aussi l'\u00e2me.<\/em><\/p>\n\n\n\n<p><em>Cette session m'a pr\u00e9par\u00e9 \u00e0 devenir un futur missionnaire engag\u00e9 et un compagnon d\u00e9vou\u00e9 de J\u00e9sus, pr\u00eat \u00e0 affronter les d\u00e9fis du monde d'aujourd'hui et \u00e0 \u00e9vang\u00e9liser, m\u00eame face aux difficult\u00e9s, notamment en guidant les jeunes. Cependant, je dois d'abord prendre ma vie en main, en reconnaissant les probl\u00e8mes de notre monde, auxquels nous, les jeunes, avons contribu\u00e9 pour beaucoup. Ce n'est qu'en reconnaissant notre r\u00f4le dans ces probl\u00e8mes que nous pourrons \u0153uvrer \u00e0 des solutions concr\u00e8tes.<\/em><\/p>\n\n\n\n<p><em>Cette exp\u00e9rience a fait de moi un futur ap\u00f4tre et un missionnaire d\u00e9vou\u00e9 \u00e0 la devise ignatienne\u00a0: \u00ab\u00a0Pour la plus grande gloire de Dieu\u00a0\u00bb. Gr\u00e2ce \u00e0 cette formation, je m\u2019engage \u00e0 veiller \u00e0 ce que nous sauvions les \u00e2mes sans n\u00e9gliger le corps.<\/em><\/p>\n\n\n\n<p><em>C'est avec un c\u0153ur rempli de gratitude que je remercie sinc\u00e8rement tous ceux qui ont rendu ce voyage possible. Que Dieu vous b\u00e9nisse abondamment.<\/em><\/p>\n\n\n\n<p class=\"translation-block\">Vous pouvez \u00e9galement regarder ce t\u00e9moignage et d'autres t\u00e9moignages de la formation en cliquant sur le lien suivant\u00a0: <a href=\"https:\/\/youtu.be\/mcqBNm4YPLA\" target=\"_self\">https:\/\/youtu.be\/mcqBNm4YPLA<\/a><\/p>\n\n\n\n<figure class=\"wp-block-image size-large\"><img loading=\"lazy\" decoding=\"async\" width=\"1024\" height=\"683\" src=\"https:\/\/ajan.africa\/wp-content\/uploads\/2025\/03\/IMG_2558-1024x683.jpg\" alt=\"\" class=\"wp-image-16410\" srcset=\"https:\/\/ajan.africa\/wp-content\/uploads\/2025\/03\/IMG_2558-1024x683.jpg 1024w, https:\/\/ajan.africa\/wp-content\/uploads\/2025\/03\/IMG_2558-300x200.jpg 300w, https:\/\/ajan.africa\/wp-content\/uploads\/2025\/03\/IMG_2558-768x512.jpg 768w, https:\/\/ajan.africa\/wp-content\/uploads\/2025\/03\/IMG_2558-1536x1024.jpg 1536w, https:\/\/ajan.africa\/wp-content\/uploads\/2025\/03\/IMG_2558-18x12.jpg 18w, https:\/\/ajan.africa\/wp-content\/uploads\/2025\/03\/IMG_2558.jpg 1920w\" sizes=\"(max-width: 1024px) 100vw, 1024px\" \/><\/figure>\n\n\n\n<p class=\"translation-block\">La formation s'est conclue par un d\u00e9fi lanc\u00e9 aux participants\u00a0: adopter la m\u00e9thodologie d'AJAN et appliquer activement les enseignements tir\u00e9s au quotidien. AJAN aspire \u00e0 une g\u00e9n\u00e9ration de jeunes non seulement comp\u00e9tents sur le plan scolaire, mais aussi \u00e9thiquement responsables, socialement responsables et spirituellement conscients. Un message cl\u00e9 est ressorti\u00a0: \u00ab\u00a0Le changement commence par ceux qui le recherchent.\u00a0\u00bb La voie de la transformation est ouverte \u00e0 ceux qui sont pr\u00eats \u00e0 faire le premier pas, et gr\u00e2ce aux conseils d'AJAN, les jeunes disposent d\u00e9sormais des outils n\u00e9cessaires pour fa\u00e7onner un avenir meilleur pour eux-m\u00eames et leurs communaut\u00e9s.<\/p>\n\n\n\n<p class=\"translation-block\"><em>Par<\/em>, <strong>DAH Etienne<\/strong>,<\/p>\n\n\n\n<p>Novice J\u00e9suite, Noviciat Notre-Dame de la Route \u00e0 Cyangugu.<\/p>","protected":false},"excerpt":{"rendered":"<p>In a world where young people face increasing challenges such as poverty, disease, and social instability, the African Jesuit AIDS Network (AJAN) is taking action through its transformative AJAN HIV and AIDS Prevention Program for the Youth (AHAPPY) Training of Trainers held at the Notre-Dame de la Route Novitiate in<\/p>\n<p><a class=\"sd-more sd-all-trans\" href=\"https:\/\/ajan.africa\/fr\/capacity-building-of-jesuit-novices-at-noviciat-notre-dame-de-la-route-in-cyangugu-rwanda\/#more-16365\">Lire la suite<\/a><\/p>","protected":false},"author":5,"featured_media":16399,"comment_status":"closed","ping_status":"open","sticky":false,"template":"","format":"standard","meta":{"om_disable_all_campaigns":false,"_monsterinsights_skip_tracking":false,"_monsterinsights_sitenote_active":false,"_monsterinsights_sitenote_note":"","_monsterinsights_sitenote_category":0,"footnotes":""},"categories":[110,96,98],"tags":[],"class_list":["post-16365","post","type-post","status-publish","format-standard","has-post-thumbnail","hentry","category-ahappy-tot","category-ahappy-training","category-ajan-news-articles"],"aioseo_notices":[],"_links":{"self":[{"href":"https:\/\/ajan.africa\/fr\/wp-json\/wp\/v2\/posts\/16365","targetHints":{"allow":["GET"]}}],"collection":[{"href":"https:\/\/ajan.africa\/fr\/wp-json\/wp\/v2\/posts"}],"about":[{"href":"https:\/\/ajan.africa\/fr\/wp-json\/wp\/v2\/types\/post"}],"author":[{"embeddable":true,"href":"https:\/\/ajan.africa\/fr\/wp-json\/wp\/v2\/users\/5"}],"replies":[{"embeddable":true,"href":"https:\/\/ajan.africa\/fr\/wp-json\/wp\/v2\/comments?post=16365"}],"version-history":[{"count":0,"href":"https:\/\/ajan.africa\/fr\/wp-json\/wp\/v2\/posts\/16365\/revisions"}],"wp:featuredmedia":[{"embeddable":true,"href":"https:\/\/ajan.africa\/fr\/wp-json\/wp\/v2\/media\/16399"}],"wp:attachment":[{"href":"https:\/\/ajan.africa\/fr\/wp-json\/wp\/v2\/media?parent=16365"}],"wp:term":[{"taxonomy":"category","embeddable":true,"href":"https:\/\/ajan.africa\/fr\/wp-json\/wp\/v2\/categories?post=16365"},{"taxonomy":"post_tag","embeddable":true,"href":"https:\/\/ajan.africa\/fr\/wp-json\/wp\/v2\/tags?post=16365"}],"curies":[{"name":"wp","href":"https:\/\/api.w.org\/{rel}","templated":true}]}}