{"id":16583,"date":"2025-04-11T12:17:00","date_gmt":"2025-04-11T12:17:00","guid":{"rendered":"https:\/\/ajan.africa\/?p=16583"},"modified":"2025-04-14T12:57:00","modified_gmt":"2025-04-14T12:57:00","slug":"reflection-for-palm-sunday-13-april-2025-holy-week-the-center-of-our-faith-our-existence-and-our-christian-hope","status":"publish","type":"post","link":"https:\/\/ajan.africa\/fr\/reflection-for-palm-sunday-13-april-2025-holy-week-the-center-of-our-faith-our-existence-and-our-christian-hope\/","title":{"rendered":"R\u00e9flexion pour le Dimanche des Rameaux (13 avril 2025) \u2013 La Semaine Sainte : Le Centre de Notre Foi, de Notre Existence et de Notre Esp\u00e9rance Chr\u00e9tienne"},"content":{"rendered":"<p class=\"has-text-align-center translation-block\"><strong><em>Premi\u00e8re lecture<\/em><\/strong>\u00a0: Isa\u00efe 50, 4-7\u00a0; <em><strong>Psaume responsorial<\/strong>\u00a0:<\/em> Psaume 22, 8-9. 17-18a. 19-20. 23-24\u00a0; <em><strong>Deuxi\u00e8me lecture<\/strong>\u00a0:<\/em> Philippiens 2, 6-11\u00a0;<\/p>\n\n\n\n<p class=\"has-text-align-center translation-block\"><em><strong>\u00c9vangile<\/strong>\u00a0:\u00a0\u00a0<\/em> Luc 22:1423:56 ou Luc 23:1-49<\/p>\n\n\n\n<div class=\"wp-block-media-text is-stacked-on-mobile\"><figure class=\"wp-block-media-text__media\"><img fetchpriority=\"high\" decoding=\"async\" width=\"814\" height=\"1024\" src=\"https:\/\/ajan.africa\/wp-content\/uploads\/2025\/04\/20220605_131858-814x1024.jpg\" alt=\"\" class=\"wp-image-16588 size-full\" srcset=\"https:\/\/ajan.africa\/wp-content\/uploads\/2025\/04\/20220605_131858-814x1024.jpg 814w, https:\/\/ajan.africa\/wp-content\/uploads\/2025\/04\/20220605_131858-238x300.jpg 238w, https:\/\/ajan.africa\/wp-content\/uploads\/2025\/04\/20220605_131858-768x966.jpg 768w, https:\/\/ajan.africa\/wp-content\/uploads\/2025\/04\/20220605_131858-10x12.jpg 10w, https:\/\/ajan.africa\/wp-content\/uploads\/2025\/04\/20220605_131858.jpg 930w\" sizes=\"(max-width: 814px) 100vw, 814px\" \/><\/figure><div class=\"wp-block-media-text__content\">\n<p class=\"translation-block\">A reflex\u00e3o do Domingo de Ramos \u00e9 do Pe. <strong>RAZAFINANDRAINA No\u00ebl Marie Cyprien M\u00e9dard<\/strong><\/strong> <strong>SJ.,<\/strong> Director, Centre Arrupe Madagascar (CA MDG).<\/p>\n<\/div><\/div>\n\n\n\n<p>Cette semaine, inaugur\u00e9e par l\u2019entr\u00e9e solennelle de notre Seigneur \u00e0 J\u00e9rusalem, est la plus sainte pour nous tous, les Chr\u00e9tiens du monde entier. Elle garde  la raison d\u2019\u00eatre de notre foi, de  notre d\u2019existence et de notre esp\u00e9rance. L\u2019\u00e9vangile selon saint Luc chapitre 19, versets 28-40 ouvre la liturgie en ce dimanche des Rameaux.<\/p>\n\n\n\n<p class=\"translation-block\">J\u00e9sus ose publiquement entrer \u00e0 J\u00e9rusalem sans se cacher, pas comme les autres jours pr\u00e9c\u00e9dents : \u00ab Lorsque ses fr\u00e8res furent mont\u00e9s \u00e0 J\u00e9rusalem pour la f\u00eate, il y monta lui aussi, non pas ostensiblement, mais en secret.\u00bb (Jean 7,10). J\u00e9sus a pressenti ce qui lui va arriver en montant \u00e0 J\u00e9rusalem, en consid\u00e9rant la mont\u00e9e de tensions entre lui et les responsables religieux Juifs ces derniers temps. Ils l\u2019ont cherch\u00e9 pour l\u2019\u00e9liminer (Jean 7, 1).  Combien de fois ils ont voulu sa mort mais \u00ab son temps n\u2019\u00e9tait pas encore arriv\u00e9 \u00bb. Mais cette fois-ci, Il prend le d\u00e9fi et se montre d\u00e9cisif \u00e0 prendre en main son destin. Il n\u2019a pas d\u2019autres projets que ceux du P\u00e8re : offrir sa vie pour le salut du monde, y compris ceux qui vont le condamner.<\/p>\n\n\n\n<p>Pour r\u00e9aliser son entr\u00e9e, il demande la collaboration de ses disciples pour chercher un petit \u00e2ne. Il utilise ses relations pour accomplir la volont\u00e9 du P\u00e8re : relation avec ses disciples et avec son environnement que l\u2019\u00e2ne repr\u00e9sente. M\u00eame s\u2019il est le fils de Dieu tout puissant, il aime travailler avec les autres. Cette fa\u00e7on doit aussi faire partie de celle de nous tous les Chr\u00e9tiens. J\u00e9sus nous apprend que l\u2019accomplissement de la volont\u00e9 de Dieu appelle \u00e0 une consid\u00e9ration des autres et \u00e0 une collaboration.<\/p>\n\n\n\n<p>C\u2019est au dimanche des Rameaux qu\u2019on lit l\u2019\u00e9vangile de la passion du Christ. Ce qui se passe nous montre le paradoxe de notre vie. D\u2019un c\u00f4t\u00e9 il y a la haine aveugle de la part des Chefs juifs, traduite par les mensonges, les intoxications, la violence et la mort ; de l\u2019autre c\u00f4t\u00e9  il y a cet Amour infini de Dieu qui s\u2019incarne en J\u00e9sus et est traduit par le don total de lui-m\u00eame, par la fid\u00e9lit\u00e9 \u00e0 sa mission et par la confiance sans faille \u00e0 Dieu, son P\u00e8re. L\u2019objectif, quel que soit le prix, c\u2019est de renouer un lien \u00e9ternel entre nous et Dieu trinitaire : institution de l\u2019eucharistie, don de soi, don de vie.<\/p>\n\n\n\n<p>La condamnation \u00e0 mort de J\u00e9sus vient de la m\u00e9chancet\u00e9 humaine. Quand la haine et la jalousie s\u2019installent dans nos c\u0153urs, nos discernements  sont fauss\u00e9s comme ceux des chefs religieux Juifs et Pilate. Nous perdons l\u2019objectivit\u00e9 de nos jugements et \u00e0 plus forte raison l\u2019illumination de l\u2019Esprit de Dieu. J\u00e9sus a accept\u00e9 tout cela car sa confiance au P\u00e8re et son esp\u00e9rance \u00e0 la victoire de la vie face \u00e0 la mort lui donnent courage \u00e0 aller jusqu\u2019au bout de sa passion. Nous lui demandons d\u2019avoir aussi cette force dans nos luttes quotidiennes contre les injustices, la corruption, les mensonges, l\u2019\u00e9go\u00efsme, la haine, les violences\u2026<\/p>\n\n\n\n<p class=\"translation-block\">Que cette semaine sainte booste nos efforts et nos engagements de vrais P\u00e8lerins de l\u2019esp\u00e9rance.<\/p>\n\n\n\n<p>Amen.<\/p>","protected":false},"excerpt":{"rendered":"<p>First Reading: Isaiah 50:4-7; Responsorial Psalm: Psalm 22:8-9, 17-18a, 19-20, 23-24; Second Reading: Philippians 2:6-11; Gospel:&nbsp;&nbsp; Luke 22:1423:56 or Luke 23:1-49&nbsp; The Palm Sunday Reflection is by,&nbsp;Fr. RAZAFINANDRAINA No\u00ebl Marie Cyprien M\u00e9dard SJ., Director, Centre Arrupe Madagascar (CA MDG). This week, inaugurated by the solemn entry of our Lord into<\/p>\n<p><a class=\"sd-more sd-all-trans\" href=\"https:\/\/ajan.africa\/fr\/reflection-for-palm-sunday-13-april-2025-holy-week-the-center-of-our-faith-our-existence-and-our-christian-hope\/#more-16583\">Lire la suite<\/a><\/p>","protected":false},"author":5,"featured_media":16586,"comment_status":"closed","ping_status":"open","sticky":false,"template":"","format":"standard","meta":{"om_disable_all_campaigns":false,"_monsterinsights_skip_tracking":false,"_monsterinsights_sitenote_active":false,"_monsterinsights_sitenote_note":"","_monsterinsights_sitenote_category":0,"footnotes":""},"categories":[62],"tags":[],"class_list":["post-16583","post","type-post","status-publish","format-standard","has-post-thumbnail","hentry","category-reflect-articles"],"aioseo_notices":[],"_links":{"self":[{"href":"https:\/\/ajan.africa\/fr\/wp-json\/wp\/v2\/posts\/16583","targetHints":{"allow":["GET"]}}],"collection":[{"href":"https:\/\/ajan.africa\/fr\/wp-json\/wp\/v2\/posts"}],"about":[{"href":"https:\/\/ajan.africa\/fr\/wp-json\/wp\/v2\/types\/post"}],"author":[{"embeddable":true,"href":"https:\/\/ajan.africa\/fr\/wp-json\/wp\/v2\/users\/5"}],"replies":[{"embeddable":true,"href":"https:\/\/ajan.africa\/fr\/wp-json\/wp\/v2\/comments?post=16583"}],"version-history":[{"count":0,"href":"https:\/\/ajan.africa\/fr\/wp-json\/wp\/v2\/posts\/16583\/revisions"}],"wp:featuredmedia":[{"embeddable":true,"href":"https:\/\/ajan.africa\/fr\/wp-json\/wp\/v2\/media\/16586"}],"wp:attachment":[{"href":"https:\/\/ajan.africa\/fr\/wp-json\/wp\/v2\/media?parent=16583"}],"wp:term":[{"taxonomy":"category","embeddable":true,"href":"https:\/\/ajan.africa\/fr\/wp-json\/wp\/v2\/categories?post=16583"},{"taxonomy":"post_tag","embeddable":true,"href":"https:\/\/ajan.africa\/fr\/wp-json\/wp\/v2\/tags?post=16583"}],"curies":[{"name":"wp","href":"https:\/\/api.w.org\/{rel}","templated":true}]}}