{"id":16591,"date":"2025-04-15T08:50:44","date_gmt":"2025-04-15T08:50:44","guid":{"rendered":"https:\/\/ajan.africa\/?p=16591"},"modified":"2025-06-05T09:33:29","modified_gmt":"2025-06-05T09:33:29","slug":"ahappy-tot-for-religious-in-formation-begins-at-scholasticat-jesuite-saint-pierre-canisius-kinshasa-drc","status":"publish","type":"post","link":"https:\/\/ajan.africa\/fr\/ahappy-tot-for-religious-in-formation-begins-at-scholasticat-jesuite-saint-pierre-canisius-kinshasa-drc\/","title":{"rendered":"HAPPY ToT pour l'information religieuse st Scholastica J\u00e9suite Saint Pierre Canisius -Kinshasa, RDC"},"content":{"rendered":"<p class=\"translation-block\">La formation AHAPPY de formateurs (ToT) pour les religieux en formation au Scolasticat J\u00e9suite Saint Pierre Canisius \u00e0 Kinshasa, en R\u00e9publique D\u00e9mocratique du Congo (RDC) a eu lieu du 14 au 16 avril 2025. La formation a r\u00e9uni <strong>75 participants<\/strong>, dont des j\u00e9suites en philosophie, des novices de diff\u00e9rentes congr\u00e9gations, des enseignants stagiaires et des \u00e9tudiants de l'Universit\u00e9 Loyola du Congo.<\/p>\n\n\n\n<figure class=\"wp-block-image size-full\"><img fetchpriority=\"high\" decoding=\"async\" width=\"960\" height=\"722\" src=\"https:\/\/ajan.africa\/wp-content\/uploads\/2025\/04\/WhatsApp-Image-2025-04-15-at-00.06.37_e779a68d.jpg\" alt=\"Fr. Jean Charles Kubanabantu, SJ., during one of the sessions of the AHAPPY ToT\" class=\"wp-image-16594\" srcset=\"https:\/\/ajan.africa\/wp-content\/uploads\/2025\/04\/WhatsApp-Image-2025-04-15-at-00.06.37_e779a68d.jpg 960w, https:\/\/ajan.africa\/wp-content\/uploads\/2025\/04\/WhatsApp-Image-2025-04-15-at-00.06.37_e779a68d-300x226.jpg 300w, https:\/\/ajan.africa\/wp-content\/uploads\/2025\/04\/WhatsApp-Image-2025-04-15-at-00.06.37_e779a68d-768x578.jpg 768w, https:\/\/ajan.africa\/wp-content\/uploads\/2025\/04\/WhatsApp-Image-2025-04-15-at-00.06.37_e779a68d-16x12.jpg 16w\" sizes=\"(max-width: 960px) 100vw, 960px\" \/><figcaption class=\"wp-element-caption translation-block\"><em>P.<\/em> <em>Jean Charles Kubanabantu<\/em>, SJ., <em>lors d'une des s\u00e9ances de l'AHAPPY ToT<\/em><\/figcaption><\/figure>\n\n\n\n<p>Anim\u00e9e par le P\u00e8re Isma\u00ebl MATAMBURA SJ, Directeur d'AJAN, et le P\u00e8re Jean KUBANABANTU SJ, la session a d\u00e9but\u00e9 par une pr\u00e9sentation des valeurs et des objectifs du programme AHAPPY. Cette pr\u00e9sentation a permis de clarifier l'importance d'accompagner les jeunes dans leur d\u00e9veloppement holistique \u2013 spirituel, mental, social et physique. Les intervenants ont insist\u00e9 sur l'importance de l'\u00e9coute active et de la pr\u00e9sence lors de l'accompagnement des jeunes, renfor\u00e7ant ainsi les comp\u00e9tences relationnelles des participants.<\/p>\n\n\n\n<figure class=\"wp-block-image size-large\"><img decoding=\"async\" width=\"1024\" height=\"581\" src=\"https:\/\/ajan.africa\/wp-content\/uploads\/2025\/04\/WhatsApp-Image-2025-04-15-at-00.06.38_78c8f9b1-1024x581.jpg\" alt=\"\" class=\"wp-image-16593\" srcset=\"https:\/\/ajan.africa\/wp-content\/uploads\/2025\/04\/WhatsApp-Image-2025-04-15-at-00.06.38_78c8f9b1-1024x581.jpg 1024w, https:\/\/ajan.africa\/wp-content\/uploads\/2025\/04\/WhatsApp-Image-2025-04-15-at-00.06.38_78c8f9b1-300x170.jpg 300w, https:\/\/ajan.africa\/wp-content\/uploads\/2025\/04\/WhatsApp-Image-2025-04-15-at-00.06.38_78c8f9b1-768x436.jpg 768w, https:\/\/ajan.africa\/wp-content\/uploads\/2025\/04\/WhatsApp-Image-2025-04-15-at-00.06.38_78c8f9b1-18x10.jpg 18w, https:\/\/ajan.africa\/wp-content\/uploads\/2025\/04\/WhatsApp-Image-2025-04-15-at-00.06.38_78c8f9b1-274x155.jpg 274w, https:\/\/ajan.africa\/wp-content\/uploads\/2025\/04\/WhatsApp-Image-2025-04-15-at-00.06.38_78c8f9b1.jpg 1280w\" sizes=\"(max-width: 1024px) 100vw, 1024px\" \/><\/figure>\n\n\n\n<p>Les participants ont \u00e9galement eu l'occasion de partager leurs exp\u00e9riences personnelles et professionnelles, ce qui a enrichi les discussions et favoris\u00e9 les \u00e9changes d'id\u00e9es. Gr\u00e2ce \u00e0 des ateliers interactifs, ils ont explor\u00e9 les principes fondamentaux du programme, ainsi que les outils et strat\u00e9gies qu'ils pourraient appliquer ult\u00e9rieurement dans leurs communaut\u00e9s et leurs missions apostoliques.<\/p>\n\n\n\n<p>L'une des participantes, Modeko Agnes, pr\u00e9-novice des S\u0153urs Oblates du C\u0153ur de J\u00e9sus, a partag\u00e9 son t\u00e9moignage \u00e9mouvant sur l'impact de la session :<\/p>\n\n\n\n<div class=\"wp-block-media-text is-stacked-on-mobile\"><figure class=\"wp-block-media-text__media\"><img decoding=\"async\" width=\"387\" height=\"489\" src=\"https:\/\/ajan.africa\/wp-content\/uploads\/2025\/04\/Agnes.jpg\" alt=\"\" class=\"wp-image-16877 size-full\" srcset=\"https:\/\/ajan.africa\/wp-content\/uploads\/2025\/04\/Agnes.jpg 387w, https:\/\/ajan.africa\/wp-content\/uploads\/2025\/04\/Agnes-237x300.jpg 237w, https:\/\/ajan.africa\/wp-content\/uploads\/2025\/04\/Agnes-9x12.jpg 9w\" sizes=\"(max-width: 387px) 100vw, 387px\" \/><\/figure><div class=\"wp-block-media-text__content\">\n<p><em>Lors de la session AJAN (VIH) de trois jours organis\u00e9e \u00e0 Saint-Pierre-Canisius, j'ai \u00e9t\u00e9 profond\u00e9ment touch\u00e9 et impressionn\u00e9 par les enseignements. Cette formation m'a permis de mieux comprendre les merveilles de Dieu envers son peuple. Bien que beaucoup d'entre nous l'ignorions autrefois, AJAN nous a ouvert les yeux sur la r\u00e9alit\u00e9\u00a0: le VIH\/sida se transmet non seulement par voie sexuelle, mais aussi par le sang et le partage d'objets tranchants comme les rasoirs ou les couteaux. Cela nous appelle \u00e0 la vigilance et \u00e0 soutenir nos fr\u00e8res et s\u0153urs, en particulier ceux qui se pr\u00e9parent au mariage, en les encourageant \u00e0 prendre des mesures de pr\u00e9caution comme les tests sanguins et les pratiques s\u00fbres.<\/em><\/p>\n\n\n\n<p><em>Pour moi, la le\u00e7on essentielle est d'aider les jeunes \u00e0 \u00eatre prudents avant toute activit\u00e9 sexuelle afin d'\u00e9viter de tomber dans le pi\u00e8ge de cette maladie. Si la sexualit\u00e9 est un don, elle peut aussi \u00eatre dangereuse si elle n'est pas abord\u00e9e de mani\u00e8re responsable. Nous sommes donc appel\u00e9s \u00e0 aider les jeunes \u00e0 se concentrer sur la construction de leur avenir, \u00e0 servir leur communaut\u00e9 et \u00e0 r\u00e9sister \u00e0 la manipulation ou \u00e0 l'exploitation, comme l'illustre le film \u00ab\u00a0Sarafina\u00a0\u00bb, que nous avons visionn\u00e9 pendant la formation.<\/em><\/p>\n<\/div><\/div>\n\n\n\n<blockquote class=\"wp-block-quote is-layout-flow wp-block-quote-is-layout-flow\">\n<p>Sa r\u00e9flexion fait \u00e9cho \u00e0 la mission centrale du programme AHAPPY : notre mission de donner aux jeunes les moyens de vivre de mani\u00e8re responsable, dans la dignit\u00e9 et \u00e0 la recherche d\u2019un avenir meilleur.<\/p>\n<\/blockquote>\n\n\n\n<p>La session s'est conclue par une c\u00e9r\u00e9monie de remise de certificats \u00e0 tous les participants, symbolisant non seulement leur engagement, mais aussi le d\u00e9but d'un parcours de mise en pratique des enseignements. La remise des certificats a \u00e9t\u00e9 suivie d'une s\u00e9ance photo m\u00e9morable, immortalisant les sourires et la joie de cette exp\u00e9rience partag\u00e9e.<\/p>\n\n\n\n<div class=\"wp-block-group is-nowrap is-layout-flex wp-container-core-group-is-layout-ad2f72ca wp-block-group-is-layout-flex\">\n<figure class=\"wp-block-image size-large\"><img loading=\"lazy\" decoding=\"async\" width=\"1024\" height=\"900\" src=\"https:\/\/ajan.africa\/wp-content\/uploads\/2025\/04\/IMG_3087-1024x900.jpg\" alt=\"\" class=\"wp-image-17053\" srcset=\"https:\/\/ajan.africa\/wp-content\/uploads\/2025\/04\/IMG_3087-1024x900.jpg 1024w, https:\/\/ajan.africa\/wp-content\/uploads\/2025\/04\/IMG_3087-300x264.jpg 300w, https:\/\/ajan.africa\/wp-content\/uploads\/2025\/04\/IMG_3087-768x675.jpg 768w, https:\/\/ajan.africa\/wp-content\/uploads\/2025\/04\/IMG_3087-1536x1350.jpg 1536w, https:\/\/ajan.africa\/wp-content\/uploads\/2025\/04\/IMG_3087-14x12.jpg 14w, https:\/\/ajan.africa\/wp-content\/uploads\/2025\/04\/IMG_3087-235x206.jpg 235w, https:\/\/ajan.africa\/wp-content\/uploads\/2025\/04\/IMG_3087.jpg 1920w\" sizes=\"(max-width: 1024px) 100vw, 1024px\" \/><\/figure>\n\n\n\n<div class=\"wp-block-group is-nowrap is-layout-flex wp-container-core-group-is-layout-ad2f72ca wp-block-group-is-layout-flex\">\n<div class=\"wp-block-group is-vertical is-layout-flex wp-container-core-group-is-layout-8cf370e7 wp-block-group-is-layout-flex\">\n<figure class=\"wp-block-image size-large\"><img loading=\"lazy\" decoding=\"async\" width=\"1024\" height=\"768\" src=\"https:\/\/ajan.africa\/wp-content\/uploads\/2025\/04\/WhatsApp-Image-2025-04-30-a-07.02.25_e34be810-1024x768.jpg\" alt=\"\" class=\"wp-image-16867\" srcset=\"https:\/\/ajan.africa\/wp-content\/uploads\/2025\/04\/WhatsApp-Image-2025-04-30-a-07.02.25_e34be810-1024x768.jpg 1024w, https:\/\/ajan.africa\/wp-content\/uploads\/2025\/04\/WhatsApp-Image-2025-04-30-a-07.02.25_e34be810-300x225.jpg 300w, https:\/\/ajan.africa\/wp-content\/uploads\/2025\/04\/WhatsApp-Image-2025-04-30-a-07.02.25_e34be810-768x576.jpg 768w, https:\/\/ajan.africa\/wp-content\/uploads\/2025\/04\/WhatsApp-Image-2025-04-30-a-07.02.25_e34be810-16x12.jpg 16w, https:\/\/ajan.africa\/wp-content\/uploads\/2025\/04\/WhatsApp-Image-2025-04-30-a-07.02.25_e34be810.jpg 1080w\" sizes=\"(max-width: 1024px) 100vw, 1024px\" \/><\/figure>\n<\/div>\n<\/div>\n<\/div>\n\n\n\n<p class=\"has-text-align-center\"><em>La photo de gauche montre le P\u00e8re Ismael Matambura SJ, remettant le certificat AHAPPY \u00e0 l'un des participants<\/em><\/p>\n\n\n\n<div class=\"wp-block-group is-nowrap is-layout-flex wp-container-core-group-is-layout-ad2f72ca wp-block-group-is-layout-flex\">\n<figure class=\"wp-block-image size-large\"><img loading=\"lazy\" decoding=\"async\" width=\"1024\" height=\"768\" src=\"https:\/\/ajan.africa\/wp-content\/uploads\/2025\/04\/WhatsApp-Image-2025-04-28-a-20.14.57_a1b226dd-1024x768.jpg\" alt=\"\" class=\"wp-image-16868\" srcset=\"https:\/\/ajan.africa\/wp-content\/uploads\/2025\/04\/WhatsApp-Image-2025-04-28-a-20.14.57_a1b226dd-1024x768.jpg 1024w, https:\/\/ajan.africa\/wp-content\/uploads\/2025\/04\/WhatsApp-Image-2025-04-28-a-20.14.57_a1b226dd-300x225.jpg 300w, https:\/\/ajan.africa\/wp-content\/uploads\/2025\/04\/WhatsApp-Image-2025-04-28-a-20.14.57_a1b226dd-768x576.jpg 768w, https:\/\/ajan.africa\/wp-content\/uploads\/2025\/04\/WhatsApp-Image-2025-04-28-a-20.14.57_a1b226dd-16x12.jpg 16w, https:\/\/ajan.africa\/wp-content\/uploads\/2025\/04\/WhatsApp-Image-2025-04-28-a-20.14.57_a1b226dd.jpg 1280w\" sizes=\"(max-width: 1024px) 100vw, 1024px\" \/><\/figure>\n\n\n\n<figure class=\"wp-block-image size-large\"><img loading=\"lazy\" decoding=\"async\" width=\"1024\" height=\"768\" src=\"https:\/\/ajan.africa\/wp-content\/uploads\/2025\/04\/WhatsApp-Image-2025-04-28-a-20.14.57_e10d9bb4-1024x768.jpg\" alt=\"\" class=\"wp-image-16869\" srcset=\"https:\/\/ajan.africa\/wp-content\/uploads\/2025\/04\/WhatsApp-Image-2025-04-28-a-20.14.57_e10d9bb4-1024x768.jpg 1024w, https:\/\/ajan.africa\/wp-content\/uploads\/2025\/04\/WhatsApp-Image-2025-04-28-a-20.14.57_e10d9bb4-300x225.jpg 300w, https:\/\/ajan.africa\/wp-content\/uploads\/2025\/04\/WhatsApp-Image-2025-04-28-a-20.14.57_e10d9bb4-768x576.jpg 768w, https:\/\/ajan.africa\/wp-content\/uploads\/2025\/04\/WhatsApp-Image-2025-04-28-a-20.14.57_e10d9bb4-16x12.jpg 16w, https:\/\/ajan.africa\/wp-content\/uploads\/2025\/04\/WhatsApp-Image-2025-04-28-a-20.14.57_e10d9bb4.jpg 1280w\" sizes=\"(max-width: 1024px) 100vw, 1024px\" \/><\/figure>\n<\/div>\n\n\n\n<p>La formation AHAPPY s'est conclue par une messe de cl\u00f4ture, c\u00e9l\u00e9brant le succ\u00e8s du programme tout en approfondissant les liens spirituels entre les participants. Ce fut un moment de r\u00e9flexion, de renouvellement de l'engagement et d'ouverture \u00e0 de nouvelles inspirations pour la poursuite de leur mission.<\/p>\n\n\n\n<p>Cette formation a donc \u00e9t\u00e9 une occasion pr\u00e9cieuse de d\u00e9veloppement de comp\u00e9tences, de partage d\u2019exp\u00e9riences et de croissance personnelle, r\u00e9v\u00e9lant un avenir prometteur pour chaque participant dans son engagement envers la jeunesse et la communaut\u00e9.<\/p>\n\n\n\n<p class=\"has-text-align-right translation-block\"><em>Par<\/em>, <strong>Jean-Ren\u00e9 Pius LOBONDA SJ<br>PHILON II<\/strong><\/p>\n\n\n\n<p>Lire aussi : <\/p>\n\n\n\n<figure class=\"wp-block-embed is-type-wp-embed is-provider-ajan wp-block-embed-ajan\"><div class=\"wp-block-embed__wrapper\">\n<blockquote class=\"wp-embedded-content\" data-secret=\"G8tA7YhwVJ\"><a href=\"https:\/\/ajan.africa\/fr\/ahappy-tot-impressions-from-the-rector-of-saint-pierre-canisius-jesuit-scholasticate-kinshasa-drc\/\">AHAPPY ToT : Impressions du recteur du scolasticat j\u00e9suite Saint-Pierre Canisius, Kinshasa (RDC)<\/a><\/blockquote><iframe class=\"wp-embedded-content\" sandbox=\"allow-scripts\" security=\"restricted\" style=\"position: absolute; visibility: hidden;\" title=\"\u00ab HAPPY ToT : Impressions du recteur du scolasticat j\u00e9suite Saint-Pierre Canisius, Kinshasa (RDC) \u00bb\" src=\"https:\/\/ajan.africa\/ahappy-tot-impressions-from-the-rector-of-saint-pierre-canisius-jesuit-scholasticate-kinshasa-drc\/embed\/#?secret=pzv0bHHsEI#?secret=G8tA7YhwVJ\" data-secret=\"G8tA7YhwVJ\" width=\"600\" height=\"338\" frameborder=\"0\" marginwidth=\"0\" marginheight=\"0\" scrolling=\"no\"><\/iframe>\n<\/div><\/figure>\n\n\n\n<figure class=\"wp-block-embed is-type-wp-embed is-provider-ajan wp-block-embed-ajan\"><div class=\"wp-block-embed__wrapper\">\n<blockquote class=\"wp-embedded-content\" data-secret=\"LyuhRYCLvS\"><a href=\"https:\/\/ajan.africa\/fr\/ahappy-program-empowering-missionaries-to-journey-with-the-marginalized-in-compassion-and-hope\/\">Programme HAPPY\u00a0: Donner aux missionnaires les moyens d'accompagner les personnes marginalis\u00e9es dans la compassion et l'espoir<\/a><\/blockquote><iframe class=\"wp-embedded-content\" sandbox=\"allow-scripts\" security=\"restricted\" style=\"position: absolute; visibility: hidden;\" title=\"Programme HAPPY\u00a0: Donner aux missionnaires les moyens d&#039;accompagner les personnes marginalis\u00e9es dans la compassion et l&#039;espoir\" src=\"https:\/\/ajan.africa\/ahappy-program-empowering-missionaries-to-journey-with-the-marginalized-in-compassion-and-hope\/embed\/#?secret=zs0eZ5aT9n#?secret=LyuhRYCLvS\" data-secret=\"LyuhRYCLvS\" width=\"600\" height=\"338\" frameborder=\"0\" marginwidth=\"0\" marginheight=\"0\" scrolling=\"no\"><\/iframe>\n<\/div><\/figure>\n\n\n\n<figure class=\"wp-block-embed is-type-wp-embed is-provider-ajan wp-block-embed-ajan\"><div class=\"wp-block-embed__wrapper\">\n<blockquote class=\"wp-embedded-content\" data-secret=\"ftznFUrykw\"><a href=\"https:\/\/ajan.africa\/fr\/ahappy-formed-in-us-the-will-to-be-present-among-the-poor-and-the-marginalized\/\">HAPPY a form\u00e9 en nous la volont\u00e9 d'\u00eatre pr\u00e9sents parmi les pauvres et les marginalis\u00e9s<\/a><\/blockquote><iframe class=\"wp-embedded-content\" sandbox=\"allow-scripts\" security=\"restricted\" style=\"position: absolute; visibility: hidden;\" title=\"\u00ab HAPPY a form\u00e9 en nous la volont\u00e9 d&#039;\u00eatre pr\u00e9sents aupr\u00e8s des pauvres et des marginalis\u00e9s \u00bb\" src=\"https:\/\/ajan.africa\/ahappy-formed-in-us-the-will-to-be-present-among-the-poor-and-the-marginalized\/embed\/#?secret=m7tRFWe67o#?secret=ftznFUrykw\" data-secret=\"ftznFUrykw\" width=\"600\" height=\"338\" frameborder=\"0\" marginwidth=\"0\" marginheight=\"0\" scrolling=\"no\"><\/iframe>\n<\/div><\/figure>","protected":false},"excerpt":{"rendered":"<p>The AHAPPY Training of Trainers (ToT) for religious in formation at Scholasticat J\u00e9suite Saint Pierre Canisius in Kinshasa, Democratic Republic of Congo (DRC) took place from April 14th to 16th, 2025. The training brought together 75 participants, including Jesuits in philosophy, novices from different congregations, trainee teachers, and students from<\/p>\n<p><a class=\"sd-more sd-all-trans\" href=\"https:\/\/ajan.africa\/fr\/ahappy-tot-for-religious-in-formation-begins-at-scholasticat-jesuite-saint-pierre-canisius-kinshasa-drc\/#more-16591\">Lire la suite<\/a><\/p>","protected":false},"author":5,"featured_media":16870,"comment_status":"closed","ping_status":"open","sticky":false,"template":"","format":"standard","meta":{"om_disable_all_campaigns":false,"_monsterinsights_skip_tracking":false,"_monsterinsights_sitenote_active":false,"_monsterinsights_sitenote_note":"","_monsterinsights_sitenote_category":0,"footnotes":""},"categories":[110,98],"tags":[],"class_list":["post-16591","post","type-post","status-publish","format-standard","has-post-thumbnail","hentry","category-ahappy-tot","category-ajan-news-articles"],"aioseo_notices":[],"_links":{"self":[{"href":"https:\/\/ajan.africa\/fr\/wp-json\/wp\/v2\/posts\/16591","targetHints":{"allow":["GET"]}}],"collection":[{"href":"https:\/\/ajan.africa\/fr\/wp-json\/wp\/v2\/posts"}],"about":[{"href":"https:\/\/ajan.africa\/fr\/wp-json\/wp\/v2\/types\/post"}],"author":[{"embeddable":true,"href":"https:\/\/ajan.africa\/fr\/wp-json\/wp\/v2\/users\/5"}],"replies":[{"embeddable":true,"href":"https:\/\/ajan.africa\/fr\/wp-json\/wp\/v2\/comments?post=16591"}],"version-history":[{"count":0,"href":"https:\/\/ajan.africa\/fr\/wp-json\/wp\/v2\/posts\/16591\/revisions"}],"wp:featuredmedia":[{"embeddable":true,"href":"https:\/\/ajan.africa\/fr\/wp-json\/wp\/v2\/media\/16870"}],"wp:attachment":[{"href":"https:\/\/ajan.africa\/fr\/wp-json\/wp\/v2\/media?parent=16591"}],"wp:term":[{"taxonomy":"category","embeddable":true,"href":"https:\/\/ajan.africa\/fr\/wp-json\/wp\/v2\/categories?post=16591"},{"taxonomy":"post_tag","embeddable":true,"href":"https:\/\/ajan.africa\/fr\/wp-json\/wp\/v2\/tags?post=16591"}],"curies":[{"name":"wp","href":"https:\/\/api.w.org\/{rel}","templated":true}]}}