{"id":16861,"date":"2025-05-06T13:15:00","date_gmt":"2025-05-06T13:15:00","guid":{"rendered":"https:\/\/ajan.africa\/?p=16861"},"modified":"2025-05-06T13:15:12","modified_gmt":"2025-05-06T13:15:12","slug":"pope-francis-a-courageous-pastor-touching-the-mind-and-the-heart","status":"publish","type":"post","link":"https:\/\/ajan.africa\/fr\/pope-francis-a-courageous-pastor-touching-the-mind-and-the-heart\/","title":{"rendered":"Pape Fran\u00e7ois : un pasteur courageux qui touche l\u2019esprit et le c\u0153ur."},"content":{"rendered":"<p class=\"translation-block\"><strong>Un pasteur courageux qui touche l'esprit et le c\u0153ur.<\/strong> Le pape Fran\u00e7ois a \u00e9t\u00e9 une source d'inspiration pour moi. Par sa vie et ses paroles, il a su toucher non seulement l'esprit, mais aussi le c\u0153ur. Fran\u00e7ois est ce pasteur qui utilise la m\u00e9taphore pour se connecter \u00e0 l'exp\u00e9rience humaine r\u00e9elle. Ses messages et ses exhortations resteront dans les m\u00e9moires non pas parce qu'ils viennent de Fran\u00e7ois, le premier j\u00e9suite \u00e0 \u00eatre pape, mais parce qu'ils nous ont reli\u00e9s \u00e0 nos racines\u00a0: J\u00e9sus, l'\u00c9vangile, le Verbe fait chair pour le salut de toute cr\u00e9ature.<\/p>\n\n\n\n<p class=\"translation-block\">Je me souviens tr\u00e8s bien de son appel courageux au monde entier, en particulier \u00e0 ceux qui exploitent d\u00e9lib\u00e9r\u00e9ment les autres, lors de sa visite en RD Congo en janvier 2023 : \u00ab Ne touchez pas \u00e0 la R\u00e9publique d\u00e9mocratique du Congo ! Ne touchez pas \u00e0 l\u2019Afrique ! Arr\u00eatez d\u2019\u00e9touffer l\u2019Afrique : l\u2019Afrique n\u2019est pas une mine \u00e0 d\u00e9manteler ni un terrain \u00e0 piller \u00bb, et aux jeunes du Kenya (2015), il disait : \u00ab Ne laissez pas la corruption vous voler vos r\u00eaves. Soyez la g\u00e9n\u00e9ration qui d\u00e9fend la v\u00e9rit\u00e9, la justice et l\u2019honn\u00eatet\u00e9. \u00bb Il croyait au pouvoir des jeunes de transformer le monde et l\u2019\u00c9glise s\u2019ils se laissaient guider par le Christ qui \u00ab est vivant et veut qu\u2019ils soient vivants \u00bb (Christus Vivit).<\/p>\n\n\n\n<p class=\"translation-block\">Fran\u00e7ois, un pasteur profond\u00e9ment enracin\u00e9 dans la pri\u00e8re et la proximit\u00e9 avec Dieu, t\u00e9moigne de sa proximit\u00e9 avec Dieu et avec les personnes que nous servons. \u00ab\u00a0Lorsque nous ch\u00e9rissons notre proximit\u00e9 avec Dieu, nous nous sentons attir\u00e9s vers notre peuple et nous ressentirons toujours de la compassion pour ceux qui nous sont confi\u00e9s.\u00bb La Parole de Dieu est un feu qui br\u00fble en nous et nous pousse \u00e0 aller de l'avant\u00a0! Voil\u00e0 donc ce que nous sommes, \u00e9v\u00eaques\u00a0: des hommes enflamm\u00e9s par la Parole de Dieu, envoy\u00e9s avec un z\u00e8le apostolique vers le peuple de Dieu\u00a0!\u00a0\u00bb<\/p>\n\n\n\n<p class=\"translation-block\">Il a ajout\u00e9\u00a0: \u00ab\u00a0Malheureusement, je sais que la communaut\u00e9 chr\u00e9tienne de ce pays a aussi un autre visage. C\u2019est celui d\u2019une \u00c9glise qui souffre pour son peuple, un c\u0153ur o\u00f9 la vie des gens, avec ses joies et ses \u00e9preuves, bat avec anxi\u00e9t\u00e9. Une \u00c9glise qui est un signe visible du Christ, qui aujourd\u2019hui encore est rejet\u00e9, condamn\u00e9 et insult\u00e9 par les nombreux crucifi\u00e9s de notre monde\u00a0; une \u00c9glise qui pleure avec leurs larmes et, comme J\u00e9sus, une \u00c9glise qui veut aussi les s\u00e9cher.\u00bb C\u2019est un appel \u00e0 \u00eatre l\u00e0 o\u00f9 sont les gens et \u00e0 savoir que, loin de Dieu, notre minist\u00e8re sera improductif.<\/p>\n\n\n\n<p>En tant que j\u00e9suite engag\u00e9 dans le secteur de la sant\u00e9 et du d\u00e9veloppement de la jeunesse sur le continent africain \u00e0 travers le travail du R\u00e9seau j\u00e9suite africain de lutte contre le sida (AJAN), ces paroles de Fran\u00e7ois et d'autres r\u00e9sonnent continuellement en moi, elles fa\u00e7onnent notre minist\u00e8re en tant qu'individu et en tant que r\u00e9seau de diverses mani\u00e8res. Comme le pape Fran\u00e7ois, je crois fermement qu'un continent africain sain, d\u00e9velopp\u00e9 et pleinement vivant n'est pas possible si nos jeunes sont laiss\u00e9s de c\u00f4t\u00e9. Nous devons mettre nos efforts ensemble, accompagner les jeunes et les construire de l'int\u00e9rieur (avec des connaissances, des valeurs et des comp\u00e9tences...) afin qu'ils puissent faire face \u00e0 toute force destructrice qui pourrait venir de l'ext\u00e9rieur. &nbsp;&nbsp;<\/p>\n\n\n\n<p>Merci, Francis, pour tes paroles inspirantes et stimulantes, et pour ta vie simple. Que Dieu, \u00e0 qui il a consacr\u00e9 toute sa vie, accorde \u00e0 son \u00e2me une paix \u00e9ternelle. Il restera vivant dans mon c\u0153ur.<\/p>\n\n\n\n<p class=\"has-text-align-right translation-block\">\u2013<strong>P\u00e8re Matambura Kashosi Ismael, sj<br><\/strong>Directeur, AJAN.<\/p>","protected":false},"excerpt":{"rendered":"<p>A courageous Pastor touching the mind and the heart. Pope Francis has been inspiring for me. By his life and words, he was able to touch not only the mind but also the heart. Francis is that Pastor who uses metaphor to connect well with human real experience. His messages,<\/p>\n<p><a class=\"sd-more sd-all-trans\" href=\"https:\/\/ajan.africa\/fr\/pope-francis-a-courageous-pastor-touching-the-mind-and-the-heart\/#more-16861\">Lire la suite<\/a><\/p>","protected":false},"author":5,"featured_media":16862,"comment_status":"closed","ping_status":"open","sticky":false,"template":"","format":"standard","meta":{"om_disable_all_campaigns":false,"_monsterinsights_skip_tracking":false,"_monsterinsights_sitenote_active":false,"_monsterinsights_sitenote_note":"","_monsterinsights_sitenote_category":0,"footnotes":""},"categories":[98,1],"tags":[],"class_list":["post-16861","post","type-post","status-publish","format-standard","has-post-thumbnail","hentry","category-ajan-news-articles","category-uncategorized"],"aioseo_notices":[],"_links":{"self":[{"href":"https:\/\/ajan.africa\/fr\/wp-json\/wp\/v2\/posts\/16861","targetHints":{"allow":["GET"]}}],"collection":[{"href":"https:\/\/ajan.africa\/fr\/wp-json\/wp\/v2\/posts"}],"about":[{"href":"https:\/\/ajan.africa\/fr\/wp-json\/wp\/v2\/types\/post"}],"author":[{"embeddable":true,"href":"https:\/\/ajan.africa\/fr\/wp-json\/wp\/v2\/users\/5"}],"replies":[{"embeddable":true,"href":"https:\/\/ajan.africa\/fr\/wp-json\/wp\/v2\/comments?post=16861"}],"version-history":[{"count":0,"href":"https:\/\/ajan.africa\/fr\/wp-json\/wp\/v2\/posts\/16861\/revisions"}],"wp:featuredmedia":[{"embeddable":true,"href":"https:\/\/ajan.africa\/fr\/wp-json\/wp\/v2\/media\/16862"}],"wp:attachment":[{"href":"https:\/\/ajan.africa\/fr\/wp-json\/wp\/v2\/media?parent=16861"}],"wp:term":[{"taxonomy":"category","embeddable":true,"href":"https:\/\/ajan.africa\/fr\/wp-json\/wp\/v2\/categories?post=16861"},{"taxonomy":"post_tag","embeddable":true,"href":"https:\/\/ajan.africa\/fr\/wp-json\/wp\/v2\/tags?post=16861"}],"curies":[{"name":"wp","href":"https:\/\/api.w.org\/{rel}","templated":true}]}}