{"id":17371,"date":"2025-07-16T09:40:16","date_gmt":"2025-07-16T09:40:16","guid":{"rendered":"https:\/\/ajan.africa\/?p=17371"},"modified":"2025-07-16T09:40:17","modified_gmt":"2025-07-16T09:40:17","slug":"the-2025-unaids-global-aids-report-a-crisis-that-calls-for-courage-and-global-solidarity","status":"publish","type":"post","link":"https:\/\/ajan.africa\/fr\/the-2025-unaids-global-aids-report-a-crisis-that-calls-for-courage-and-global-solidarity\/","title":{"rendered":"Le rapport mondial 2025 de UNAIDS sur le sida : Une crise qui appelle au courage et \u00e0 la solidarit\u00e9 mondiale"},"content":{"rendered":"<p class=\"translation-block\">Le 10 juillet, UNAIDS a lanc\u00e9 sa <strong>2025 Global AIDS Update<\/strong>, intitul\u00e9e <em>\u201cAIDS, Crisis and the Power to Transform.\u201d<\/em> Le rapport lance un avertissement s\u00e9v\u00e8re : une crise historique de financement menace d\u00e9sormais d\u2019inverser des d\u00e9cennies de progr\u00e8s durement acquis dans la riposte mondiale au VIH, \u00e0 moins que les pays, les communaut\u00e9s et les partenaires n\u2019agissent de mani\u00e8re d\u00e9cisive pour repenser la mani\u00e8re dont les programmes VIH sont financ\u00e9s et mis en \u0153uvre.<\/p>\n\n\n\n<h2 class=\"wp-block-heading\"><strong>Une crise en cours<\/strong><\/h2>\n\n\n\n<p>Le rapport documente comment des r\u00e9ductions massives et soudaines du financement international affectent profond\u00e9ment les pays les plus touch\u00e9s par le VIH. Les syst\u00e8mes de sant\u00e9 sont d\u00e9stabilis\u00e9s, les agents de sant\u00e9 en premi\u00e8re ligne mis \u00e0 l\u2019\u00e9cart, et les services essentiels, y compris la pr\u00e9vention et le traitement du VIH, perturb\u00e9s. Alors que 2024 avait montr\u00e9 des progr\u00e8s encourageants, 2025 a apport\u00e9 une nouvelle vague de rever<\/p>\n\n\n\n<p>Au Mozambique seulement, plus de 30 000 agents de sant\u00e9 ont \u00e9t\u00e9 touch\u00e9s. Le Nigeria a connu une chute drastique des initiations mensuelles \u00e0 la PrEP, passant de 40 000 \u00e0 seulement 6 000. Si les services li\u00e9s au VIH soutenus par de grands donateurs comme les \u00c9tats-Unis s\u2019effondrent compl\u00e8tement, UNAIDS avertit qu\u2019il pourrait y avoir jusqu\u2019\u00e0 6 millions de nouvelles infections au VIH et 4 millions de d\u00e9c\u00e8s li\u00e9s au sida entre 2025 et 2029.<\/p>\n\n\n\n<p class=\"translation-block\">Mme Winnie Byanyima, Directrice ex\u00e9cutive de UNAIDS, a soulign\u00e9 : <em>\u00ab Ce n\u2019est pas seulement un d\u00e9ficit de financement, c\u2019est une bombe \u00e0 retardement. Nous avons vu des services dispara\u00eetre du jour au lendemain. Des agents de sant\u00e9 ont \u00e9t\u00e9 renvoy\u00e9s chez eux. Et des personnes, en particulier des enfants et des populations cl\u00e9s, sont exclues des soins. \u00bb<\/em><\/p>\n\n\n\n<p class=\"translation-block\">En 2024, 9,2 millions de personnes vivant avec le VIH n\u2019avaient toujours pas acc\u00e8s au traitement. Cela inclut 620 000 enfants de moins de 14 ans, contribuant \u00e0 75 000 d\u00e9c\u00e8s li\u00e9s au sida chez les enfants l\u2019an dernier. <em>L\u2019Afrique subsaharienne repr\u00e9sentait 61 % des 630 000<\/em> d\u00e9c\u00e8s li\u00e9s au sida dans le monde en 2024. De fa\u00e7on alarmante, <em>plus de 210 000 adolescentes et jeunes femmes \u00e2g\u00e9es de 15 \u00e0 24 ans ont acquis le VIH la m\u00eame ann\u00e9e<\/em><em> \u2014 soit en moyenne 570 nouvelles infections par jour<\/em>.<\/p>\n\n\n\n<p>Les services dirig\u00e9s par les communaut\u00e9s sont \u00e9galement menac\u00e9s. Plus de 60 % des organisations de lutte contre le VIH dirig\u00e9es par des femmes, interrog\u00e9es au d\u00e9but de l\u2019ann\u00e9e 2025, ont d\u00e9clar\u00e9 avoir perdu leur financement ou suspendu leurs services. Les programmes financ\u00e9s par le U.S. President\u2019s Emergency Plan for AIDS Relief (PEPFAR), qui ont touch\u00e9 2,3 millions d\u2019adolescentes et de jeunes femmes avec des services de pr\u00e9vention en 2024, ont d\u00e9sormais \u00e9t\u00e9 interrompus dans de nombreuses r\u00e9gions.<\/p>\n\n\n\n<h2 class=\"wp-block-heading\"><strong>Signes d\u2019espoir et de r\u00e9silience<\/strong><\/h2>\n\n\n\n<p>Malgr\u00e9 ces d\u00e9fis, certains pays et certaines communaut\u00e9s intensifient leurs efforts. L\u2019Afrique du Sud finance d\u00e9sormais 77 % de sa riposte au sida et s\u2019est engag\u00e9e \u00e0 augmenter ses budgets de sant\u00e9 et de lutte contre le VIH au cours des trois prochaines ann\u00e9es. Des investissements dans les infrastructures, la distribution de m\u00e9dicaments et les syst\u00e8mes de donn\u00e9es sont en cours.<\/p>\n\n\n\n<p class=\"translation-block\">De plus, sept pays africains \u2014 <strong>Botswana, Eswatini, Lesotho, Namibie, Rwanda, Zambie et Zimbabwe<\/strong> \u2014 ont d\u00e9j\u00e0 atteint les <strong>objectifs 95-95-95<\/strong> : 95 % des personnes vivant avec le VIH connaissent leur statut, 95 % de celles-ci sont sous traitement, et 95 % de celles sous traitement ont une charge virale supprim\u00e9e. Ces r\u00e9ussites d\u00e9montrent qu\u2019avec des investissements appropri\u00e9s et un leadership fort, le succ\u00e8s est possible et peut \u00eatre reproduit \u00e0 grande \u00e9chelle.<\/p>\n\n\n\n<p class=\"translation-block\">Des perc\u00e9es en mati\u00e8re de pr\u00e9vention \u00e9mergent \u00e9galement. La PrEP injectable \u00e0 longue dur\u00e9e d\u2019action, comme le <strong>Lenacapavir<\/strong>, a montr\u00e9 une efficacit\u00e9 quasi totale lors des essais cliniques. Cependant, le co\u00fbt et l\u2019acc\u00e8s \u00e9quitable restent des obstacles majeurs \u00e0 une mise en \u0153uvre \u00e0 grande \u00e9chelle.<\/p>\n\n\n\n<p>\u00ab Il est encore temps de transformer cette crise en opportunit\u00e9 \u00bb, a d\u00e9clar\u00e9 Mme Byanyima. \u00ab Les pays intensifient leur financement national. Les communaut\u00e9s montrent ce qui fonctionne. Nous avons maintenant besoin d\u2019une solidarit\u00e9 mondiale \u00e0 la hauteur de leur courage et de leur r\u00e9silience. \u00bb<\/p>\n\n\n\n<h2 class=\"wp-block-heading\"><strong>Un appel \u00e0 une r\u00e9ponse acc\u00e9l\u00e9r\u00e9e fond\u00e9e sur la foi<\/strong><\/h2>\n\n\n\n<p class=\"translation-block\">UNAIDS continue de souligner le r\u00f4le crucial des <strong>organisations confessionnelles (FBOs)<\/strong> dans la riposte mondiale au VIH. Leur pr\u00e9sence au sein des communaut\u00e9s, leur capacit\u00e9 \u00e0 lutter contre la stigmatisation et leur engagement en faveur de la dignit\u00e9 humaine font d\u2019elles des partenaires inestimables.<\/p>\n\n\n\n<p class=\"translation-block\">En 2025, les chefs religieux du monde entier ont \u00e9t\u00e9 appel\u00e9s \u00e0 agir de mani\u00e8re d\u00e9cisive : <strong>r\u00e9duire la stigmatisation, accro\u00eetre l\u2019acc\u00e8s aux services, d\u00e9fendre les droits humains et garantir le traitement des enfants vivant avec le VIH.<\/strong> UNAIDS appelle \u00e0 une r\u00e9ponse confessionnelle <em>Fast-Track<\/em> qui acc\u00e9l\u00e8re les engagements ant\u00e9rieurs, renforce la collaboration et amplifie l\u2019impact en vue de mettre fin au sida d\u2019ici 2030.<\/p>\n\n\n\n<p>Les initiatives fond\u00e9es sur la foi sont particuli\u00e8rement bien plac\u00e9es pour remettre en question les normes sociales qui perp\u00e9tuent la discrimination et les remplacer par la compassion, l\u2019inclusion et la justice.<\/p>\n\n\n\n<p>Lors de la Journ\u00e9e mondiale de lutte contre le sida 2024, le P\u00e8re Jos\u00e9 Minaku, SJ, Pr\u00e9sident de la Conf\u00e9rence j\u00e9suite d\u2019Afrique et de Madagascar (JCAM), a r\u00e9it\u00e9r\u00e9 cet appel urgent \u00e0 l\u2019action. Dans sa d\u00e9claration, il a soulign\u00e9 :<\/p>\n\n\n\n<p><em>\u00ab Alors que l\u2019\u00c9glise, et les j\u00e9suites en particulier, ont accompagn\u00e9 les personnes touch\u00e9es et infect\u00e9es par le VIH, nous reconnaissons que le chemin est encore long. De mani\u00e8re inqui\u00e9tante, nous assistons \u00e0 une r\u00e9surgence de d\u00e9fis qui menacent de compromettre les progr\u00e8s r\u00e9alis\u00e9s, cr\u00e9ant de nouvelles vuln\u00e9rabilit\u00e9s, marginalisations et exclusions. Nous devons construire des cadres qui respectent la dignit\u00e9 divine et affirment le caract\u00e8re sacr\u00e9 de chaque vie. Nos communaut\u00e9s doivent \u00e9galement \u00eatre habilit\u00e9es \u00e0 exiger de leurs dirigeants de la compassion, de la justice et de la responsabilit\u00e9, dans une mission commune visant \u00e0 \u00e9lever, inclure et honorer chaque individu. \u00bb<\/em><\/p>\n\n\n\n<p class=\"translation-block\">\u00c0 AJAN, nous nous tenons pleinement solidaires de cet appel \u00e0 l\u2019action. Guid\u00e9s par nos valeurs fondamentales : <strong><em>Vie, Compassion, Dignit\u00e9 humaine, Cura Personalis, Magis et Responsabilit\u00e9<\/em><\/strong>, nous restons profond\u00e9ment engag\u00e9s \u00e0 marcher aux c\u00f4t\u00e9s de celles et ceux les plus touch\u00e9s par le VIH, en particulier les enfants, les femmes et les communaut\u00e9s marginalis\u00e9es. Enracin\u00e9s dans notre mission de promouvoir la <strong>\u00ab vie en abondance \u00bb<\/strong> et inspir\u00e9s par la Doctrine sociale catholique, nous nous effor\u00e7ons de d\u00e9fendre la dignit\u00e9 de chaque personne \u00e0 travers l\u2019\u00e9ducation, l\u2019autonomisation et l\u2019accompagnement. Nous croyons que <strong>le chemin juste ne suit pas les voix bruyantes du monde<\/strong>, <strong>il choisit la compassion, honore la dignit\u00e9 et marche humblement avec les plus vuln\u00e9rables.<\/strong><\/p>\n\n\n\n<h2 class=\"wp-block-heading\">La voie \u00e0 suivre<\/h2>\n\n\n\n<p class=\"translation-block\">Le rapport 2025 Global AIDS Update se conclut par un message clair : <strong>les efforts nationaux sont essentiels, mais la solidarit\u00e9 mondiale est indispensable.<\/strong> Combler le d\u00e9ficit de financement, lever les obstacles juridiques et sociaux, et autonomiser les communaut\u00e9s doivent \u00eatre des priorit\u00e9s.<\/p>\n\n\n\n<p class=\"translation-block\">Chaque dollar investi dans la riposte au VIH ne sauve pas seulement des vies, il renforce aussi les syst\u00e8mes de sant\u00e9 et contribue au d\u00e9veloppement durable. Depuis le d\u00e9but de l\u2019\u00e9pid\u00e9mie, <strong>26,9 millions de d\u00e9c\u00e8s ont \u00e9t\u00e9 \u00e9vit\u00e9s<\/strong> gr\u00e2ce \u00e0 l\u2019acc\u00e8s au traitement, et <strong>4,4 millions d\u2019enfants<\/strong> ont \u00e9t\u00e9 prot\u00e9g\u00e9s du VIH gr\u00e2ce \u00e0 la pr\u00e9vention de la transmission verticale.<\/p>\n\n\n\n<p class=\"translation-block\">\u00c0 AJAN, nous restons fermement engag\u00e9s dans notre mission de promouvoir la sant\u00e9, la dignit\u00e9 et la justice pour tous \u2014 en particulier pour ceux qui sont touch\u00e9s par le VIH et le sida. Mais nous ne pouvons pas y parvenir seuls. Vous pouvez nous aider \u00e0 faire la diff\u00e9rence. En soutenant notre travail, vous devenez partie prenante d\u2019une vision partag\u00e9e : des individus, des familles et des communaut\u00e9s autonomis\u00e9s, \u0153uvrant pour une soci\u00e9t\u00e9 sans VIH ni sida et pour la pl\u00e9nitude de vie promise dans Jean 10:10. Rejoignez-nous pour apporter l\u2019espoir, la gu\u00e9rison et la transformation. <strong><a href=\"https:\/\/ajan.africa\/fr\/our-causes\/\" target=\"_self\">Faites un don d\u00e8s aujourd\u2019hui<\/a><\/strong> et soyez le changement que quelqu\u2019un esp\u00e8re.<\/p>\n\n\n\n<p class=\"has-text-align-right translation-block\"><strong>Par<\/strong>, Dennis Owuoche<\/p>\n\n\n\n<p class=\"has-text-align-right\">Charg\u00e9 de communication AJAN<\/p>\n\n\n\n<p>________________________________________________________________________________________________________________________________<\/p>\n\n\n\n<p><strong>Reference:<\/strong> UNAIDS (2025). Global AIDS Update: <em>AIDS, Crisis and the Power to Transform<\/em>. <a>https:\/\/www.unaids.org\/en\/resources\/documents\/2025\/2025-global-aids-update<\/a><\/p>","protected":false},"excerpt":{"rendered":"<p>On July 10, UNAIDS launched its 2025 Global AIDS Update, titled &#8220;AIDS, Crisis and the Power to Transform.&#8221; The report issues a stark warning: a historic funding crisis now threatens to reverse decades of hard-won progress in the global HIV response, unless countries, communities, and partners act decisively to reshape<\/p>\n<p><a class=\"sd-more sd-all-trans\" href=\"https:\/\/ajan.africa\/fr\/the-2025-unaids-global-aids-report-a-crisis-that-calls-for-courage-and-global-solidarity\/#more-17371\">Lire la suite<\/a><\/p>","protected":false},"author":155,"featured_media":17377,"comment_status":"closed","ping_status":"open","sticky":false,"template":"","format":"standard","meta":{"om_disable_all_campaigns":false,"_monsterinsights_skip_tracking":false,"_monsterinsights_sitenote_active":false,"_monsterinsights_sitenote_note":"","_monsterinsights_sitenote_category":0,"footnotes":""},"categories":[98,132],"tags":[],"class_list":["post-17371","post","type-post","status-publish","format-standard","has-post-thumbnail","hentry","category-ajan-news-articles","category-hiv-aids-updates"],"aioseo_notices":[],"_links":{"self":[{"href":"https:\/\/ajan.africa\/fr\/wp-json\/wp\/v2\/posts\/17371","targetHints":{"allow":["GET"]}}],"collection":[{"href":"https:\/\/ajan.africa\/fr\/wp-json\/wp\/v2\/posts"}],"about":[{"href":"https:\/\/ajan.africa\/fr\/wp-json\/wp\/v2\/types\/post"}],"author":[{"embeddable":true,"href":"https:\/\/ajan.africa\/fr\/wp-json\/wp\/v2\/users\/155"}],"replies":[{"embeddable":true,"href":"https:\/\/ajan.africa\/fr\/wp-json\/wp\/v2\/comments?post=17371"}],"version-history":[{"count":0,"href":"https:\/\/ajan.africa\/fr\/wp-json\/wp\/v2\/posts\/17371\/revisions"}],"wp:featuredmedia":[{"embeddable":true,"href":"https:\/\/ajan.africa\/fr\/wp-json\/wp\/v2\/media\/17377"}],"wp:attachment":[{"href":"https:\/\/ajan.africa\/fr\/wp-json\/wp\/v2\/media?parent=17371"}],"wp:term":[{"taxonomy":"category","embeddable":true,"href":"https:\/\/ajan.africa\/fr\/wp-json\/wp\/v2\/categories?post=17371"},{"taxonomy":"post_tag","embeddable":true,"href":"https:\/\/ajan.africa\/fr\/wp-json\/wp\/v2\/tags?post=17371"}],"curies":[{"name":"wp","href":"https:\/\/api.w.org\/{rel}","templated":true}]}}