{"id":17741,"date":"2025-09-08T12:02:48","date_gmt":"2025-09-08T12:02:48","guid":{"rendered":"https:\/\/ajan.africa\/?p=17741"},"modified":"2025-09-08T12:02:55","modified_gmt":"2025-09-08T12:02:55","slug":"ahappy-generation-the-best-offer-for-a-responsible-and-fulfilled-youth","status":"publish","type":"post","link":"https:\/\/ajan.africa\/fr\/ahappy-generation-the-best-offer-for-a-responsible-and-fulfilled-youth\/","title":{"rendered":"AHAPPY generation, la meilleure offre pour une jeunesse responsable et \u00e9panouie."},"content":{"rendered":"<p>Au sortir d\u2019une longue mais importante semaine ignatienne (11 au 16 ao\u00fbt 2025) \u00e0 l\u2019Institut de Th\u00e9ologie de la Compagnie de J\u00e9sus (ITCJ), portant sur le programme AHAPPY Generation, d\u00e9velopp\u00e9 par African Jesuits AIDS Network (AJAN), c\u2019est un satisfecit qui couronne la modeste r\u00e9flexion qui suit.<\/p>\n\n\n\n<figure class=\"wp-block-image size-large\"><img fetchpriority=\"high\" decoding=\"async\" width=\"1024\" height=\"768\" src=\"https:\/\/ajan.africa\/wp-content\/uploads\/2025\/09\/20250814_122906-1-1024x768.jpg\" alt=\"\" class=\"wp-image-17751\" srcset=\"https:\/\/ajan.africa\/wp-content\/uploads\/2025\/09\/20250814_122906-1-1024x768.jpg 1024w, https:\/\/ajan.africa\/wp-content\/uploads\/2025\/09\/20250814_122906-1-300x225.jpg 300w, https:\/\/ajan.africa\/wp-content\/uploads\/2025\/09\/20250814_122906-1-768x576.jpg 768w, https:\/\/ajan.africa\/wp-content\/uploads\/2025\/09\/20250814_122906-1-1536x1152.jpg 1536w, https:\/\/ajan.africa\/wp-content\/uploads\/2025\/09\/20250814_122906-1-16x12.jpg 16w, https:\/\/ajan.africa\/wp-content\/uploads\/2025\/09\/20250814_122906-1.jpg 1920w\" sizes=\"(max-width: 1024px) 100vw, 1024px\" \/><\/figure>\n\n\n\n<p>D\u2019embl\u00e9e, nous avons eu une pr\u00e9sentation de l\u2019AJAN en tant que structure participant \u00e0 la vision globale du JCAM (Jesuit Conference of Africa and Madagascar). En dehors de la lutte pour le contr\u00f4le du VIH et du SIDA, l\u2019AJAN s\u2019est red\u00e9finie en prenant comme priorit\u00e9 l\u2019appui au d\u00e9veloppement de la jeunesse africaine. Cet engagement repose sur sa richesse spirituelle, tir\u00e9e de la longue tradition humaine des J\u00e9suites. Ainsi, la connaissance de soi, la connaissance de son environnement, le discernement, la prise de d\u00e9cision et le mentorat ont \u00e9t\u00e9, entre autres, les axes de discussion durant le programme.<\/p>\n\n\n\n<p class=\"translation-block\">De ces axes de discussion, <strong>j\u2019ai \u00e9t\u00e9 particuli\u00e8rement touch\u00e9 par l\u2019accent mis sur la construction de valeurs et de principes moraux et humains comme arme et atout pour une jeunesse responsable et \u00e9panouie. Les principes de vie, disaient les organisateurs, sont de solides fondations d\u2019une vie responsable parce qu\u2019ils constituent les r\u00e8gles et mesures que l\u2019on s\u2019impose pour guider sa vie. Ces principes permettent de r\u00e9sister aux pressions ext\u00e9rieures et donnent une certaine paix et s\u00e9r\u00e9nit\u00e9 int\u00e9rieure dans un monde bombard\u00e9 par des maux de toutes sortes. Ces principes sont aussi fond\u00e9s sur la prise de conscience de soi comme un \u00eatre aim\u00e9 et cr\u00e9\u00e9 par Dieu, dont la contribution sociale permet d\u2019atteindre sa finalit\u00e9 d\u2019\u00eatre cr\u00e9\u00e9.<\/strong> Notre contribution est le choix que nous faisons, l\u2019appel que nous recevons du fond du c\u0153ur \u00e0 embrasser tel mode de vie ou telle profession.<\/p>\n\n\n\n<figure class=\"wp-block-image size-large\"><img decoding=\"async\" width=\"1024\" height=\"768\" src=\"https:\/\/ajan.africa\/wp-content\/uploads\/2025\/09\/20250813_163106-1024x768.jpg\" alt=\"\" class=\"wp-image-17754\" srcset=\"https:\/\/ajan.africa\/wp-content\/uploads\/2025\/09\/20250813_163106-1024x768.jpg 1024w, https:\/\/ajan.africa\/wp-content\/uploads\/2025\/09\/20250813_163106-300x225.jpg 300w, https:\/\/ajan.africa\/wp-content\/uploads\/2025\/09\/20250813_163106-768x576.jpg 768w, https:\/\/ajan.africa\/wp-content\/uploads\/2025\/09\/20250813_163106-1536x1152.jpg 1536w, https:\/\/ajan.africa\/wp-content\/uploads\/2025\/09\/20250813_163106-16x12.jpg 16w, https:\/\/ajan.africa\/wp-content\/uploads\/2025\/09\/20250813_163106.jpg 1920w\" sizes=\"(max-width: 1024px) 100vw, 1024px\" \/><\/figure>\n\n\n\n<p class=\"translation-block\">Au-del\u00e0 des principes, les diff\u00e9rentes vid\u00e9os et travaux de groupe ont facilit\u00e9 et all\u00e9g\u00e9 la lourdeur de la formation et <strong>nous ont permis de r\u00e9fl\u00e9chir sur certains probl\u00e8mes sociaux, leurs causes et les moyens de les r\u00e9soudre. Le plus marquant de ces \u00e9changes \u00e9tait de constater que la r\u00e9solution de tous les probl\u00e8mes que rencontre la jeunesse passe par la collaboration de plusieurs acteurs : la famille, les \u00e9ducateurs, les pouvoirs publics, mais surtout moi en tant qu\u2019individu. Les facilitateurs ont mis un accent sur la contribution personnelle de chacun : Que peux-tu faire \u00e0 ton niveau pour impacter la jeunesse que tu rencontres ? <\/strong><\/p>\n\n\n\n<p class=\"translation-block\">A mon avis, la r\u00e9solution des probl\u00e8mes sociaux comme la drogue, le vagabondage sexuel, les influences n\u00e9gatives doit avoir une approche int\u00e9grale et globale. <strong>Bien m\u00eame qu\u2019\u00e0 notre niveau, nous accroissions les sensibilisations et les programmes de mentorat avec les jeunes que nous rencontrons, il est judicieux que davantage de lobbying soit fait au niveau des pouvoirs publics pour que de plus grandes et importantes d\u00e9cisions soutiennent les initiatives personnelles. Je souligne que les initiatives personnelles peuvent aussi \u00eatre le point d\u2019ancrage des d\u00e9cisions des pouvoirs publics.<\/strong><\/p>\n\n\n\n<figure class=\"wp-block-image size-large\"><img decoding=\"async\" width=\"1024\" height=\"768\" src=\"https:\/\/ajan.africa\/wp-content\/uploads\/2025\/09\/20250812_103354-1024x768.jpg\" alt=\"\" class=\"wp-image-17753\" srcset=\"https:\/\/ajan.africa\/wp-content\/uploads\/2025\/09\/20250812_103354-1024x768.jpg 1024w, https:\/\/ajan.africa\/wp-content\/uploads\/2025\/09\/20250812_103354-300x225.jpg 300w, https:\/\/ajan.africa\/wp-content\/uploads\/2025\/09\/20250812_103354-768x576.jpg 768w, https:\/\/ajan.africa\/wp-content\/uploads\/2025\/09\/20250812_103354-1536x1152.jpg 1536w, https:\/\/ajan.africa\/wp-content\/uploads\/2025\/09\/20250812_103354-16x12.jpg 16w, https:\/\/ajan.africa\/wp-content\/uploads\/2025\/09\/20250812_103354.jpg 1920w\" sizes=\"(max-width: 1024px) 100vw, 1024px\" \/><\/figure>\n\n\n\n<p class=\"translation-block\">En somme, <strong>le programme G\u00e9n\u00e9ration heureuse (AHAPPY generation) est \u00e0 vulgariser dans un monde o\u00f9 la majorit\u00e9 des \u00c9tats a opt\u00e9 pour des options plus superficielles telles que la promotion du port des condoms, l\u2019\u00e9ducation des jeunes \u00e0 utiliser davantage les contraceptifs. La Compagnie de J\u00e9sus, fid\u00e8le \u00e0 l\u2019\u00c9glise, offre une autre option, la plus humanisante, la plus respectueuse de la dignit\u00e9 humaine et la plus rassurante : la culture des valeurs et des principes de vie, le mentorat et le d\u00e9veloppement personnel, la connaissance de soi et de son environnement.<\/strong><\/p>\n\n\n\n<p>Ce programme doit \u00eatre promu au-del\u00e0 des maisons de formation des N\u00f4tres pour atteindre les universit\u00e9s et \u00e9coles j\u00e9suites. L\u2019\u00e9ducation j\u00e9suite dans son ensemble en tirerait grand profit, en particulier les \u00ab Deans of Students Affairs \u00bb de nos universit\u00e9s, qui sont charg\u00e9s de la formation humaine de nos \u00e9tudiants. Je recommanderais ce programme \u00e0 nos diff\u00e9rentes universit\u00e9s et \u00e9coles secondaires de la conf\u00e9rence.<\/p>\n\n\n\n<p><strong><strong>Que l'AHAPPY generation soit proclam\u00e9e partout et que nous, jeunes, d\u00e9couvrions la beaut\u00e9 et la joie de vivre au-del\u00e0 des pressions et campagnes qui tendent \u00e0 nous animaliser davantage.<\/strong><\/strong><\/p>\n\n\n\n<p class=\"has-text-align-right translation-block\"><em>Par<\/em>, <strong>Kouakou N. K. Jean-Serge, S.J.<\/strong><\/p>\n\n\n\n<p class=\"has-text-align-right\">Jesuit Trainee, ITCJ.<\/p>","protected":false},"excerpt":{"rendered":"<p>At the end of a long but important Ignatian week (August 11\u201316, 2025) at the Institute of Theology of the Society of Jesus (ITCJ), focused on the AHAPPY Generation program developed by the African Jesuit AIDS Network (AJAN), I share with satisfaction the modest reflection that follows. From the outset,<\/p>\n<p><a class=\"sd-more sd-all-trans\" href=\"https:\/\/ajan.africa\/fr\/ahappy-generation-the-best-offer-for-a-responsible-and-fulfilled-youth\/#more-17741\">Lire la suite<\/a><\/p>","protected":false},"author":5,"featured_media":17749,"comment_status":"closed","ping_status":"open","sticky":false,"template":"","format":"standard","meta":{"om_disable_all_campaigns":false,"_monsterinsights_skip_tracking":false,"_monsterinsights_sitenote_active":false,"_monsterinsights_sitenote_note":"","_monsterinsights_sitenote_category":0,"footnotes":""},"categories":[98,109],"tags":[],"class_list":["post-17741","post","type-post","status-publish","format-standard","has-post-thumbnail","hentry","category-ajan-news-articles","category-testimonials"],"aioseo_notices":[],"_links":{"self":[{"href":"https:\/\/ajan.africa\/fr\/wp-json\/wp\/v2\/posts\/17741","targetHints":{"allow":["GET"]}}],"collection":[{"href":"https:\/\/ajan.africa\/fr\/wp-json\/wp\/v2\/posts"}],"about":[{"href":"https:\/\/ajan.africa\/fr\/wp-json\/wp\/v2\/types\/post"}],"author":[{"embeddable":true,"href":"https:\/\/ajan.africa\/fr\/wp-json\/wp\/v2\/users\/5"}],"replies":[{"embeddable":true,"href":"https:\/\/ajan.africa\/fr\/wp-json\/wp\/v2\/comments?post=17741"}],"version-history":[{"count":3,"href":"https:\/\/ajan.africa\/fr\/wp-json\/wp\/v2\/posts\/17741\/revisions"}],"predecessor-version":[{"id":17755,"href":"https:\/\/ajan.africa\/fr\/wp-json\/wp\/v2\/posts\/17741\/revisions\/17755"}],"wp:featuredmedia":[{"embeddable":true,"href":"https:\/\/ajan.africa\/fr\/wp-json\/wp\/v2\/media\/17749"}],"wp:attachment":[{"href":"https:\/\/ajan.africa\/fr\/wp-json\/wp\/v2\/media?parent=17741"}],"wp:term":[{"taxonomy":"category","embeddable":true,"href":"https:\/\/ajan.africa\/fr\/wp-json\/wp\/v2\/categories?post=17741"},{"taxonomy":"post_tag","embeddable":true,"href":"https:\/\/ajan.africa\/fr\/wp-json\/wp\/v2\/tags?post=17741"}],"curies":[{"name":"wp","href":"https:\/\/api.w.org\/{rel}","templated":true}]}}