{"id":19020,"date":"2025-11-30T12:41:56","date_gmt":"2025-11-30T12:41:56","guid":{"rendered":"https:\/\/ajan.africa\/?p=19020"},"modified":"2025-12-03T12:28:32","modified_gmt":"2025-12-03T12:28:32","slug":"ajanews-november-brief-youth-faith-and-climate-answering-gods-call","status":"publish","type":"post","link":"https:\/\/ajan.africa\/fr\/ajanews-november-brief-youth-faith-and-climate-answering-gods-call\/","title":{"rendered":"AJANews \u2013 Bulletin de novembre : Jeunesse, Foi et Climat : R\u00e9pondre \u00e0 l\u2019appel de Dieu"},"content":{"rendered":"<p>Dans cette \u00e9dition de novembre du Bulletin AJAN, la question urgente de savoir comment sauver notre plan\u00e8te occupe le devant de la sc\u00e8ne. Alors que les dirigeants mondiaux se r\u00e9unissent lors d\u2019\u00e9v\u00e9nements cruciaux tels que COP30 pour n\u00e9gocier des politiques climatiques, les jeunes Africains d\u00e9montrent que la v\u00e9ritable action climatique commence au niveau communautaire.<\/p>\n\n\n<div class=\"wp-block-image\">\n<figure class=\"aligncenter size-large\"><img fetchpriority=\"high\" decoding=\"async\" width=\"1024\" height=\"576\" src=\"https:\/\/ajan.africa\/wp-content\/uploads\/2025\/11\/585310104_1160098586246048_3624707974167236179_n-1-1024x576.jpg\" alt=\"\" class=\"wp-image-19021\" srcset=\"https:\/\/ajan.africa\/wp-content\/uploads\/2025\/11\/585310104_1160098586246048_3624707974167236179_n-1-1024x576.jpg 1024w, https:\/\/ajan.africa\/wp-content\/uploads\/2025\/11\/585310104_1160098586246048_3624707974167236179_n-1-300x169.jpg 300w, https:\/\/ajan.africa\/wp-content\/uploads\/2025\/11\/585310104_1160098586246048_3624707974167236179_n-1-768x432.jpg 768w, https:\/\/ajan.africa\/wp-content\/uploads\/2025\/11\/585310104_1160098586246048_3624707974167236179_n-1-18x10.jpg 18w, https:\/\/ajan.africa\/wp-content\/uploads\/2025\/11\/585310104_1160098586246048_3624707974167236179_n-1-274x155.jpg 274w, https:\/\/ajan.africa\/wp-content\/uploads\/2025\/11\/585310104_1160098586246048_3624707974167236179_n-1.jpg 1280w\" sizes=\"(max-width: 1024px) 100vw, 1024px\" \/><figcaption class=\"wp-element-caption\"><em>D\u00e9l\u00e9gation du Centre Arrupe Madagascar (CA-MDG) \u00e0 la COP30 \u00e0 Bel\u00e9m, Br\u00e9sil<\/em>.<\/figcaption><\/figure>\n<\/div>\n\n\n<p class=\"translation-block\">Le Secr\u00e9tariat pour la Justice Sociale et l\u2019\u00c9cologie de la Compagnie de J\u00e9sus (SJES), \u00e0 travers leur campagne \u00ab Jesuits for Climate Justice: Faith in Action at COP30 \u00bb, offre une perspective morale et spirituelle sur les discussions climatiques. Apr\u00e8s la remise de la lettre, la campagne \u00ab Jesuits for Climate Justice \u00bb a tenu une conf\u00e9rence de presse dans la Blue Zone de la COP30, \u00e0 Bel\u00e9m, Br\u00e9sil, le 21 novembre. La d\u00e9l\u00e9gation j\u00e9suite a utilis\u00e9 cette plateforme pour d\u00e9tailler ses demandes et r\u00e9fl\u00e9chir sur la mani\u00e8re dont la foi, la justice et la protection \u00e9cologique se croisent en r\u00e9ponse \u00e0 l\u2019urgence climatique.<br>Leur plaidoyer se concentre sur trois priorit\u00e9s pour les dirigeants mondiaux :<\/p>\n\n\n\n<ul class=\"wp-block-list\">\n<li>Annuler les dettes des pays sous-d\u00e9velopp\u00e9s et renforcer le Fonds pour les pertes et pr\u00e9judices: Les dettes impayables emp\u00eachent les pays en d\u00e9veloppement d\u2019investir dans l\u2019adaptation au climat. Les J\u00e9suites appellent \u00e0 l\u2019annulation de ces dettes et \u00e0 la mise en place d\u2019un fonds bas\u00e9 sur des subventions pour r\u00e9pondre aux impacts climatiques.<\/li>\n\n\n\n<li>Acc\u00e9l\u00e9rer les accords et fixer des objectifs pour une transition \u00e9nerg\u00e9tique \u00e9quitable : Une \u00e9limination rapide, \u00e9quitable et enti\u00e8rement financ\u00e9e des combustibles fossiles est cruciale, conform\u00e9ment \u00e0 l\u2019objectif de 1,5\u202f\u00b0C de l\u2019Accord de Paris, tout en respectant les responsabilit\u00e9s historiques, les droits des peuples autochtones et les moyens de subsistance durables.<\/li>\n\n\n\n<li>Set targets to establish a global food sovereignty system grounded in agroecological practices: ecological, culturally adapted agriculture protects biodiversity and empowers smallholder and Indigenous communities.<\/li>\n<\/ul>\n\n\n\n<p class=\"translation-block\">Les jeunes Africains participant \u00e0 l\u2019initiative d\u2019AJAN pour l\u2019autonomisation \u00e9conomique des jeunes, intitul\u00e9e \u00ab <em>Jesuit Youth-Led Social Entrepreneurial (JYSEA)<\/em> \u00bb, traduisent les ambitions mondiales en actions locales. En combinant la conservation de l\u2019environnement avec l\u2019autonomisation des jeunes, leurs initiatives r\u00e9pondent \u00e0 la fois aux d\u00e9fis \u00e9cologiques et sociaux. Des projets d\u2019agriculture durable et de protection de la biodiversit\u00e9 aux initiatives d\u2019\u00e9conomie circulaire, ces jeunes montrent que des solutions pratiques et port\u00e9es par la communaut\u00e9 peuvent avoir un impact durable.<\/p>\n\n\n<div class=\"wp-block-image\">\n<figure class=\"aligncenter size-full\"><img decoding=\"async\" width=\"675\" height=\"507\" src=\"https:\/\/ajan.africa\/wp-content\/uploads\/2025\/11\/Picture3.jpg\" alt=\"\" class=\"wp-image-19022\" srcset=\"https:\/\/ajan.africa\/wp-content\/uploads\/2025\/11\/Picture3.jpg 675w, https:\/\/ajan.africa\/wp-content\/uploads\/2025\/11\/Picture3-300x225.jpg 300w, https:\/\/ajan.africa\/wp-content\/uploads\/2025\/11\/Picture3-16x12.jpg 16w\" sizes=\"(max-width: 675px) 100vw, 675px\" \/><figcaption class=\"wp-element-caption\"><em>Les jeunes participent \u00e0 la reforestation Magroove \u00e0 Madagascar<\/em>.<\/figcaption><\/figure>\n<\/div>\n\n\n<p>Malgr\u00e9 des obstacles tels que le ch\u00f4mage, l\u2019acc\u00e8s limit\u00e9 \u00e0 l\u2019\u00e9ducation et l\u2019exclusion sociale, les jeunes Africains continuent de diriger des initiatives locales, de tenir les autorit\u00e9s responsables et de d\u00e9velopper des solutions innovantes qui font une r\u00e9elle diff\u00e9rence dans leurs communaut\u00e9s. Leurs actions nous rappellent que le pr\u00e9sent leur appartient autant que l\u2019avenir.<\/p>\n\n\n\n<p class=\"translation-block\">\u00c0 travers ces entreprises sociales, les jeunes Africains mettent en pratique <strong>l\u2019innovation, la gestion \u00e9cologique et la responsabilit\u00e9 spirituelle<\/strong>, refl\u00e9tant la vision j\u00e9suite de la &lt;strong foi en action<\/strong>. La Terre est notre maison commune, confi\u00e9e \u00e0 nous par Dieu, et en prendre soin est \u00e0 la fois un devoir moral et spirituel. En transformant les d\u00e9chets en ressources, en r\u00e9duisant la consommation et en construisant des \u00e9conomies locales durables, ces jeunes contribuent aux d\u00e9bats r\u00e9gionaux et mondiaux sur la justice climatique, d\u00e9montrant que l\u2019innovation port\u00e9e par la communaut\u00e9 est essentielle pour un changement durable.<\/p>\n\n\n\n<p>Alors que l\u2019Afrique, l\u2019un des continents les plus vuln\u00e9rables au changement climatique malgr\u00e9 sa contribution minimale, avance, il est vital de promouvoir le leadership des jeunes et des solutions environnementales port\u00e9es par la communaut\u00e9. Les entreprises sociales qui int\u00e8grent la conservation \u00e9cologique \u00e0 l\u2019autonomisation des jeunes prouvent que foi, innovation et action peuvent se croiser pour cr\u00e9er un changement significatif.<\/p>\n\n\n\n<p>En cette saison de r\u00e9flexion et d\u2019action, continuons \u00e0 soutenir les jeunes dans la cr\u00e9ation d\u2019un avenir porteur d\u2019esp\u00e9rance et, avec tous les gardiens de la cr\u00e9ation, r\u00e9pondons \u00e0 l\u2019invitation de Dieu : transformer la conversion \u00e9cologique en actions concr\u00e8tes, r\u00e9former nos \u00e9conomies et avancer avec humilit\u00e9 mais confiance vers un monde durable, juste et florissant. En collaborant avec la profondeur de l\u2019\u00c9vangile pour prot\u00e9ger et renouveler la cr\u00e9ation de Dieu, nous veillons \u00e0 ce que nos efforts honorent \u00e0 la fois les personnes et la plan\u00e8te, en favorisant des communaut\u00e9s ancr\u00e9es dans le soin, la justice et l\u2019esp\u00e9rance.<\/p>\n\n\n\n<figure class=\"wp-block-image size-full\"><img decoding=\"async\" width=\"768\" height=\"512\" src=\"https:\/\/ajan.africa\/wp-content\/uploads\/2025\/11\/DSC_5652-768x512-2.jpg\" alt=\"\" class=\"wp-image-19023\" srcset=\"https:\/\/ajan.africa\/wp-content\/uploads\/2025\/11\/DSC_5652-768x512-2.jpg 768w, https:\/\/ajan.africa\/wp-content\/uploads\/2025\/11\/DSC_5652-768x512-2-300x200.jpg 300w, https:\/\/ajan.africa\/wp-content\/uploads\/2025\/11\/DSC_5652-768x512-2-18x12.jpg 18w\" sizes=\"(max-width: 768px) 100vw, 768px\" \/><figcaption class=\"wp-element-caption\"><em>P. Patrice Ndayisenga, SJ, Directeur ex\u00e9cutif de JUC Rwanda, qui a rejoint le personnel pour une activit\u00e9 de plantation d\u2019arbres au Lyc\u00e9e de Kigali, Rwanda<\/em><\/figcaption><\/figure>\n\n\n\n<p>Dans cette newsletter, AJAN c\u00e9l\u00e8bre les remarquables jeunes voix qui ont remport\u00e9 le concours <em>AJAN Youth Pilgrims of Hope Storytelling Contest 2025<\/em>. Elle met \u00e9galement en lumi\u00e8re l\u2019\u00e9v\u00e9nement de sensibilisation \u00e0 la sant\u00e9 organis\u00e9 par la University of Zimbabwe Catholic Society, qui a permis d\u2019informer les \u00e9tudiants sur le cancer de la prostate et la sant\u00e9 mentale, ainsi que la formation inspirante en leadership et plaidoyer organis\u00e9e au Centre Pastoral de Makumbi par le Jesuit Youth Office de la Province d\u2019Afrique Australe (SAP) en collaboration avec les Zimbabwe Young Christian Students (ZYCS).En outre, la newsletter pr\u00e9sente la visite du P. Patrice Ndayisenga, SJ, Directeur Ex\u00e9cutif de JUC Rwanda, qui s\u2019est joint au personnel pour une activit\u00e9 de plantation d\u2019arbres au Lyc\u00e9e de Kigali \u2014 une nouvelle \u00e9tape importante dans le projet de Conservation de l\u2019Environnement et de Cantines Scolaires men\u00e9 par JUC.<\/p>\n\n\n\n<p>De plus, nous mettons en lumi\u00e8re la forte pr\u00e9sence du Centre Arrupe Madagascar (CA-MDG) \u00e0 la COP30 \u00e0 Bel\u00e9m, Br\u00e9sil, o\u00f9 la d\u00e9l\u00e9gation a contribu\u00e9 \u00e0 des discussions importantes sur la justice \u00e9cologique et la dignit\u00e9 humaine. Le Bulletin reprend \u00e9galement les moments cl\u00e9s de la COP30, y compris un appel renouvel\u00e9 de la campagne Jesuits for Climate Justice, exhortant les nations les plus riches \u00e0 s\u2019engager dans l\u2019annulation des dettes et le financement climatique afin que les communaut\u00e9s vuln\u00e9rables \u00e0 travers le monde ne \u00ab disparaissent \u00bb pas.<\/p>\n\n\n\n<p class=\"has-text-align-right translation-block\"><strong><em>Par,<\/em><\/strong><em>\u00a0Dennis Owuoche,<\/em><\/p>\n\n\n\n<p class=\"has-text-align-right\">Charg\u00e9e de communication, AJAN<\/p>","protected":false},"excerpt":{"rendered":"<p>In this November edition of the AJAN Newsletter, the urgent question of how we can save our planet takes centre stage. While global leaders meet at crucial events like COP30 to negotiate climate policies, African youth are demonstrating that real climate action starts at the community level. The Society of<\/p>\n<p><a class=\"sd-more sd-all-trans\" href=\"https:\/\/ajan.africa\/fr\/ajanews-november-brief-youth-faith-and-climate-answering-gods-call\/#more-19020\">Lire la suite<\/a><\/p>","protected":false},"author":155,"featured_media":19025,"comment_status":"closed","ping_status":"open","sticky":false,"template":"","format":"standard","meta":{"om_disable_all_campaigns":false,"_monsterinsights_skip_tracking":false,"_monsterinsights_sitenote_active":false,"_monsterinsights_sitenote_note":"","_monsterinsights_sitenote_category":0,"footnotes":""},"categories":[98],"tags":[],"class_list":["post-19020","post","type-post","status-publish","format-standard","has-post-thumbnail","hentry","category-ajan-news-articles"],"aioseo_notices":[],"_links":{"self":[{"href":"https:\/\/ajan.africa\/fr\/wp-json\/wp\/v2\/posts\/19020","targetHints":{"allow":["GET"]}}],"collection":[{"href":"https:\/\/ajan.africa\/fr\/wp-json\/wp\/v2\/posts"}],"about":[{"href":"https:\/\/ajan.africa\/fr\/wp-json\/wp\/v2\/types\/post"}],"author":[{"embeddable":true,"href":"https:\/\/ajan.africa\/fr\/wp-json\/wp\/v2\/users\/155"}],"replies":[{"embeddable":true,"href":"https:\/\/ajan.africa\/fr\/wp-json\/wp\/v2\/comments?post=19020"}],"version-history":[{"count":5,"href":"https:\/\/ajan.africa\/fr\/wp-json\/wp\/v2\/posts\/19020\/revisions"}],"predecessor-version":[{"id":19068,"href":"https:\/\/ajan.africa\/fr\/wp-json\/wp\/v2\/posts\/19020\/revisions\/19068"}],"wp:featuredmedia":[{"embeddable":true,"href":"https:\/\/ajan.africa\/fr\/wp-json\/wp\/v2\/media\/19025"}],"wp:attachment":[{"href":"https:\/\/ajan.africa\/fr\/wp-json\/wp\/v2\/media?parent=19020"}],"wp:term":[{"taxonomy":"category","embeddable":true,"href":"https:\/\/ajan.africa\/fr\/wp-json\/wp\/v2\/categories?post=19020"},{"taxonomy":"post_tag","embeddable":true,"href":"https:\/\/ajan.africa\/fr\/wp-json\/wp\/v2\/tags?post=19020"}],"curies":[{"name":"wp","href":"https:\/\/api.w.org\/{rel}","templated":true}]}}