{"id":19108,"date":"2025-12-10T11:45:26","date_gmt":"2025-12-10T11:45:26","guid":{"rendered":"https:\/\/ajan.africa\/?p=19108"},"modified":"2025-12-11T06:31:54","modified_gmt":"2025-12-11T06:31:54","slug":"mgr-munzihirwa-center-marks-world-aids-day-2025-with-dialogue-on-education-awareness-and-ending-stigma","status":"publish","type":"post","link":"https:\/\/ajan.africa\/fr\/mgr-munzihirwa-center-marks-world-aids-day-2025-with-dialogue-on-education-awareness-and-ending-stigma\/","title":{"rendered":"Le Centre Mgr. Munzihirwa marque la Journ\u00e9e mondiale du sida 2025 par un dialogue sur l\u2019\u00e9ducation, la sensibilisation et la lutte contre la stigmatisation"},"content":{"rendered":"<p>Pour comm\u00e9morer la Journ\u00e9e mondiale du SIDA 2025, les apprenants et les \u00e9ducateurs du Centre Monseigneur Munzihirwa (CMM), \u00e0 Kinshasa, en R\u00e9publique d\u00e9mocratique du Congo (DRC), se sont r\u00e9unis pour une discussion enrichissante et \u00e9clairante avec le Dr Hugues Matwo, centr\u00e9e sur le r\u00f4le essentiel de l\u2019\u00e9ducation, de l\u2019implication communautaire et de la r\u00e9duction de la stigmatisation dans la lutte contre l\u2019\u00e9pid\u00e9mie du VIH\/SIDA. La session, qui a eu lieu le 1er d\u00e9cembre, a cr\u00e9\u00e9 un espace de r\u00e9flexion et de renforcement qui s\u2019alignait avec l\u2019appel mondial \u00e0 promouvoir la sensibilisation, la pr\u00e9vention et l\u2019acc\u00e8s au traitement.<\/p>\n\n\n\n<figure class=\"wp-block-image size-large\"><img fetchpriority=\"high\" decoding=\"async\" width=\"1024\" height=\"768\" src=\"https:\/\/ajan.africa\/wp-content\/uploads\/2025\/12\/WhatsApp-Image-2025-12-01-at-14.35.40-1024x768.jpeg\" alt=\"\" class=\"wp-image-19110\" srcset=\"https:\/\/ajan.africa\/wp-content\/uploads\/2025\/12\/WhatsApp-Image-2025-12-01-at-14.35.40-1024x768.jpeg 1024w, https:\/\/ajan.africa\/wp-content\/uploads\/2025\/12\/WhatsApp-Image-2025-12-01-at-14.35.40-300x225.jpeg 300w, https:\/\/ajan.africa\/wp-content\/uploads\/2025\/12\/WhatsApp-Image-2025-12-01-at-14.35.40-768x576.jpeg 768w, https:\/\/ajan.africa\/wp-content\/uploads\/2025\/12\/WhatsApp-Image-2025-12-01-at-14.35.40-16x12.jpeg 16w, https:\/\/ajan.africa\/wp-content\/uploads\/2025\/12\/WhatsApp-Image-2025-12-01-at-14.35.40.jpeg 1280w\" sizes=\"(max-width: 1024px) 100vw, 1024px\" \/><\/figure>\n\n\n\n<p>Le Dr Matwo a soulign\u00e9 le pouvoir transformateur du savoir, en rappelant aux participants que l\u2019\u00e9ducation demeure l\u2019un des outils les plus puissants pour lutter contre le VIH et le SIDA. En donnant aux jeunes des informations exactes, les communaut\u00e9s peuvent dissiper les id\u00e9es fausses nuisibles et permettre aux individus de faire des choix \u00e9clair\u00e9s concernant la pr\u00e9vention, le d\u00e9pistage et les soins. Une partie importante du dialogue a port\u00e9 sur la lutte contre la stigmatisation, un obstacle persistant qui emp\u00eache beaucoup de personnes de se faire d\u00e9pister ou de recevoir un traitement. Les participants ont discut\u00e9 de la mani\u00e8re dont la discrimination \u2014 qu\u2019elle se manifeste dans les familles, les \u00e9coles ou au sein de la communaut\u00e9 en g\u00e9n\u00e9ral \u2014 continue de freiner les progr\u00e8s, et pourquoi il est essentiel de b\u00e2tir une culture de compr\u00e9hension et de soutien.<\/p>\n\n\n\n<figure class=\"wp-block-image size-large\"><img decoding=\"async\" width=\"1024\" height=\"768\" src=\"https:\/\/ajan.africa\/wp-content\/uploads\/2025\/12\/WhatsApp-Image-2025-12-01-at-14.35.39-1024x768.jpeg\" alt=\"\" class=\"wp-image-19111\" srcset=\"https:\/\/ajan.africa\/wp-content\/uploads\/2025\/12\/WhatsApp-Image-2025-12-01-at-14.35.39-1024x768.jpeg 1024w, https:\/\/ajan.africa\/wp-content\/uploads\/2025\/12\/WhatsApp-Image-2025-12-01-at-14.35.39-300x225.jpeg 300w, https:\/\/ajan.africa\/wp-content\/uploads\/2025\/12\/WhatsApp-Image-2025-12-01-at-14.35.39-768x576.jpeg 768w, https:\/\/ajan.africa\/wp-content\/uploads\/2025\/12\/WhatsApp-Image-2025-12-01-at-14.35.39-16x12.jpeg 16w, https:\/\/ajan.africa\/wp-content\/uploads\/2025\/12\/WhatsApp-Image-2025-12-01-at-14.35.39.jpeg 1280w\" sizes=\"(max-width: 1024px) 100vw, 1024px\" \/><\/figure>\n\n\n\n<p>La conversation a \u00e9galement mis en \u00e9vidence la n\u00e9cessit\u00e9 de r\u00e9ponses inclusives et ax\u00e9es sur la communaut\u00e9. Pour mettre fin \u00e0 l\u2019\u00e9pid\u00e9mie, le Dr Matwo a soulign\u00e9 que cela exige l\u2019effort collectif des institutions gouvernementales, des \u00e9coles, des prestataires de soins de sant\u00e9, des familles et des communaut\u00e9s locales travaillant ensemble afin que personne, en particulier les plus vuln\u00e9rables, ne soit laiss\u00e9 pour compte. Les apprenants ont \u00e9t\u00e9 encourag\u00e9s \u00e0 prendre en main leur sant\u00e9 gr\u00e2ce au d\u00e9pistage r\u00e9gulier du VIH, tandis que les personnes vivant avec le VIH ont \u00e9t\u00e9 rappel\u00e9es de l\u2019importance de l\u2019observance du traitement antir\u00e9troviral (ART) pour atteindre la suppression virale et vivre une vie saine et \u00e9panouie.<\/p>\n\n\n\n<figure class=\"wp-block-image size-large\"><img decoding=\"async\" width=\"1024\" height=\"768\" src=\"https:\/\/ajan.africa\/wp-content\/uploads\/2025\/12\/WhatsApp-Image-2025-12-01-at-14.35.40-1-1024x768.jpeg\" alt=\"\" class=\"wp-image-19112\" srcset=\"https:\/\/ajan.africa\/wp-content\/uploads\/2025\/12\/WhatsApp-Image-2025-12-01-at-14.35.40-1-1024x768.jpeg 1024w, https:\/\/ajan.africa\/wp-content\/uploads\/2025\/12\/WhatsApp-Image-2025-12-01-at-14.35.40-1-300x225.jpeg 300w, https:\/\/ajan.africa\/wp-content\/uploads\/2025\/12\/WhatsApp-Image-2025-12-01-at-14.35.40-1-768x576.jpeg 768w, https:\/\/ajan.africa\/wp-content\/uploads\/2025\/12\/WhatsApp-Image-2025-12-01-at-14.35.40-1-16x12.jpeg 16w, https:\/\/ajan.africa\/wp-content\/uploads\/2025\/12\/WhatsApp-Image-2025-12-01-at-14.35.40-1.jpeg 1280w\" sizes=\"(max-width: 1024px) 100vw, 1024px\" \/><\/figure>\n\n\n\n<p>L\u2019\u00e9v\u00e9nement de la Journ\u00e9e mondiale du SIDA au Centre Mgr. Munzihirwa a servi de plateforme importante d\u2019apprentissage et de r\u00e9flexion. Il a r\u00e9affirm\u00e9 que la lutte contre le VIH\/SIDA doit se poursuivre au-del\u00e0 d\u2019une seule journ\u00e9e comm\u00e9morative, gr\u00e2ce \u00e0 une sensibilisation continue, \u00e0 la solidarit\u00e9 et \u00e0 la collaboration \u2014 ouvrant la voie vers un avenir sans SIDA.<\/p>\n\n\n\n<p class=\"has-text-align-right translation-block\"><em>Par,<\/em> <strong>Fr. S\u00e9verin Mukoko,<\/strong><\/p>\n\n\n\n<p class=\"has-text-align-right\">Directeur, Centre Monseigneur Munzihirwa (CMM).<\/p>","protected":false},"excerpt":{"rendered":"<p>To commemorate World AIDS Day 2025, learners and educators at the Centre Monseigneur Munzihirwa, (CMM), Kinshasa, Democratic Republic of the Congo (DRC) gathered for an engaging and insightful discussion with Dr. Hugues Matwo, focusing on the vital role of education, community involvement, and stigma reduction in ending the HIV\/AIDS epidemic.<\/p>\n<p><a class=\"sd-more sd-all-trans\" href=\"https:\/\/ajan.africa\/fr\/mgr-munzihirwa-center-marks-world-aids-day-2025-with-dialogue-on-education-awareness-and-ending-stigma\/#more-19108\">Lire la suite<\/a><\/p>","protected":false},"author":5,"featured_media":19109,"comment_status":"closed","ping_status":"open","sticky":false,"template":"","format":"standard","meta":{"om_disable_all_campaigns":false,"_monsterinsights_skip_tracking":false,"_monsterinsights_sitenote_active":false,"_monsterinsights_sitenote_note":"","_monsterinsights_sitenote_category":0,"footnotes":""},"categories":[98,125],"tags":[],"class_list":["post-19108","post","type-post","status-publish","format-standard","has-post-thumbnail","hentry","category-ajan-news-articles","category-world-aids-day"],"aioseo_notices":[],"_links":{"self":[{"href":"https:\/\/ajan.africa\/fr\/wp-json\/wp\/v2\/posts\/19108","targetHints":{"allow":["GET"]}}],"collection":[{"href":"https:\/\/ajan.africa\/fr\/wp-json\/wp\/v2\/posts"}],"about":[{"href":"https:\/\/ajan.africa\/fr\/wp-json\/wp\/v2\/types\/post"}],"author":[{"embeddable":true,"href":"https:\/\/ajan.africa\/fr\/wp-json\/wp\/v2\/users\/5"}],"replies":[{"embeddable":true,"href":"https:\/\/ajan.africa\/fr\/wp-json\/wp\/v2\/comments?post=19108"}],"version-history":[{"count":2,"href":"https:\/\/ajan.africa\/fr\/wp-json\/wp\/v2\/posts\/19108\/revisions"}],"predecessor-version":[{"id":19136,"href":"https:\/\/ajan.africa\/fr\/wp-json\/wp\/v2\/posts\/19108\/revisions\/19136"}],"wp:featuredmedia":[{"embeddable":true,"href":"https:\/\/ajan.africa\/fr\/wp-json\/wp\/v2\/media\/19109"}],"wp:attachment":[{"href":"https:\/\/ajan.africa\/fr\/wp-json\/wp\/v2\/media?parent=19108"}],"wp:term":[{"taxonomy":"category","embeddable":true,"href":"https:\/\/ajan.africa\/fr\/wp-json\/wp\/v2\/categories?post=19108"},{"taxonomy":"post_tag","embeddable":true,"href":"https:\/\/ajan.africa\/fr\/wp-json\/wp\/v2\/tags?post=19108"}],"curies":[{"name":"wp","href":"https:\/\/api.w.org\/{rel}","templated":true}]}}