{"id":19114,"date":"2025-12-10T12:16:34","date_gmt":"2025-12-10T12:16:34","guid":{"rendered":"https:\/\/ajan.africa\/?p=19114"},"modified":"2025-12-10T12:16:50","modified_gmt":"2025-12-10T12:16:50","slug":"radio-kwizera-reaches-over-half-a-million-listeners-with-world-aids-day-2025-awareness-message","status":"publish","type":"post","link":"https:\/\/ajan.africa\/fr\/radio-kwizera-reaches-over-half-a-million-listeners-with-world-aids-day-2025-awareness-message\/","title":{"rendered":"Radio Kwizera touche plus d\u2019un demi-million d\u2019auditeurs avec son message de sensibilisation pour la Journ\u00e9e mondiale du SIDA 2025."},"content":{"rendered":"<p>Dans le cadre de sa programmation pour la Journ\u00e9e mondiale du SIDA 2025, Radio Kwizera a organis\u00e9 une discussion matinale avec le Dr Jafari Nawabu, Directeur m\u00e9dical du district de Kasulu dans la r\u00e9gion de Kigoma, en Tanzanie. La conversation s\u2019est concentr\u00e9e sur le r\u00f4le essentiel de la conscience de soi et de la responsabilit\u00e9 personnelle dans la pr\u00e9vention du VIH et du SIDA \u2014 des piliers cl\u00e9s pour renforcer la sant\u00e9 communautaire et r\u00e9duire les nouvelles infections.<\/p>\n\n\n\n<figure class=\"wp-block-image size-large\"><img fetchpriority=\"high\" decoding=\"async\" width=\"1024\" height=\"1024\" src=\"https:\/\/ajan.africa\/wp-content\/uploads\/2025\/12\/WhatsApp-Image-2025-12-01-at-09.36.09-1024x1024.jpeg\" alt=\"\" class=\"wp-image-19115\" srcset=\"https:\/\/ajan.africa\/wp-content\/uploads\/2025\/12\/WhatsApp-Image-2025-12-01-at-09.36.09-1024x1024.jpeg 1024w, https:\/\/ajan.africa\/wp-content\/uploads\/2025\/12\/WhatsApp-Image-2025-12-01-at-09.36.09-300x300.jpeg 300w, https:\/\/ajan.africa\/wp-content\/uploads\/2025\/12\/WhatsApp-Image-2025-12-01-at-09.36.09-150x150.jpeg 150w, https:\/\/ajan.africa\/wp-content\/uploads\/2025\/12\/WhatsApp-Image-2025-12-01-at-09.36.09-768x768.jpeg 768w, https:\/\/ajan.africa\/wp-content\/uploads\/2025\/12\/WhatsApp-Image-2025-12-01-at-09.36.09-1536x1536.jpeg 1536w, https:\/\/ajan.africa\/wp-content\/uploads\/2025\/12\/WhatsApp-Image-2025-12-01-at-09.36.09-12x12.jpeg 12w, https:\/\/ajan.africa\/wp-content\/uploads\/2025\/12\/WhatsApp-Image-2025-12-01-at-09.36.09-189x189.jpeg 189w, https:\/\/ajan.africa\/wp-content\/uploads\/2025\/12\/WhatsApp-Image-2025-12-01-at-09.36.09-85x85.jpeg 85w, https:\/\/ajan.africa\/wp-content\/uploads\/2025\/12\/WhatsApp-Image-2025-12-01-at-09.36.09-650x650.jpeg 650w, https:\/\/ajan.africa\/wp-content\/uploads\/2025\/12\/WhatsApp-Image-2025-12-01-at-09.36.09-1300x1300.jpeg 1300w, https:\/\/ajan.africa\/wp-content\/uploads\/2025\/12\/WhatsApp-Image-2025-12-01-at-09.36.09.jpeg 1600w\" sizes=\"(max-width: 1024px) 100vw, 1024px\" \/><\/figure>\n\n\n\n<p>Le Dr Nawabu a soulign\u00e9 que la pr\u00e9vention commence par la compr\u00e9hension par les individus de leurs propres risques, la prise de d\u00e9cisions \u00e9clair\u00e9es et l\u2019adoption de mesures proactives telles que le d\u00e9pistage r\u00e9gulier, l\u2019utilisation syst\u00e9matique de protections et le recours \u00e0 un traitement en temps utile si n\u00e9cessaire. Il a rappel\u00e9 aux auditeurs que le progr\u00e8s collectif dans la lutte contre le VIH d\u00e9pend de l\u2019engagement de chacun \u00e0 se prot\u00e9ger soi-m\u00eame et les autres.<\/p>\n\n\n\n<p>Le programme a atteint une port\u00e9e remarquable. Selon le syst\u00e8me SMS du studio de Radio Kwizera, environ 526\u202f680 personnes ont suivi la discussion. Ce public important souligne le r\u00f4le vital des m\u00e9dias dans la sensibilisation, la dissipation des id\u00e9es fausses et l\u2019autonomisation des communaut\u00e9s gr\u00e2ce \u00e0 des connaissances qui sauvent des vies.<\/p>\n\n\n\n<p class=\"translation-block\">Vous pouvez regarder la discussion compl\u00e8te ici : <a href=\"https:\/\/www.youtube.com\/live\/8VXS_dnazfA?si=eKwJQNkFJ-NjBEHP&amp;t=6219\" title=\"\" target=\"_self\">Radio Kwizera &amp; Dr. Nawabu sur la sensibilisation au VIH<\/a><\/p>\n\n\n\n<p>L\u2019\u00e9pisode r\u00e9affirme le r\u00f4le crucial que jouent la radio communautaire \u2014 et des voix cr\u00e9dibles comme celle du Dr Nawabu \u2014 dans la sensibilisation, la lutte contre la stigmatisation et l\u2019autonomisation des personnes pour qu\u2019elles prennent des d\u00e9cisions \u00e9clair\u00e9es.<\/p>\n\n\n\n<p class=\"has-text-align-right translation-block\"><em>Par<\/em>, <strong>Vincent Opiyo, SJ<\/strong><br>Responsable M\u00e9dias &amp; Marketing, Radio Kwizera, Tanzanie.<\/p>","protected":false},"excerpt":{"rendered":"<p>As part of its World AIDS Day 2025 programming, Radio Kwizera hosted a morning discussion with Dr. Jafari Nawabu, the District Medical Officer for Kasulu District in the Kigoma region, Tanzania. The conversation focused on the crucial role of self-awareness and personal responsibility in preventing HIV and AIDS\u2014key pillars in<\/p>\n<p><a class=\"sd-more sd-all-trans\" href=\"https:\/\/ajan.africa\/fr\/radio-kwizera-reaches-over-half-a-million-listeners-with-world-aids-day-2025-awareness-message\/#more-19114\">Lire la suite<\/a><\/p>","protected":false},"author":5,"featured_media":19115,"comment_status":"closed","ping_status":"open","sticky":false,"template":"","format":"standard","meta":{"om_disable_all_campaigns":false,"_monsterinsights_skip_tracking":false,"_monsterinsights_sitenote_active":false,"_monsterinsights_sitenote_note":"","_monsterinsights_sitenote_category":0,"footnotes":""},"categories":[98,125],"tags":[],"class_list":["post-19114","post","type-post","status-publish","format-standard","has-post-thumbnail","hentry","category-ajan-news-articles","category-world-aids-day"],"aioseo_notices":[],"_links":{"self":[{"href":"https:\/\/ajan.africa\/fr\/wp-json\/wp\/v2\/posts\/19114","targetHints":{"allow":["GET"]}}],"collection":[{"href":"https:\/\/ajan.africa\/fr\/wp-json\/wp\/v2\/posts"}],"about":[{"href":"https:\/\/ajan.africa\/fr\/wp-json\/wp\/v2\/types\/post"}],"author":[{"embeddable":true,"href":"https:\/\/ajan.africa\/fr\/wp-json\/wp\/v2\/users\/5"}],"replies":[{"embeddable":true,"href":"https:\/\/ajan.africa\/fr\/wp-json\/wp\/v2\/comments?post=19114"}],"version-history":[{"count":1,"href":"https:\/\/ajan.africa\/fr\/wp-json\/wp\/v2\/posts\/19114\/revisions"}],"predecessor-version":[{"id":19116,"href":"https:\/\/ajan.africa\/fr\/wp-json\/wp\/v2\/posts\/19114\/revisions\/19116"}],"wp:featuredmedia":[{"embeddable":true,"href":"https:\/\/ajan.africa\/fr\/wp-json\/wp\/v2\/media\/19115"}],"wp:attachment":[{"href":"https:\/\/ajan.africa\/fr\/wp-json\/wp\/v2\/media?parent=19114"}],"wp:term":[{"taxonomy":"category","embeddable":true,"href":"https:\/\/ajan.africa\/fr\/wp-json\/wp\/v2\/categories?post=19114"},{"taxonomy":"post_tag","embeddable":true,"href":"https:\/\/ajan.africa\/fr\/wp-json\/wp\/v2\/tags?post=19114"}],"curies":[{"name":"wp","href":"https:\/\/api.w.org\/{rel}","templated":true}]}}