{"id":19131,"date":"2025-12-12T06:19:58","date_gmt":"2025-12-12T06:19:58","guid":{"rendered":"https:\/\/ajan.africa\/?p=19131"},"modified":"2025-12-16T10:17:57","modified_gmt":"2025-12-16T10:17:57","slug":"world-aids-day-2025-a-call-to-walk-together-with-hope-solidarity-and-compassion","status":"publish","type":"post","link":"https:\/\/ajan.africa\/fr\/world-aids-day-2025-a-call-to-walk-together-with-hope-solidarity-and-compassion\/","title":{"rendered":"JOURN\u00c9E MONDIALE DU SIDA 2025 : Un appel \u00e0 marcher ensemble avec esp\u00e9rance, solidarit\u00e9 et compassion"},"content":{"rendered":"<p>\u00c0 l\u2019occasion de la Journ\u00e9e mondiale du sida 2025 (JMS 2025), l\u2019AJAN pr\u00e9sente cette \u00c9dition sp\u00e9ciale comme une r\u00e9flexion sur la foi, la r\u00e9silience et la responsabilit\u00e9 collective au sein du r\u00e9seau j\u00e9suite en Afrique et \u00e0 Madagascar. Ce moment nous invite \u00e0 faire une pause, \u00e0 regarder avec honn\u00eatet\u00e9 les d\u00e9fis qui se dressent devant nous et \u00e0 raviver l\u2019esp\u00e9rance qui guide notre chemin depuis plus de deux d\u00e9cennies.<\/p>\n\n\n\n<p class=\"translation-block\">Chaque ann\u00e9e, le <strong>1er d\u00e9cembre<\/strong>, le monde c\u00e9l\u00e8bre la <strong>Journ\u00e9e mondiale du SIDA (JMS)<\/strong>, observ\u00e9e depuis 1988. L\u2019objectif est de sensibiliser au <strong>VIH et au SIDA, d\u2019honorer ceux qui ont perdu la vie<\/strong> et de <strong>soutenir les personnes vivant avec le VIH et celles affect\u00e9es<\/strong>. C\u2019est aussi l\u2019occasion de mettre en lumi\u00e8re les <strong>d\u00e9fis persistants dans la lutte contre le VIH et le SIDA<\/strong> et <strong>de promouvoir la solidarit\u00e9 mondiale<\/strong>.<\/p>\n\n\n\n<p class=\"translation-block\">\u00c0 cet \u00e9gard, le th\u00e8me de 2025 est <strong>\u00ab Surmonter les perturbations, transformer la riposte au SIDA \u00bb<\/strong>. Le r\u00e9seau J\u00e9suite de la sant\u00e9 et de la jeunesse, AJAN, se joint au reste du monde pour comm\u00e9morer cette journ\u00e9e. <em>Il y a des progr\u00e8s m\u00e9dicaux remarquables et r\u00e9confortants, mais il nous reste encore beaucoup \u00e0 faire. Le VIH demeure un d\u00e9fi mondial pour la sant\u00e9 ; l\u2019une des armes les plus puissantes contre lui est la sensibilisation et les actions positives de chacun<\/em>.<\/p>\n\n\n\n<p class=\"translation-block\">Dans son message pour le JMS 2025, le Pr\u00e9sident du JCAM offre un rappel frappant : <em><strong>\u00ab Lorsque la rivi\u00e8re se r\u00e9tr\u00e9cit, nous creusons des puits. \u00bb<\/strong><\/em> Alors que les financements mondiaux pour le VIH diminuent, de nombreuses communaut\u00e9s \u00e0 travers le continent font face \u00e0 des risques croissants \u2014 interruption des traitements, affaiblissement des efforts de pr\u00e9vention et vuln\u00e9rabilit\u00e9 accrue pour celles et ceux d\u00e9j\u00e0 en marge. Pourtant, son message n\u2019est pas un message de d\u00e9sespoir, mais de transformation. C\u2019est un moment pour renforcer notre d\u00e9termination, innover et renouveler notre engagement les uns envers les autres. Le P. Minaku nous exhorte \u00e0 b\u00e2tir des communaut\u00e9s r\u00e9silientes, \u00e0 investir dans l\u2019autonomisation des jeunes et \u00e0 promouvoir des solutions locales fond\u00e9es sur la solidarit\u00e9 et la compassion.<\/p>\n\n\n\n<p class=\"translation-block\">Cliquez ici pour lire la d\u00e9claration compl\u00e8te du JCAM : <a href=\"https:\/\/ajan.africa\/fr\/jesuit-conference-of-africa-and-madagascar-jcam-statement-on-world-aids-day-2025\/\" title=\"\" target=\"_self\">D\u00e9claration de la Conf\u00e9rence j\u00e9suite d\u2019Afrique et de Madagascar (JCAM) sur la Journ\u00e9e mondiale du SIDA 2025<\/a><\/p>\n\n\n\n<figure class=\"wp-block-image size-large\"><img fetchpriority=\"high\" decoding=\"async\" width=\"1024\" height=\"683\" src=\"https:\/\/ajan.africa\/wp-content\/uploads\/2025\/12\/pexels-dk100396-783200-1024x683.jpg\" alt=\"\" class=\"wp-image-19132\" srcset=\"https:\/\/ajan.africa\/wp-content\/uploads\/2025\/12\/pexels-dk100396-783200-1024x683.jpg 1024w, https:\/\/ajan.africa\/wp-content\/uploads\/2025\/12\/pexels-dk100396-783200-300x200.jpg 300w, https:\/\/ajan.africa\/wp-content\/uploads\/2025\/12\/pexels-dk100396-783200-768x512.jpg 768w, https:\/\/ajan.africa\/wp-content\/uploads\/2025\/12\/pexels-dk100396-783200-1536x1024.jpg 1536w, https:\/\/ajan.africa\/wp-content\/uploads\/2025\/12\/pexels-dk100396-783200-18x12.jpg 18w, https:\/\/ajan.africa\/wp-content\/uploads\/2025\/12\/pexels-dk100396-783200.jpg 1920w\" sizes=\"(max-width: 1024px) 100vw, 1024px\" \/><\/figure>\n\n\n\n<p><\/p>\n\n\n\n<p class=\"translation-block\">Le P\u00e8re Isma\u00ebl Matambura, SJ, directeur d\u2019AJAN, reprend cet appel, soulignant que la riposte au SIDA continue de faire face \u00e0 des perturbations, allant des d\u00e9fis post-COVID aux r\u00e9ductions persistantes de financement qui menacent l\u2019acc\u00e8s aux soins, au traitement et \u00e0 la pr\u00e9vention. Mais il nous rappelle \u00e9galement la question \u00e9ternelle de Dieu : <em>\u00ab O\u00f9 est ton fr\u00e8re ? \u00bb<\/em> (Gn 4,9).\nC\u2019est un appel profond\u00e9ment ancr\u00e9 dans notre responsabilit\u00e9 morale : voir, accompagner et d\u00e9fendre la dignit\u00e9 de toutes les personnes vivant avec ou affect\u00e9es par le VIH. Il nous invite \u00e0 aller au-del\u00e0 de nous-m\u00eames, \u00e0 agir avec courage et \u00e0 rester in\u00e9branlables dans notre mission de service.<\/p>\n\n\n\n<p class=\"translation-block\">Vous pouvez regarder la vid\u00e9o compl\u00e8te ici : Nous pouvons surmonter les perturbations ;\n<a href=\"https:\/\/www.youtube.com\/watch?v=NFKRB4dIDXs&amp;t=1s\" title=\"\" target=\"_self\">Message du Directeur d\u2019AJAN lors de la Journ\u00e9e mondiale du SIDA 2025<\/a><\/p>\n\n\n\n<p>En tant que personnes de foi, nous sommes appel\u00e9s \u00e0 r\u00e9pondre l\u00e0 o\u00f9 nous sommes, avec les ressources dont nous disposons, et avec un esprit d\u2019unit\u00e9 qui refuse de laisser qui que ce soit derri\u00e8re. Personne ne devrait affronter seul la stigmatisation, la maladie ou l\u2019isolement. Ensemble, gr\u00e2ce \u00e0 la compassion et \u00e0 des actions concr\u00e8tes, nous pouvons prot\u00e9ger des vies, restaurer la dignit\u00e9 et faire avancer le r\u00eave partag\u00e9 d\u2019une g\u00e9n\u00e9ration sans SIDA.<\/p>\n\n\n\n<p>Ce que contient cette \u00e9dition sp\u00e9ciale<\/p>\n\n\n\n<p>Partout sur le continent, AJAN et ses centres ont c\u00e9l\u00e9br\u00e9 la Journ\u00e9e mondiale de lutte contre le sida par des moments de r\u00e9flexion, de sensibilisation et de solidarit\u00e9. Dans cette \u00e9dition, nous mettons en lumi\u00e8re :<\/p>\n\n\n\n<ul class=\"wp-block-list\">\n<li>Comm\u00e9moration de la Journ\u00e9e mondiale de lutte contre le sida 2025 au secr\u00e9tariat d'AJAN \u00e0 Nairobi, o\u00f9 le personnel et les partenaires ont renouvel\u00e9 leur engagement \u00e0 accompagner les personnes vuln\u00e9rables avec compassion et responsabilit\u00e9.<\/li>\n\n\n\n<li>Une c\u00e9l\u00e9bration dynamique \u00e0 Action Sociale Ch\u00e9ch\u00e9-Bukavu, RDC, ax\u00e9e sur l\u2019\u00e9ducation, la pr\u00e9vention et le soutien communautaire.<\/li>\n\n\n\n<li>Une journ\u00e9e d'apprentissage et de solidarit\u00e9 au Centre Saint-Ignace de Kinshasa, o\u00f9 AJAN, CVX et leurs partenaires eccl\u00e9siastiques se sont tenus aux c\u00f4t\u00e9s des personnes vivant avec le VIH.<\/li>\n\n\n\n<li>Les \u00e9ducateurs pairs du Centre Catholique Universitaire (CCU) en R\u00e9publique centrafricaine ont particip\u00e9 \u00e0 une activit\u00e9 marquante pour la Journ\u00e9e mondiale de lutte contre le SIDA afin de promouvoir la connaissance et la responsabilit\u00e9 en mati\u00e8re de pr\u00e9vention du VIH et du SIDA.<\/li>\n\n\n\n<li>Un dialogue au Centre Mgr. Munzihirwa, en RDC, r\u00e9unissant apprenants et \u00e9ducateurs sur la r\u00e9duction de la stigmatisation, l'\u00e9ducation et la responsabilit\u00e9.<\/li>\n\n\n\n<li>L\u2019\u00e9glise catholique St. Maximillian Kolbe \u00e0 la prison de Naivasha a accueilli un s\u00e9minaire de deux jours pour les jeunes sur le VIH\/SIDA et les IST les 9 et 10 d\u00e9cembre 2025, dans le cadre de la comm\u00e9moration de la Journ\u00e9e mondiale de lutte contre le SIDA 2025.<\/li>\n\n\n\n<li>Un message sinc\u00e8re du Centre Arrupe Madagascar, r\u00e9affirmant son engagement envers l'espoir, le service empreint de compassion et l'accompagnement.<\/li>\n\n\n\n<li>Une importante campagne de sensibilisation par la radio : Radio Kwizera a touch\u00e9 plus de 526 000 auditeurs avec son message de sensibilisation pour la Journ\u00e9e mondiale du sida 2025, soulignant ainsi le pouvoir de la radio communautaire pour \u00e9duquer, responsabiliser et lutter contre la stigmatisation, en particulier chez les jeunes et les communaut\u00e9s marginalis\u00e9es.<\/li>\n<\/ul>\n\n\n\n<p><\/p>\n\n\n\n<p>Puisse cette journ\u00e9e renouveler en chacun de nous le courage d'accompagner, la compassion n\u00e9cessaire pour d\u00e9fendre la dignit\u00e9 et l'espoir de continuer \u00e0 \u0153uvrer pour un avenir o\u00f9 le VIH ne d\u00e9finira ni ne limitera plus aucune vie.<\/p>\n\n\n\n<p class=\"has-text-align-right translation-block\">Par, <strong>Mr. Dennis Owuoche<\/strong>,<\/p>\n\n\n\n<p class=\"has-text-align-right\"> Charg\u00e9e de communication, AJAN<\/p>","protected":false},"excerpt":{"rendered":"<p>As we commemorate World AIDS Day 2025 (WAD 2025), AJAN presents this Special Edition as a reflection on faith, resilience, and collective responsibility across the Jesuit network in Africa and Madagascar. This moment invites us to pause, to look honestly at the challenges before us, and to rekindle the hope<\/p>\n<p><a class=\"sd-more sd-all-trans\" href=\"https:\/\/ajan.africa\/fr\/world-aids-day-2025-a-call-to-walk-together-with-hope-solidarity-and-compassion\/#more-19131\">Lire la suite<\/a><\/p>","protected":false},"author":155,"featured_media":19134,"comment_status":"closed","ping_status":"open","sticky":false,"template":"","format":"standard","meta":{"om_disable_all_campaigns":false,"_monsterinsights_skip_tracking":false,"_monsterinsights_sitenote_active":false,"_monsterinsights_sitenote_note":"","_monsterinsights_sitenote_category":0,"footnotes":""},"categories":[98,125],"tags":[],"class_list":["post-19131","post","type-post","status-publish","format-standard","has-post-thumbnail","hentry","category-ajan-news-articles","category-world-aids-day"],"aioseo_notices":[],"_links":{"self":[{"href":"https:\/\/ajan.africa\/fr\/wp-json\/wp\/v2\/posts\/19131","targetHints":{"allow":["GET"]}}],"collection":[{"href":"https:\/\/ajan.africa\/fr\/wp-json\/wp\/v2\/posts"}],"about":[{"href":"https:\/\/ajan.africa\/fr\/wp-json\/wp\/v2\/types\/post"}],"author":[{"embeddable":true,"href":"https:\/\/ajan.africa\/fr\/wp-json\/wp\/v2\/users\/155"}],"replies":[{"embeddable":true,"href":"https:\/\/ajan.africa\/fr\/wp-json\/wp\/v2\/comments?post=19131"}],"version-history":[{"count":6,"href":"https:\/\/ajan.africa\/fr\/wp-json\/wp\/v2\/posts\/19131\/revisions"}],"predecessor-version":[{"id":19201,"href":"https:\/\/ajan.africa\/fr\/wp-json\/wp\/v2\/posts\/19131\/revisions\/19201"}],"wp:featuredmedia":[{"embeddable":true,"href":"https:\/\/ajan.africa\/fr\/wp-json\/wp\/v2\/media\/19134"}],"wp:attachment":[{"href":"https:\/\/ajan.africa\/fr\/wp-json\/wp\/v2\/media?parent=19131"}],"wp:term":[{"taxonomy":"category","embeddable":true,"href":"https:\/\/ajan.africa\/fr\/wp-json\/wp\/v2\/categories?post=19131"},{"taxonomy":"post_tag","embeddable":true,"href":"https:\/\/ajan.africa\/fr\/wp-json\/wp\/v2\/tags?post=19131"}],"curies":[{"name":"wp","href":"https:\/\/api.w.org\/{rel}","templated":true}]}}