{"id":19252,"date":"2026-01-15T11:37:00","date_gmt":"2026-01-15T11:37:00","guid":{"rendered":"https:\/\/ajan.africa\/?p=19252"},"modified":"2026-02-02T11:49:50","modified_gmt":"2026-02-02T11:49:50","slug":"visit-of-the-provincial-of-the-rwanda-burundi-jesuit-province-to-service-yezu-mwiza","status":"publish","type":"post","link":"https:\/\/ajan.africa\/fr\/visit-of-the-provincial-of-the-rwanda-burundi-jesuit-province-to-service-yezu-mwiza\/","title":{"rendered":"Visite du Provincial de la Province j\u00e9suite Rwanda\u2013Burundi \u00e0 Service Yezu Mwiza"},"content":{"rendered":"<p>Le 14 janvier 2026, Service Yezu Mwiza (SYM) a eu l\u2019honneur d\u2019accueillir le P\u00e8re Fabien GASIGWA, SJ, Provincial de la Province j\u00e9suite Rwanda\u2013Burundi, lors d\u2019une visite pastorale et institutionnelle de ses diff\u00e9rents services.<\/p>\n\n\n\n<figure class=\"wp-block-image size-large\"><img fetchpriority=\"high\" decoding=\"async\" width=\"1024\" height=\"684\" src=\"https:\/\/ajan.africa\/wp-content\/uploads\/2026\/02\/616446728_1217105207286593_2507111217951330383_n-1024x684.jpg\" alt=\"\" class=\"wp-image-19255\" srcset=\"https:\/\/ajan.africa\/wp-content\/uploads\/2026\/02\/616446728_1217105207286593_2507111217951330383_n-1024x684.jpg 1024w, https:\/\/ajan.africa\/wp-content\/uploads\/2026\/02\/616446728_1217105207286593_2507111217951330383_n-300x200.jpg 300w, https:\/\/ajan.africa\/wp-content\/uploads\/2026\/02\/616446728_1217105207286593_2507111217951330383_n-768x513.jpg 768w, https:\/\/ajan.africa\/wp-content\/uploads\/2026\/02\/616446728_1217105207286593_2507111217951330383_n-1536x1026.jpg 1536w, https:\/\/ajan.africa\/wp-content\/uploads\/2026\/02\/616446728_1217105207286593_2507111217951330383_n-18x12.jpg 18w, https:\/\/ajan.africa\/wp-content\/uploads\/2026\/02\/616446728_1217105207286593_2507111217951330383_n.jpg 1920w\" sizes=\"(max-width: 1024px) 100vw, 1024px\" \/><figcaption class=\"wp-element-caption\"><em>P. Fabien GASIGWA, SJ, Provincial de la Province j\u00e9suite Rwanda\u2013Burundi, avec le P. Pascal BIHORUBUSA, SJ, lors de leur visite \u00e0 la clinique de SYM.<\/em><\/figcaption><\/figure>\n\n\n\n<p>Cette visite s\u2019inscrivait dans un esprit de proximit\u00e9, d\u2019accompagnement et de discernement. Elle a permis au Provincial d\u2019observer de pr\u00e8s les actions men\u00e9es par SYM en faveur des personnes vuln\u00e9rables, en particulier dans les domaines de la prise en charge globale des personnes vivant avec le VIH et le sida, du soutien psychosocial, de la prise en charge des personnes d\u00e9pendantes aux drogues injectables, de la r\u00e9insertion sociale et de l\u2019accompagnement spirituel.<\/p>\n\n\n\n<p>Au cours de la visite, le Provincial a parcouru les diff\u00e9rents services de SYM, en \u00e9changeant avec l\u2019\u00e9quipe ainsi qu\u2019avec les responsables des programmes et des services. Ces moments de dialogue ont \u00e9t\u00e9 marqu\u00e9s par une \u00e9coute attentive, le partage d\u2019exp\u00e9riences et des encouragements \u00e0 poursuivre la mission avec engagement, compassion et professionnalisme.<\/p>\n\n\n\n<figure class=\"wp-block-image size-large\"><img decoding=\"async\" width=\"1024\" height=\"684\" src=\"https:\/\/ajan.africa\/wp-content\/uploads\/2026\/02\/617060230_1217105827286531_7794542341743520375_n-1024x684.jpg\" alt=\"\" class=\"wp-image-19256\" srcset=\"https:\/\/ajan.africa\/wp-content\/uploads\/2026\/02\/617060230_1217105827286531_7794542341743520375_n-1024x684.jpg 1024w, https:\/\/ajan.africa\/wp-content\/uploads\/2026\/02\/617060230_1217105827286531_7794542341743520375_n-300x200.jpg 300w, https:\/\/ajan.africa\/wp-content\/uploads\/2026\/02\/617060230_1217105827286531_7794542341743520375_n-768x513.jpg 768w, https:\/\/ajan.africa\/wp-content\/uploads\/2026\/02\/617060230_1217105827286531_7794542341743520375_n-1536x1026.jpg 1536w, https:\/\/ajan.africa\/wp-content\/uploads\/2026\/02\/617060230_1217105827286531_7794542341743520375_n-18x12.jpg 18w, https:\/\/ajan.africa\/wp-content\/uploads\/2026\/02\/617060230_1217105827286531_7794542341743520375_n.jpg 1920w\" sizes=\"(max-width: 1024px) 100vw, 1024px\" \/><\/figure>\n\n\n\n<p>Le Provincial a salu\u00e9 le travail accompli par SYM, soulignant l\u2019impact concret de ses activit\u00e9s sur la vie des b\u00e9n\u00e9ficiaires et l\u2019importance de continuer \u00e0 \u0153uvrer pour la dignit\u00e9 humaine, la gu\u00e9rison int\u00e9rieure et l\u2019esp\u00e9rance. Par ces efforts, SYM incarne la mission d\u2019AJAN au Burundi en promouvant le d\u00e9veloppement int\u00e9gral des populations vuln\u00e9rables, en soutenant la r\u00e9insertion sociale et en renfor\u00e7ant la r\u00e9silience, la dignit\u00e9 et l\u2019esp\u00e9rance au sein des communaut\u00e9s.<\/p>\n\n\n\n<p class=\"has-text-align-right translation-block\">Par, <strong>\u00c9quipe des communications<\/strong>,<\/p>\n\n\n\n<p class=\"has-text-align-right\">Service Yezu Mwiza (SYM).<\/p>","protected":false},"excerpt":{"rendered":"<p>On 14 January 2026, Service Yezu Mwiza (SYM) had the honour of welcoming Father Fabien GASIGWA, SJ, Provincial of the Rwanda\u2013Burundi Jesuit Province, during a pastoral and institutional visit to its various services. This visit was part of a spirit of closeness, accompaniment, and discernment. It enabled the Provincial to<\/p>\n<p><a class=\"sd-more sd-all-trans\" href=\"https:\/\/ajan.africa\/fr\/visit-of-the-provincial-of-the-rwanda-burundi-jesuit-province-to-service-yezu-mwiza\/#more-19252\">Lire la suite<\/a><\/p>","protected":false},"author":5,"featured_media":19254,"comment_status":"closed","ping_status":"open","sticky":false,"template":"","format":"standard","meta":{"om_disable_all_campaigns":false,"_monsterinsights_skip_tracking":false,"_monsterinsights_sitenote_active":false,"_monsterinsights_sitenote_note":"","_monsterinsights_sitenote_category":0,"footnotes":""},"categories":[98],"tags":[],"class_list":["post-19252","post","type-post","status-publish","format-standard","has-post-thumbnail","hentry","category-ajan-news-articles"],"aioseo_notices":[],"_links":{"self":[{"href":"https:\/\/ajan.africa\/fr\/wp-json\/wp\/v2\/posts\/19252","targetHints":{"allow":["GET"]}}],"collection":[{"href":"https:\/\/ajan.africa\/fr\/wp-json\/wp\/v2\/posts"}],"about":[{"href":"https:\/\/ajan.africa\/fr\/wp-json\/wp\/v2\/types\/post"}],"author":[{"embeddable":true,"href":"https:\/\/ajan.africa\/fr\/wp-json\/wp\/v2\/users\/5"}],"replies":[{"embeddable":true,"href":"https:\/\/ajan.africa\/fr\/wp-json\/wp\/v2\/comments?post=19252"}],"version-history":[{"count":1,"href":"https:\/\/ajan.africa\/fr\/wp-json\/wp\/v2\/posts\/19252\/revisions"}],"predecessor-version":[{"id":19257,"href":"https:\/\/ajan.africa\/fr\/wp-json\/wp\/v2\/posts\/19252\/revisions\/19257"}],"wp:featuredmedia":[{"embeddable":true,"href":"https:\/\/ajan.africa\/fr\/wp-json\/wp\/v2\/media\/19254"}],"wp:attachment":[{"href":"https:\/\/ajan.africa\/fr\/wp-json\/wp\/v2\/media?parent=19252"}],"wp:term":[{"taxonomy":"category","embeddable":true,"href":"https:\/\/ajan.africa\/fr\/wp-json\/wp\/v2\/categories?post=19252"},{"taxonomy":"post_tag","embeddable":true,"href":"https:\/\/ajan.africa\/fr\/wp-json\/wp\/v2\/tags?post=19252"}],"curies":[{"name":"wp","href":"https:\/\/api.w.org\/{rel}","templated":true}]}}