{"id":19258,"date":"2026-01-20T11:53:06","date_gmt":"2026-01-20T11:53:06","guid":{"rendered":"https:\/\/ajan.africa\/?p=19258"},"modified":"2026-02-02T12:00:23","modified_gmt":"2026-02-02T12:00:23","slug":"service-yezu-mwiza-mobile-clinic-reaching-the-most-vulnerable","status":"publish","type":"post","link":"https:\/\/ajan.africa\/fr\/service-yezu-mwiza-mobile-clinic-reaching-the-most-vulnerable\/","title":{"rendered":"Clinique mobile Service Yezu Mwiza : Atteindre les plus vuln\u00e9rables"},"content":{"rendered":"<p>Dans son effort pour rapprocher les soins de sant\u00e9 des populations les plus vuln\u00e9rables, le Service Yezu Mwiza (SYM) a mis en \u0153uvre la strat\u00e9gie de la Clinique mobile, une initiative innovante et solidaire qui fournit des services de sant\u00e9 directement au c\u0153ur des communaut\u00e9s.<\/p>\n\n\n\n<figure class=\"wp-block-image size-large\"><img fetchpriority=\"high\" decoding=\"async\" width=\"1024\" height=\"684\" src=\"https:\/\/ajan.africa\/wp-content\/uploads\/2026\/02\/619882693_1220326960297751_1443360670998519206_n-1024x684.jpg\" alt=\"\" class=\"wp-image-19260\" srcset=\"https:\/\/ajan.africa\/wp-content\/uploads\/2026\/02\/619882693_1220326960297751_1443360670998519206_n-1024x684.jpg 1024w, https:\/\/ajan.africa\/wp-content\/uploads\/2026\/02\/619882693_1220326960297751_1443360670998519206_n-300x200.jpg 300w, https:\/\/ajan.africa\/wp-content\/uploads\/2026\/02\/619882693_1220326960297751_1443360670998519206_n-768x513.jpg 768w, https:\/\/ajan.africa\/wp-content\/uploads\/2026\/02\/619882693_1220326960297751_1443360670998519206_n-1536x1026.jpg 1536w, https:\/\/ajan.africa\/wp-content\/uploads\/2026\/02\/619882693_1220326960297751_1443360670998519206_n-18x12.jpg 18w, https:\/\/ajan.africa\/wp-content\/uploads\/2026\/02\/619882693_1220326960297751_1443360670998519206_n.jpg 1920w\" sizes=\"(max-width: 1024px) 100vw, 1024px\" \/><\/figure>\n\n\n\n<p class=\"translation-block\"><strong>R\u00e9pondre aux besoins des communaut\u00e9s \u00e9loign\u00e9es<\/strong><br>De nombreuses personnes, en particulier dans les zones rurales ou p\u00e9riurbaines, rencontrent encore d\u2019importantes difficult\u00e9s pour acc\u00e9der aux soins de sant\u00e9 : \u00e9loignement des structures sanitaires, manque de moyens financiers, stigmatisation ou manque d\u2019information. La clinique mobile de Service Yezu Mwiza vise \u00e0 r\u00e9duire ces obstacles en rejoignant les populations l\u00e0 o\u00f9 elles se trouvent.<\/p>\n\n\n\n<p class=\"translation-block\"><strong>Services de sant\u00e9 int\u00e9gr\u00e9s et accessibles<\/strong><br>Gr\u00e2ce \u00e0 la Clinique mobile, le Service Yezu Mwiza offre des services essentiels, notamment :<\/p>\n\n\n\n<ul class=\"wp-block-list\">\n<li>Consultations m\u00e9dicales g\u00e9n\u00e9rales<\/li>\n\n\n\n<li>D\u00e9pistage et accompagnement des personnes vivant avec le VIH et le sida<\/li>\n\n\n\n<li>Sensibilisation \u00e0 la sant\u00e9 mentale et au bien-\u00eatre psychosocial<\/li>\n\n\n\n<li>Orientation et accompagnement vers les structures de soins appropri\u00e9es<\/li>\n\n\n\n<li>\u00c9ducation \u00e0 la sant\u00e9 et pr\u00e9vention des maladies<\/li>\n<\/ul>\n\n\n\n<p>Ces services sont dispens\u00e9s par une \u00e9quipe pluridisciplinaire de professionnels de sant\u00e9 et de travailleurs psychosociaux d\u00e9vou\u00e9s.<\/p>\n\n\n\n<p class=\"translation-block\"><strong>Introduction du d\u00e9pistage du cancer du col de l\u2019ut\u00e9rus<\/strong><br>Dans le cadre du renforcement de ses services cette ann\u00e9e, la Clinique mobile du Service Yezu Mwiza inclut d\u00e9sormais le d\u00e9pistage du cancer du col de l\u2019ut\u00e9rus pour ses b\u00e9n\u00e9ficiaires. Ce nouveau volet vise \u00e0 promouvoir la sant\u00e9 des femmes gr\u00e2ce \u00e0 la d\u00e9tection pr\u00e9coce, \u00e0 la sensibilisation et \u00e0 l\u2019orientation en temps utile vers les structures de soins appropri\u00e9es.<\/p>\n\n\n\n<p>Gr\u00e2ce \u00e0 cette initiative, le Service Yezu Mwiza contribue activement \u00e0 la lutte contre un cancer qui peut \u00eatre pr\u00e9venu lorsqu\u2019il est diagnostiqu\u00e9 t\u00f4t, tout en rapprochant ce service vital des femmes ayant un acc\u00e8s limit\u00e9 aux structures de d\u00e9pistage.<\/p>\n\n\n\n<figure class=\"wp-block-image size-large\"><img decoding=\"async\" width=\"1024\" height=\"684\" src=\"https:\/\/ajan.africa\/wp-content\/uploads\/2026\/02\/618899730_1220327436964370_3899949195766006204_n-1024x684.jpg\" alt=\"\" class=\"wp-image-19261\" srcset=\"https:\/\/ajan.africa\/wp-content\/uploads\/2026\/02\/618899730_1220327436964370_3899949195766006204_n-1024x684.jpg 1024w, https:\/\/ajan.africa\/wp-content\/uploads\/2026\/02\/618899730_1220327436964370_3899949195766006204_n-300x200.jpg 300w, https:\/\/ajan.africa\/wp-content\/uploads\/2026\/02\/618899730_1220327436964370_3899949195766006204_n-768x513.jpg 768w, https:\/\/ajan.africa\/wp-content\/uploads\/2026\/02\/618899730_1220327436964370_3899949195766006204_n-1536x1026.jpg 1536w, https:\/\/ajan.africa\/wp-content\/uploads\/2026\/02\/618899730_1220327436964370_3899949195766006204_n-18x12.jpg 18w, https:\/\/ajan.africa\/wp-content\/uploads\/2026\/02\/618899730_1220327436964370_3899949195766006204_n.jpg 1920w\" sizes=\"(max-width: 1024px) 100vw, 1024px\" \/><\/figure>\n\n\n\n<p class=\"translation-block\"><strong>Une approche centr\u00e9e sur l\u2019humain et la communaut\u00e9<\/strong><br>La Clinique mobile du Service Yezu Mwiza va au-del\u00e0 des soins m\u00e9dicaux. Elle adopte une approche holistique, humaine et centr\u00e9e sur la communaut\u00e9, fond\u00e9e sur l\u2019\u00e9coute, le respect de la dignit\u00e9 et la proximit\u00e9 avec les b\u00e9n\u00e9ficiaires. Elle contribue \u00e9galement \u00e0 instaurer la confiance entre les communaut\u00e9s et les services de sant\u00e9 tout en luttant contre la stigmatisation li\u00e9e \u00e0 certaines maladies, notamment le VIH et le sida, ainsi qu\u2019\u00e0 d\u2019autres situations de vuln\u00e9rabilit\u00e9.<\/p>\n\n\n\n<p class=\"translation-block\"><strong>Engagement pour la sant\u00e9 pour tous<\/strong><br>Gr\u00e2ce \u00e0 cette initiative, le Service Yezu Mwiza r\u00e9affirme son engagement \u00e0 promouvoir des soins de sant\u00e9 accessibles, inclusifs et \u00e9quitables, conform\u00e9ment \u00e0 sa mission de promouvoir la sant\u00e9 globale de la population \u00e0 travers une prise en charge compl\u00e8te du VIH et du sida, de la co-infection TB\/VIH, de la pr\u00e9vention du paludisme, de la promotion de la sant\u00e9 reproductive, de la parentalit\u00e9 responsable et de la prise en charge des maladies chroniques, avec une option pr\u00e9f\u00e9rentielle pour les plus d\u00e9munis.<\/p>\n\n\n\n<p>La Clinique mobile demeure ainsi un outil cl\u00e9 pour atteindre les populations oubli\u00e9es et construire ensemble des communaut\u00e9s plus saines et solidaires.<\/p>\n\n\n\n<p class=\"translation-block\"><strong>D\u00e9fis et besoins de la Clinique mobile<\/strong><br>Malgr\u00e9 son impact positif au sein des communaut\u00e9s, la Clinique mobile du Service Yezu Mwiza fait face \u00e0 des d\u00e9fis importants, notamment en mati\u00e8re d\u2019\u00e9quipements et de logistique. Actuellement, l\u2019initiative ne dispose que d\u2019un seul v\u00e9hicule, ce qui limite la couverture g\u00e9ographique et la fr\u00e9quence des interventions. Les contraintes logistiques li\u00e9es au transport du personnel, du mat\u00e9riel m\u00e9dical et des fournitures n\u00e9cessaires freinent \u00e9galement l\u2019expansion des activit\u00e9s. Face \u00e0 ces d\u00e9fis, le Service Yezu Mwiza lance un appel \u00e0 un soutien technique, mat\u00e9riel ou financier pour renforcer la Clinique mobile et \u00e9tendre sa port\u00e9e afin de b\u00e9n\u00e9ficier \u00e0 un plus grand nombre de communaut\u00e9s vuln\u00e9rables.<\/p>\n\n\n\n<p class=\"has-text-align-right translation-block\"><em>Par,<\/em> <strong>Communications<\/strong>,<\/p>\n\n\n\n<p class=\"has-text-align-right\">Service Yezu Mwiza, Burundi.<\/p>","protected":false},"excerpt":{"rendered":"<p>In its effort to bring healthcare closer to the most vulnerable populations, the Service Yezu Mwiza (SYM) has implemented the strategy of a Mobile Clinic, an innovative and solidarity-based initiative that delivers health services directly to the heart of communities. Responding to the needs of remote communitiesMany people, especially in<\/p>\n<p><a class=\"sd-more sd-all-trans\" href=\"https:\/\/ajan.africa\/fr\/service-yezu-mwiza-mobile-clinic-reaching-the-most-vulnerable\/#more-19258\">Lire la suite<\/a><\/p>","protected":false},"author":5,"featured_media":19259,"comment_status":"closed","ping_status":"open","sticky":false,"template":"","format":"standard","meta":{"om_disable_all_campaigns":false,"_monsterinsights_skip_tracking":false,"_monsterinsights_sitenote_active":false,"_monsterinsights_sitenote_note":"","_monsterinsights_sitenote_category":0,"footnotes":""},"categories":[98],"tags":[],"class_list":["post-19258","post","type-post","status-publish","format-standard","has-post-thumbnail","hentry","category-ajan-news-articles"],"aioseo_notices":[],"_links":{"self":[{"href":"https:\/\/ajan.africa\/fr\/wp-json\/wp\/v2\/posts\/19258","targetHints":{"allow":["GET"]}}],"collection":[{"href":"https:\/\/ajan.africa\/fr\/wp-json\/wp\/v2\/posts"}],"about":[{"href":"https:\/\/ajan.africa\/fr\/wp-json\/wp\/v2\/types\/post"}],"author":[{"embeddable":true,"href":"https:\/\/ajan.africa\/fr\/wp-json\/wp\/v2\/users\/5"}],"replies":[{"embeddable":true,"href":"https:\/\/ajan.africa\/fr\/wp-json\/wp\/v2\/comments?post=19258"}],"version-history":[{"count":1,"href":"https:\/\/ajan.africa\/fr\/wp-json\/wp\/v2\/posts\/19258\/revisions"}],"predecessor-version":[{"id":19262,"href":"https:\/\/ajan.africa\/fr\/wp-json\/wp\/v2\/posts\/19258\/revisions\/19262"}],"wp:featuredmedia":[{"embeddable":true,"href":"https:\/\/ajan.africa\/fr\/wp-json\/wp\/v2\/media\/19259"}],"wp:attachment":[{"href":"https:\/\/ajan.africa\/fr\/wp-json\/wp\/v2\/media?parent=19258"}],"wp:term":[{"taxonomy":"category","embeddable":true,"href":"https:\/\/ajan.africa\/fr\/wp-json\/wp\/v2\/categories?post=19258"},{"taxonomy":"post_tag","embeddable":true,"href":"https:\/\/ajan.africa\/fr\/wp-json\/wp\/v2\/tags?post=19258"}],"curies":[{"name":"wp","href":"https:\/\/api.w.org\/{rel}","templated":true}]}}