{"id":19271,"date":"2026-02-01T08:56:05","date_gmt":"2026-02-01T08:56:05","guid":{"rendered":"https:\/\/ajan.africa\/?p=19271"},"modified":"2026-02-03T13:14:12","modified_gmt":"2026-02-03T13:14:12","slug":"ajan-at-23rd-icasa-accra-2025","status":"publish","type":"post","link":"https:\/\/ajan.africa\/fr\/ajan-at-23rd-icasa-accra-2025\/","title":{"rendered":"AJAN \u00e0 la 23e ICASA, Accra 2025"},"content":{"rendered":"<h2 class=\"wp-block-heading\"><strong>ICASA, un moment de red\u00e9finition des outils et des strat\u00e9gies en r\u00e9ponse au sida, \u00e0 la tuberculose et au paludisme pour un continent en meilleure sant\u00e9<\/strong>.<\/h2>\n\n\n\n<h3 class=\"wp-block-heading\"><strong>Introduction : Aper\u00e7u de la conf\u00e9rence<\/strong><\/h3>\n\n\n\n<p class=\"translation-block\">La 23e Conf\u00e9rence internationale sur le sida et les IST en Afrique (ICASA), organis\u00e9e tous les deux ans par la Society for AIDS in Africa (SAA), s\u2019est tenue du 3 au 8 d\u00e9cembre 2025 au Accra International Conference Centre au Ghana. Le th\u00e8me \u00e9tait \u00ab <strong><em>Acc\u00e9l\u00e9rer une r\u00e9ponse int\u00e9gr\u00e9e et durable pour mettre fin au sida, \u00e0 la tuberculose et au paludisme<\/em><\/strong> \u00bb. Cet \u00e9v\u00e9nement majeur a \u00e9galement marqu\u00e9 le 35e anniversaire de la Society for AIDS in Africa (SAA), servant \u00e0 la fois de bilan des progr\u00e8s r\u00e9alis\u00e9s et d\u2019appel \u00e0 l\u2019action dans la lutte contre le sida, la tuberculose (TB), le paludisme et d\u2019autres d\u00e9fis sanitaires sur le continent.<\/p>\n\n\n\n<div class=\"wp-block-media-text has-media-on-the-right is-stacked-on-mobile\"><div class=\"wp-block-media-text__content\">\n<p>Repr\u00e9sentant le African Jesuit AIDS Network (AJAN), le Directeur d\u2019AJAN, le P. Matambura Ismael, s\u2019est joint \u00e0 plus de 3 300 participants provenant de 85 pays, dont environ 400 participants au stand du Village communautaire. La conf\u00e9rence a \u00e9largi son champ au-del\u00e0 du sida, du paludisme et de la TB pour aborder des questions de sant\u00e9 int\u00e9grale telles que le cancer, la sant\u00e9 mentale et d\u2019autres maladies non transmissibles. L\u2019accent a \u00e9t\u00e9 mis sur le renforcement des m\u00e9decines traditionnelles et des syst\u00e8mes de sant\u00e9, avec des sessions comprenant un large \u00e9ventail de pr\u00e9sentations, de r\u00e9sum\u00e9s de recherche et de discours principaux.<\/p>\n<\/div><figure class=\"wp-block-media-text__media\"><img fetchpriority=\"high\" decoding=\"async\" width=\"944\" height=\"707\" src=\"https:\/\/ajan.africa\/wp-content\/uploads\/2026\/02\/Picture1.jpg\" alt=\"\" class=\"wp-image-19273 size-full\" srcset=\"https:\/\/ajan.africa\/wp-content\/uploads\/2026\/02\/Picture1.jpg 944w, https:\/\/ajan.africa\/wp-content\/uploads\/2026\/02\/Picture1-300x225.jpg 300w, https:\/\/ajan.africa\/wp-content\/uploads\/2026\/02\/Picture1-768x575.jpg 768w, https:\/\/ajan.africa\/wp-content\/uploads\/2026\/02\/Picture1-16x12.jpg 16w\" sizes=\"(max-width: 944px) 100vw, 944px\" \/><\/figure><\/div>\n\n\n\n<p class=\"translation-block\">Un point marquant a \u00e9t\u00e9 le lancement du \u00ab <strong><em>Scientific Journal on AIDS and Infectious Diseases<\/em><\/strong> \u00bb, qui vise \u00e0 favoriser le <strong><em>partage des connaissances scientifiques<\/em><\/strong>. L\u2019ICASA a \u00e9galement lanc\u00e9 un <strong><em>concours de narration<\/em><\/strong> pour promouvoir la pr\u00e9vention du VIH et lutter contre la stigmatisation. La <strong><em>pr\u00e9-conf\u00e9rence des jeunes<\/em><\/strong>, qui a permis aux jeunes participants de s\u2019engager activement dans le plaidoyer pour la sant\u00e9, a \u00e9galement eu lieu.<\/p>\n\n\n\n<p class=\"translation-block\">La <strong>conf\u00e9rence a servi de \u00ab signal d\u2019alarme \u00bb pour l\u2019Afrique<\/strong>, comme en t\u00e9moignent la <strong><em>participation locale accrue<\/em><\/strong>, un engagement des jeunes plus affirm\u00e9 et une <strong><em>implication plus forte des dirigeants africains<\/em><\/strong>. <strong><em>Les Premi\u00e8res Dames de toute l\u2019Afrique ont tenu une r\u00e9union de haut niveau<\/em><\/strong> avec des agences des Nations Unies et des leaders communautaires \u00e0 la Ghana State House, soulignant leur leadership dans le plaidoyer pour le VIH et l\u2019importance de l\u2019action collective.<\/p>\n\n\n\n<p class=\"translation-block\">Les <strong><em>communaut\u00e9s de foi<\/em><\/strong> ont jou\u00e9 un r\u00f4le essentiel en animant un <strong><em>stand dans le village communautaire<\/em><\/strong>, en facilitant des \u00e9changes dynamiques et en <strong><em>d\u00e9montrant un fort engagement par une participation active<\/em><\/strong> et des activit\u00e9s interactives. <strong>Une table ronde a r\u00e9uni des responsables religieux et des parlementaires<\/strong>, ainsi que des d\u00e9fenseurs, autour du th\u00e8me \u00ab <strong>Unir les voix pour l\u2019action : l\u00e9gislateurs et responsables religieux<\/strong> \u00bb.<\/p>\n\n\n\n<div class=\"wp-block-group is-nowrap is-layout-flex wp-container-core-group-is-layout-ad2f72ca wp-block-group-is-layout-flex\">\n<figure class=\"wp-block-image size-full\"><img decoding=\"async\" width=\"385\" height=\"289\" src=\"https:\/\/ajan.africa\/wp-content\/uploads\/2026\/02\/Picture11.jpg\" alt=\"\" class=\"wp-image-19277\" srcset=\"https:\/\/ajan.africa\/wp-content\/uploads\/2026\/02\/Picture11.jpg 385w, https:\/\/ajan.africa\/wp-content\/uploads\/2026\/02\/Picture11-300x225.jpg 300w, https:\/\/ajan.africa\/wp-content\/uploads\/2026\/02\/Picture11-16x12.jpg 16w\" sizes=\"(max-width: 385px) 100vw, 385px\" \/><\/figure>\n\n\n\n<figure class=\"wp-block-image size-full is-resized\"><img decoding=\"async\" width=\"327\" height=\"184\" src=\"https:\/\/ajan.africa\/wp-content\/uploads\/2026\/02\/Picture3.jpg\" alt=\"\" class=\"wp-image-19275\" style=\"width:416px;height:auto\" srcset=\"https:\/\/ajan.africa\/wp-content\/uploads\/2026\/02\/Picture3.jpg 327w, https:\/\/ajan.africa\/wp-content\/uploads\/2026\/02\/Picture3-300x169.jpg 300w, https:\/\/ajan.africa\/wp-content\/uploads\/2026\/02\/Picture3-18x10.jpg 18w, https:\/\/ajan.africa\/wp-content\/uploads\/2026\/02\/Picture3-274x155.jpg 274w\" sizes=\"(max-width: 327px) 100vw, 327px\" \/><\/figure>\n<\/div>\n\n\n\n<p class=\"translation-block\"><strong>Faire progresser une r\u00e9ponse \u00e9quitable au VIH<\/strong>. Ce forum s\u2019est concentr\u00e9 sur la promotion de la collaboration entre responsables religieux et l\u00e9gislateurs, le maintien du VIH comme priorit\u00e9 politique, et la d\u00e9fense d\u2019un financement national durable ainsi que de l\u2019acc\u00e8s aux traitements injectables \u00e0 longue dur\u00e9e d\u2019action.<\/p>\n\n\n\n<h3 class=\"wp-block-heading\"><strong>Mes principaux enseignements et recommandations<\/strong>.<\/h3>\n\n\n\n<p>Les principaux enseignements et recommandations discut\u00e9s mettent l\u2019accent sur divers sujets, notamment la m\u00e9decine traditionnelle, la science clinique, les innovations th\u00e9rapeutiques, les tendances \u00e9pid\u00e9miologiques, la science de la pr\u00e9vention, le droit et les droits humains, les syst\u00e8mes de sant\u00e9, le leadership et le financement durable.<\/p>\n\n\n\n<h4 class=\"wp-block-heading\"><strong>1. \u00c0 propos des m\u00e9decines traditionnelles et de la recherche<\/strong><\/h4>\n\n\n\n<p class=\"translation-block\"><strong><em>La m\u00e9decine traditionnelle est de plus en plus reconnue comme une approche compl\u00e9mentaire pr\u00e9cieuse dans la prise en charge du VIH<\/em><\/strong>. Avec 8 m\u00e9dicaments sur 10 (80\u202f%) d\u00e9riv\u00e9s de plantes, la recherche continue sur les plantes m\u00e9dicinales est cruciale et ne doit pas \u00eatre n\u00e9glig\u00e9e dans la qu\u00eate d\u2019un traitement du VIH. La recherche scientifique reste la voie pour \u00e9radiquer ou contr\u00f4ler le sida. Des pratiques s\u00fbres, le partage d\u2019exp\u00e9riences entre pays et le renforcement des capacit\u00e9s en recherche sont essentiels. Il est recommand\u00e9 de promouvoir les directives de l\u2019OMS, notamment pour les nouveaux traitements injectables tels que le Lenacapavir (LA), afin d\u2019int\u00e9grer les approches m\u00e9dicales traditionnelles et modernes.<\/p>\n\n\n\n<h4 class=\"wp-block-heading\"><strong>2.<\/strong> <strong>\u00c0 propos de la science clinique, du traitement et des soins<\/strong><\/h4>\n\n\n\n<p>La maladie avanc\u00e9e du VIH (AHD) continue de repr\u00e9senter des risques importants, notamment un diagnostic tardif, des complications cliniques, des co-infections et des comorbidit\u00e9s. Le diagnostic et la prise en charge de la tuberculose p\u00e9diatrique n\u00e9cessitent davantage de ressources et un engagement communautaire renforc\u00e9.<\/p>\n\n\n\n<p class=\"translation-block\">L\u2019\u00e9mergence de <strong><em>m\u00e9dicaments \u00e0 longue action tels que le cabot\u00e9gravir et le Lenacapavir<\/em><\/strong> offre des perspectives tant pour la pr\u00e9vention que pour le traitement, mais leur accessibilit\u00e9 financi\u00e8re reste un d\u00e9fi, soulignant la n\u00e9cessit\u00e9 d\u2019alternatives g\u00e9n\u00e9riques et d\u2019un suivi rigoureux de la r\u00e9sistance aux m\u00e9dicaments. <strong><em>La prise en charge p\u00e9diatrique du VIH est confront\u00e9e \u00e0 des d\u00e9fis li\u00e9s \u00e0 la faible suppression de la charge virale et \u00e0 la mauvaise observance, mettant en \u00e9vidence le besoin de strat\u00e9gies innovantes de d\u00e9pistage et de pr\u00e9vention, ainsi que l\u2019acc\u00e8s aux nouvelles technologies<\/em><\/strong>, y compris les outils de suivi de la TAR et le GeneXpert pour la tuberculose, dans les structures de sant\u00e9 centr\u00e9es sur l\u2019enfant.<\/p>\n\n\n\n<h4 class=\"wp-block-heading\"><strong>3. \u00c0 propos de l\u2019\u00e9pid\u00e9mie de VIH en Afrique (2024)<\/strong><\/h4>\n\n\n\n<p class=\"translation-block\"><strong><em>L\u2019Afrique reste l\u2019\u00e9picentre de l\u2019\u00e9pid\u00e9mie de VIH<\/em><\/strong>, avec <strong><em>les deux tiers des personnes vivant avec le VIH (PVVIH) dans le monde<\/em><\/strong> r\u00e9sidant sur le continent \u2014 23,6 millions de personnes, dont 21,7 millions sous traitement (TAR). <strong><em>Les femmes supportent un fardeau disproportionn\u00e9 d\u2019infections et de d\u00e9c\u00e8s<\/em><\/strong>. Les populations cl\u00e9s et leurs partenaires repr\u00e9sentent pr\u00e8s de la moiti\u00e9 des nouvelles infections, un chiffre en hausse depuis 2010. On note une <strong><em>baisse notable des nouvelles infections<\/em><\/strong> (56 %) et des d\u00e9c\u00e8s li\u00e9s au VIH par rapport \u00e0 2010, ainsi qu\u2019une <strong><em>forte diminution des infections p\u00e9diatriques<\/em><\/strong>. <strong><em>Les femmes enceintes ont vu une augmentation de la couverture TAR<\/em><\/strong>, en particulier en Afrique de l\u2019Est et Australe (93 %) par rapport \u00e0 l\u2019Afrique de l\u2019Ouest et Centrale (56 %).<\/p>\n\n\n\n<h4 class=\"wp-block-heading\"><strong>4<\/strong>. <strong>Sur la science de la pr\u00e9vention et les barri\u00e8res sociales<\/strong><\/h4>\n\n\n\n<p class=\"translation-block\"><strong><em>La PrEP \u00e0 longue action transforme la pr\u00e9vention du VIH<\/em><\/strong>, avec des innovations telles que <strong><em>les injections de cabot\u00e9gravir bimensuelles, les injections de Lenacapavir tous les six mois et les anneaux vaginaux de Dapivirine mensuels<\/em><\/strong>.<\/p>\n\n\n\n<p class=\"translation-block\">Cependant, des d\u00e9fis subsistent pour traiter les in\u00e9galit\u00e9s sociales et les limites des syst\u00e8mes de sant\u00e9, ainsi que pour garantir des soins centr\u00e9s sur la personne. Des obstacles tels que la stigmatisation, la discrimination, le manque de confidentialit\u00e9 et les contraintes \u00e9conomiques doivent \u00eatre abord\u00e9s. <strong><em>Impliquer les leaders traditionnels et religieux est essentiel, tout comme former les prestataires de services pour prot\u00e9ger la confidentialit\u00e9 et la vie priv\u00e9e<\/em><\/strong>. <strong><em>Un leadership communautaire et des programmes r\u00e9silients sont n\u00e9cessaires<\/em><\/strong>, notamment en mobilisant des ressources nationales par le biais de partenariats public-priv\u00e9 et en int\u00e9grant les services VIH dans des approches multi-maladies.<\/p>\n\n\n\n<figure class=\"wp-block-image size-full\"><img loading=\"lazy\" decoding=\"async\" width=\"768\" height=\"633\" src=\"https:\/\/ajan.africa\/wp-content\/uploads\/2026\/02\/Picture8.jpg\" alt=\"\" class=\"wp-image-19276\" srcset=\"https:\/\/ajan.africa\/wp-content\/uploads\/2026\/02\/Picture8.jpg 768w, https:\/\/ajan.africa\/wp-content\/uploads\/2026\/02\/Picture8-300x247.jpg 300w, https:\/\/ajan.africa\/wp-content\/uploads\/2026\/02\/Picture8-15x12.jpg 15w\" sizes=\"(max-width: 768px) 100vw, 768px\" \/><\/figure>\n\n\n\n<h4 class=\"wp-block-heading\"><strong>5. Consid\u00e9rations juridiques, droits humains et sciences politiques<\/strong><\/h4>\n\n\n\n<p class=\"translation-block\">La conf\u00e9rence a soulign\u00e9 le <strong><em>besoin de prot\u00e9ger les groupes vuln\u00e9rables contre la stigmatisation et la discrimination, d\u2019assurer un acc\u00e8s \u00e9quitable aux soins de sant\u00e9 et de promouvoir l\u2019\u00e9galit\u00e9 des sexes ainsi que l\u2019autonomisation des communaut\u00e9s<\/em><\/strong>. Les obstacles juridiques, sociaux, culturels et politiques continuent de compromettre les droits et d\u2019affaiblir les r\u00e9ponses au VIH.<\/p>\n\n\n\n<p class=\"translation-block\">Malgr\u00e9 les progr\u00e8s, <strong><em>la criminalisation, les r\u00e9ductions de financement, la stigmatisation et l\u2019exclusion num\u00e9rique limitent l\u2019acc\u00e8s aux services essentiels<\/em><\/strong>. <strong><em>Des r\u00e9formes urgentes sont n\u00e9cessaires, avec un leadership politique fort et des approches fond\u00e9es sur les droits et dirig\u00e9es par les communaut\u00e9s<\/em><\/strong>. La stigmatisation est identifi\u00e9e comme un obstacle plus important que le virus lui-m\u00eame, fa\u00e7onn\u00e9e par les normes culturelles et de genre, et peut \u00eatre att\u00e9nu\u00e9e gr\u00e2ce \u00e0 la r\u00e9silience communautaire et au soutien par les pairs.<\/p>\n\n\n\n<h4 class=\"wp-block-heading\"><strong>6. \u00c0 propos des syst\u00e8mes de sant\u00e9, de l\u2019\u00e9conomie et de la science de la mise en \u0153uvre<\/strong><\/h4>\n\n\n\n<p class=\"translation-block\"><strong><em>Les progr\u00e8s dans la r\u00e9ponse au VIH ont stagn\u00e9, mais il existe de r\u00e9elles opportunit\u00e9s d\u2019int\u00e9gration et d\u2019innovation<\/em><\/strong>. Des outils de priorisation structur\u00e9s (comme TIER) peuvent aider \u00e0 d\u00e9finir des packages de services VIH durables, adapt\u00e9s aux r\u00e9alit\u00e9s financi\u00e8res. <strong><em>Les plateformes de soins pr\u00e9natals int\u00e9gr\u00e9s (ANC) devraient offrir des tests et traitements combin\u00e9s pour le VIH, la syphilis, l\u2019HBV, les maladies non transmissibles et d\u2019autres affections maternelles<\/em><\/strong>.<\/p>\n\n\n\n<p class=\"translation-block\"><strong><em>La capacit\u00e9 de fabrication locale et la pr\u00e9paration r\u00e9glementaire pour les ARV et les produits li\u00e9s au VIH doivent \u00eatre renforc\u00e9es.<\/em><\/strong> L\u2019int\u00e9gration des outils num\u00e9riques pour le VIH dans les strat\u00e9gies et budgets nationaux de sant\u00e9 est essentielle. <strong><em>Un alignement rapide des politiques et une pr\u00e9paration sont n\u00e9cessaires pour adopter les directives de l\u2019OMS, en particulier pour le LEN (Lenacapavir)<\/em><\/strong>, dont le d\u00e9ploiement est pr\u00e9vu dans au moins dix pays africains d\u2019ici 2026. Les enjeux cl\u00e9s incluent la pr\u00e9paration r\u00e9glementaire, la sensibilisation des communaut\u00e9s et la d\u00e9pendance aux partenariats mondiaux.<\/p>\n\n\n\n<div class=\"wp-block-group is-nowrap is-layout-flex wp-container-core-group-is-layout-ad2f72ca wp-block-group-is-layout-flex\">\n<figure class=\"wp-block-image size-full\"><img loading=\"lazy\" decoding=\"async\" width=\"419\" height=\"233\" src=\"https:\/\/ajan.africa\/wp-content\/uploads\/2026\/02\/Picture2.jpg\" alt=\"\" class=\"wp-image-19274\" srcset=\"https:\/\/ajan.africa\/wp-content\/uploads\/2026\/02\/Picture2.jpg 419w, https:\/\/ajan.africa\/wp-content\/uploads\/2026\/02\/Picture2-300x167.jpg 300w, https:\/\/ajan.africa\/wp-content\/uploads\/2026\/02\/Picture2-18x10.jpg 18w, https:\/\/ajan.africa\/wp-content\/uploads\/2026\/02\/Picture2-360x200.jpg 360w\" sizes=\"(max-width: 419px) 100vw, 419px\" \/><\/figure>\n\n\n\n<figure class=\"wp-block-image size-full\"><img loading=\"lazy\" decoding=\"async\" width=\"425\" height=\"319\" src=\"https:\/\/ajan.africa\/wp-content\/uploads\/2026\/02\/Picture7.jpg\" alt=\"\" class=\"wp-image-19278\" srcset=\"https:\/\/ajan.africa\/wp-content\/uploads\/2026\/02\/Picture7.jpg 425w, https:\/\/ajan.africa\/wp-content\/uploads\/2026\/02\/Picture7-300x225.jpg 300w, https:\/\/ajan.africa\/wp-content\/uploads\/2026\/02\/Picture7-16x12.jpg 16w\" sizes=\"(max-width: 425px) 100vw, 425px\" \/><\/figure>\n<\/div>\n\n\n\n<h4 class=\"wp-block-heading\"><strong>7. \u00c0 propos du leadership et de la r\u00e9ponse durable<\/strong>.<\/h4>\n\n\n\n<p class=\"translation-block\"><strong><em>Mettre fin au VIH n\u00e9cessite du leadership, l\u2019autonomisation des communaut\u00e9s, l\u2019\u00e9quit\u00e9 et un investissement soutenu dans la pr\u00e9vention<\/em><\/strong>. L\u2019Afrique doit <strong><em>prioriser le financement de la sant\u00e9 et la production pharmaceutique locale, avec une volont\u00e9 politique forte et un leadership d\u00e9cisif<\/em><\/strong> pour maintenir les progr\u00e8s. L\u2019ICASA continue de rapprocher science et politique, mais apr\u00e8s 35 ans, des efforts intensifi\u00e9s sont n\u00e9cessaires.<\/p>\n\n\n\n<p class=\"translation-block\">Le <strong>cadre de leadership pour r\u00e9pondre aux crises de financement<\/strong> comprend :<\/p>\n\n\n\n<ul class=\"wp-block-list\">\n<li>Seuls trois pays africains se sont engag\u00e9s \u00e0 consacrer 15\u202f% de leur budget \u00e0 la sant\u00e9 (selon la D\u00e9claration d\u2019Abuja).<\/li>\n\n\n\n<li>Le \u00ab\u202fGhana\u2019s Accra Reset\u202f\u00bb \u00e9labore une feuille de route pour la durabilit\u00e9 du financement national et la responsabilisation.<\/li>\n\n\n\n<li>Le Lesotho finance 80\u202f% des ARV localement, les 20\u202f% restants provenant des donateurs.<\/li>\n\n\n\n<li class=\"translation-block\"><strong>L\u2019initiative pr\u00e9sidentielle de la RDC<\/strong> pour \u00e9radiquer le sida p\u00e9diatrique est soutenue par un financement national important d\u2019environ 18 millions.<\/li>\n\n\n\n<li class=\"translation-block\">Le Kenya et le Maroc lancent des initiatives d\u2019<strong>infrastructures de sant\u00e9 num\u00e9riques<\/strong>.<\/li>\n\n\n\n<li>Les partenariats public-priv\u00e9 sont essentiels pour assurer la durabilit\u00e9 des r\u00e9ponses au sida.<\/li>\n<\/ul>\n\n\n\n<p class=\"translation-block\"><strong>Les strat\u00e9gies de mobilisation des ressources domestiques<\/strong> incluent le recours aux partenariats public-priv\u00e9, l\u2019introduction de <strong><em>taxes sp\u00e9ciales sur l\u2019alcool et le tabac<\/em><\/strong>, l\u2019engagement de <strong><em>la diaspora africaine<\/em><\/strong>, la cr\u00e9ation de fonds d\u2019urgence et le <strong><em>renforcement de la transparence financi\u00e8re gr\u00e2ce au e-budgeting<\/em><\/strong>. Le <strong><em>contrat social<\/em><\/strong> permet aux gouvernements de financer les organisations de la soci\u00e9t\u00e9 civile, et le financement domestique doit \u00eatre institutionnalis\u00e9 pour <strong><em>assurer la durabilit\u00e9 \u00e0 long terme<\/em><\/strong>. Les approches int\u00e9gr\u00e9es impliquant les communaut\u00e9s, les familles et les partenaires sont cruciales, en particulier pour la sant\u00e9 des enfants<strong>.<\/strong><\/p>\n\n\n\n<h4 class=\"wp-block-heading\"><strong>8. Quelques recommandations pour l\u2019action<\/strong>.<\/h4>\n\n\n\n<ul class=\"wp-block-list\">\n<li class=\"translation-block\">Les gouvernements et les communaut\u00e9s devraient <strong><em>prioriser la pr\u00e9vention du VIH<\/em><\/strong> et \u00e9tablir <strong><em>des partenariats avec les m\u00e9dias<\/em><\/strong> pour la sensibilisation et le changement de comportement.<\/li>\n\n\n\n<li class=\"translation-block\">Int\u00e9grer le <strong><em>conseil ax\u00e9 sur le comportement dans les strat\u00e9gies de pr\u00e9vention<\/em><\/strong> et investir dans les soins de sant\u00e9 primaires ainsi que dans le d\u00e9veloppement des ressources humaines.<\/li>\n\n\n\n<li class=\"translation-block\">D\u00e9centraliser et int\u00e9grer les services, <strong><em>renforcer les syst\u00e8mes de donn\u00e9es pour le suivi<\/em><\/strong> et l\u2019\u00e9valuation, et inclure la <strong><em>PrEP \u00e0 longue action dans les directives<\/em><\/strong> et les <strong><em>budgets<\/em><\/strong>.<\/li>\n\n\n\n<li class=\"translation-block\">Les bailleurs de fonds devraient <strong><em>prioriser la pr\u00e9vention parall\u00e8lement au traitement<\/em><\/strong>, tandis que les cliniciens et les communaut\u00e9s doivent <strong><em>promouvoir la persistance, le choix et l\u2019\u00e9quit\u00e9 dans les soins VIH<\/em><\/strong>.<\/li>\n\n\n\n<li class=\"translation-block\"><strong><em>Des m\u00e9canismes juridiques sont n\u00e9cessaires pour garantir un financement durable<\/em><\/strong> et <strong><em>la responsabilit\u00e9<\/em><\/strong> ; les parlementaires devraient surveiller et s\u2019opposer aux projets de loi nuisibles et adopter des normes mondiales en mati\u00e8re d\u2019\u00e9galit\u00e9.<\/li>\n\n\n\n<li>R\u00e9pondre \u00e0 la violence bas\u00e9e sur le genre (VBG) avec des approches centr\u00e9es sur les survivant\u00b7e\u00b7s et sans stigmatisation pour les populations cl\u00e9s.<\/li>\n\n\n\n<li class=\"translation-block\">Adopter <strong><em>des outils de priorisation pour la prestation durable des services VIH et renforcer les plateformes de soins pr\u00e9nataux (ANC)<\/em><\/strong> <strong><em>pour les tests et traitements combin\u00e9s<\/em><\/strong>.<\/li>\n\n\n\n<li class=\"translation-block\"><strong><em>Accro\u00eetre la production locale et la pr\u00e9paration r\u00e9glementaire<\/em><\/strong> pour les produits VIH et int\u00e9grer les outils num\u00e9riques dans les strat\u00e9gies nationales.<\/li>\n\n\n\n<li class=\"translation-block\">Acc\u00e9l\u00e9rer <strong><em>l\u2019alignement des politiques et la pr\u00e9paration aux nouvelles directives de l\u2019WHO<\/em><\/strong> et le d\u00e9ploiement des traitements.<\/li>\n\n\n\n<li class=\"translation-block\">Les <strong><em>dirigeants politiques doivent promouvoir les partenariats public-priv\u00e9<\/em><\/strong> et tirer des le\u00e7ons d\u2019initiatives telles que Accra Reset, Uganda Fast Track et Lusaka Agenda.<\/li>\n<\/ul>\n\n\n\n<figure class=\"wp-block-image size-large\"><img loading=\"lazy\" decoding=\"async\" width=\"1024\" height=\"768\" src=\"https:\/\/ajan.africa\/wp-content\/uploads\/2026\/02\/Picture15-1024x768.jpg\" alt=\"\" class=\"wp-image-19280\" srcset=\"https:\/\/ajan.africa\/wp-content\/uploads\/2026\/02\/Picture15-1024x768.jpg 1024w, https:\/\/ajan.africa\/wp-content\/uploads\/2026\/02\/Picture15-300x225.jpg 300w, https:\/\/ajan.africa\/wp-content\/uploads\/2026\/02\/Picture15-768x576.jpg 768w, https:\/\/ajan.africa\/wp-content\/uploads\/2026\/02\/Picture15-16x12.jpg 16w, https:\/\/ajan.africa\/wp-content\/uploads\/2026\/02\/Picture15.jpg 1169w\" sizes=\"(max-width: 1024px) 100vw, 1024px\" \/><\/figure>\n\n\n\n<blockquote class=\"wp-block-quote has-luminous-vivid-amber-background-color has-background is-layout-flow wp-block-quote-is-layout-flow\">\n<ul class=\"wp-block-list\">\n<li class=\"has-medium-font-size translation-block\">L\u2019Afrique reste le <strong>centre n\u00e9vralgique de l\u2019\u00e9pid\u00e9mie<\/strong> (2\/3 de toutes les personnes vivant avec le VIH), avec <strong>23,6 millions de personnes vivant avec le VIH et 21,7 millions de PVVIH sous TAR<\/strong>.<\/li>\n\n\n\n<li class=\"has-medium-font-size translation-block\"><strong>Les femmes<\/strong> portent le fardeau le plus lourd du VIH : plus d\u2019infections et plus de d\u00e9c\u00e8s que les hommes sur la p\u00e9riode 2010-2024.<\/li>\n\n\n\n<li class=\"has-medium-font-size translation-block\"><strong>La population cl\u00e9<\/strong> repr\u00e9sente la moiti\u00e9 (49\u202f%) de toutes les nouvelles infections en 2024, survenues au sein de la population cl\u00e9 et de leurs partenaires\u202f; ce taux est en hausse par rapport \u00e0 44\u202f% en 2010.<\/li>\n\n\n\n<li class=\"has-medium-font-size translation-block\"><strong>Baisse des nouvelles infections de 56\u202f%<\/strong> par rapport \u00e0 2010. De m\u00eame, baisse annuelle des d\u00e9c\u00e8s li\u00e9s au VIH par rapport \u00e0 2010. <strong>Forte diminution des infections infantiles \u00e0 travers l\u2019Afrique<\/strong> par rapport au niveau de 2010.<\/li>\n<\/ul>\n\n\n\n<p>                                                                                                        <strong>***********<\/strong><\/p>\n\n\n\n<ul class=\"wp-block-list\">\n<li class=\"has-medium-font-size translation-block\">La PrEP \u00e0 longue action transforme la pr\u00e9vention en Afrique : <strong>injection bimensuelle de Cabot\u00e9gravir, injection semestrielle de L\u00e9nacapavir<\/strong>, et <strong>anneau vaginal de Dapivirine mensuel<\/strong>. Cependant, des d\u00e9fis persistent en mati\u00e8re d\u2019in\u00e9galit\u00e9s sociales, de limites des syst\u00e8mes de sant\u00e9 et de n\u00e9cessit\u00e9 d\u2019approches centr\u00e9es sur la personne.<\/li>\n<\/ul>\n\n\n\n<p class=\"has-text-align-center\"><strong>*******<\/strong><\/p>\n<\/blockquote>\n\n\n\n<h3 class=\"wp-block-heading\"><strong>Conclusion<\/strong><\/h3>\n\n\n\n<p>Faisant \u00e9cho \u00e0 l\u2019un des rapports : \u00ab mettre fin \u00e0 la transmission du VIH n\u00e9cessite plus que des m\u00e9dicaments ; cela exige du leadership, l\u2019autonomisation des communaut\u00e9s, l\u2019\u00e9quit\u00e9 et un investissement soutenu dans la pr\u00e9vention \u00bb.<\/p>\n\n\n\n<div class=\"wp-block-media-text is-stacked-on-mobile\"><figure class=\"wp-block-media-text__media\"><img loading=\"lazy\" decoding=\"async\" width=\"667\" height=\"500\" src=\"https:\/\/ajan.africa\/wp-content\/uploads\/2026\/02\/Picture9.jpg\" alt=\"\" class=\"wp-image-19279 size-full\" srcset=\"https:\/\/ajan.africa\/wp-content\/uploads\/2026\/02\/Picture9.jpg 667w, https:\/\/ajan.africa\/wp-content\/uploads\/2026\/02\/Picture9-300x225.jpg 300w, https:\/\/ajan.africa\/wp-content\/uploads\/2026\/02\/Picture9-16x12.jpg 16w\" sizes=\"(max-width: 667px) 100vw, 667px\" \/><\/figure><div class=\"wp-block-media-text__content\">\n<p>\u00c0 cet \u00e9gard, la 23\u1d49 ICASA a catalys\u00e9 un engagement renouvel\u00e9, l\u2019innovation strat\u00e9gique et la collaboration intersectorielle pour une r\u00e9ponse efficace au VIH, \u00e0 la TB et au paludisme. L\u2019int\u00e9gration de la m\u00e9decine traditionnelle, l\u2019avancement des sciences cliniques, la prise en compte des barri\u00e8res sociales et le renforcement du leadership et du financement sont essentiels pour atteindre le contr\u00f4le des \u00e9pid\u00e9mies et l\u2019\u00e9quit\u00e9 en sant\u00e9 en Afrique. Les recommandations pr\u00e9sent\u00e9es, entre autres, fournissent une feuille de route aux gouvernements, aux communaut\u00e9s et aux partenaires pour construire des syst\u00e8mes de sant\u00e9 r\u00e9silients et durables et mettre fin \u00e0 la transmission du VIH sur le continent.<\/p>\n<\/div><\/div>\n\n\n\n<p class=\"translation-block\">En fin de compte, des solutions durables aux d\u00e9fis sanitaires de l\u2019Afrique n\u00e9cessitent des efforts unis dans le leadership, la mobilisation des ressources et l\u2019autonomisation des communaut\u00e9s. Comme l\u2019a dit Osagyefo Dr. Kwame Nkrumah : \u00ab <em>Divis\u00e9s, nous sommes faibles ; une Afrique unie pourrait devenir l\u2019une des plus grandes forces pour le bien dans le monde.<\/em> \u00bb<\/p>\n\n\n\n<p>ICASA est toujours r\u00e9v\u00e9latrice. On n\u2019en sort jamais pareil. J\u2019ai quitt\u00e9 cette conf\u00e9rence motiv\u00e9 et mieux \u00e9quip\u00e9 pour continuer \u00e0 lutter contre les pand\u00e9mies, les d\u00e9c\u00e8s \u00e9vitables et \u00e0 d\u00e9fendre des communaut\u00e9s et des individus en bonne sant\u00e9 pour le bien-\u00eatre de tous. Oui, je crois que, en tant qu\u2019\u00eatres humains, nous faisons partie des probl\u00e8mes de notre continent, et que nous sommes ceux qui devons apporter des solutions, ce qui est possible.<\/p>\n\n\n\n<p class=\"has-text-align-right translation-block\"><em>Par,<\/em> <strong>Fr. Matambura Ismael, SJ<\/strong>.<\/p>\n\n\n\n<p class=\"has-text-align-right\">Directeur de l'AJAN.<\/p>","protected":false},"excerpt":{"rendered":"<p>ICASA, a Moment of redesigning tools and Strategies in response to AIDS, TB and Malaria for a Healthier Continent. Introduction: Conference overview. The 23rd International Conference on AIDS and STIs in Africa (ICASA), organised biennially by the Society for AIDS in Africa (SAA), took place from 3 to 8 December<\/p>\n<p><a class=\"sd-more sd-all-trans\" href=\"https:\/\/ajan.africa\/fr\/ajan-at-23rd-icasa-accra-2025\/#more-19271\">Lire la suite<\/a><\/p>","protected":false},"author":5,"featured_media":19272,"comment_status":"closed","ping_status":"open","sticky":false,"template":"","format":"standard","meta":{"om_disable_all_campaigns":false,"_monsterinsights_skip_tracking":false,"_monsterinsights_sitenote_active":false,"_monsterinsights_sitenote_note":"","_monsterinsights_sitenote_category":0,"footnotes":""},"categories":[98,111,132],"tags":[],"class_list":["post-19271","post","type-post","status-publish","format-standard","has-post-thumbnail","hentry","category-ajan-news-articles","category-global-health-corner","category-hiv-aids-updates"],"aioseo_notices":[],"_links":{"self":[{"href":"https:\/\/ajan.africa\/fr\/wp-json\/wp\/v2\/posts\/19271","targetHints":{"allow":["GET"]}}],"collection":[{"href":"https:\/\/ajan.africa\/fr\/wp-json\/wp\/v2\/posts"}],"about":[{"href":"https:\/\/ajan.africa\/fr\/wp-json\/wp\/v2\/types\/post"}],"author":[{"embeddable":true,"href":"https:\/\/ajan.africa\/fr\/wp-json\/wp\/v2\/users\/5"}],"replies":[{"embeddable":true,"href":"https:\/\/ajan.africa\/fr\/wp-json\/wp\/v2\/comments?post=19271"}],"version-history":[{"count":5,"href":"https:\/\/ajan.africa\/fr\/wp-json\/wp\/v2\/posts\/19271\/revisions"}],"predecessor-version":[{"id":19286,"href":"https:\/\/ajan.africa\/fr\/wp-json\/wp\/v2\/posts\/19271\/revisions\/19286"}],"wp:featuredmedia":[{"embeddable":true,"href":"https:\/\/ajan.africa\/fr\/wp-json\/wp\/v2\/media\/19272"}],"wp:attachment":[{"href":"https:\/\/ajan.africa\/fr\/wp-json\/wp\/v2\/media?parent=19271"}],"wp:term":[{"taxonomy":"category","embeddable":true,"href":"https:\/\/ajan.africa\/fr\/wp-json\/wp\/v2\/categories?post=19271"},{"taxonomy":"post_tag","embeddable":true,"href":"https:\/\/ajan.africa\/fr\/wp-json\/wp\/v2\/tags?post=19271"}],"curies":[{"name":"wp","href":"https:\/\/api.w.org\/{rel}","templated":true}]}}