{"id":19526,"date":"2026-03-27T11:17:54","date_gmt":"2026-03-27T11:17:54","guid":{"rendered":"https:\/\/ajan.africa\/?p=19526"},"modified":"2026-03-30T10:19:36","modified_gmt":"2026-03-30T10:19:36","slug":"victoria-macfoy-dispensing-healing-more-than-physical-health","status":"publish","type":"post","link":"https:\/\/ajan.africa\/fr\/victoria-macfoy-dispensing-healing-more-than-physical-health\/","title":{"rendered":"Victoria Macfoy ; Dispenser la gu\u00e9rison au-del\u00e0 de la sant\u00e9 physique"},"content":{"rendered":"<p class=\"translation-block\">Victoria Macfoy, pharmacienne dipl\u00f4m\u00e9e, a failli devoir fermer sa pharmacie de r\u00eave en raison de difficult\u00e9s financi\u00e8res et d'un manque d'entretien. Il lui \u00e9tait difficile de voir sa communaut\u00e9 souffrir, car les agents de sant\u00e9 et les dispensaires locaux \u00e9taient d\u00e9bord\u00e9s et manquaient de ressources. Apr\u00e8s une session de formation organis\u00e9e par AJAN \u00e0 la paroisse Saint-Jean-Paul II en Sierra Leone, Victoria a d\u00e9couvert le mod\u00e8le d'entreprise sociale d'AJAN, qui allie une mission inspir\u00e9e par la foi \u00e0 une activit\u00e9 commerciale durable. Le soutien apport\u00e9 \u00e0 Victoria a d\u00e9pass\u00e9 le cadre de ses comp\u00e9tences acad\u00e9miques\u00a0; il est devenu un moyen d'autonomiser sa communaut\u00e9 et de promouvoir la sant\u00e9, inspir\u00e9 par son propre v\u00e9cu et sa foi.<\/p>\n\n\n\n<figure class=\"wp-block-image size-full\"><img fetchpriority=\"high\" decoding=\"async\" width=\"624\" height=\"289\" src=\"https:\/\/ajan.africa\/wp-content\/uploads\/2026\/03\/Picture6.jpg\" alt=\"\" class=\"wp-image-19530\" srcset=\"https:\/\/ajan.africa\/wp-content\/uploads\/2026\/03\/Picture6.jpg 624w, https:\/\/ajan.africa\/wp-content\/uploads\/2026\/03\/Picture6-300x139.jpg 300w, https:\/\/ajan.africa\/wp-content\/uploads\/2026\/03\/Picture6-18x8.jpg 18w\" sizes=\"(max-width: 624px) 100vw, 624px\" \/><\/figure>\n\n\n\n<p>L\u2019approche de l\u2019AJAN en mati\u00e8re de parrainage des jeunes dans le secteur de la sant\u00e9 est d\u00e9lib\u00e9r\u00e9ment holistique. Elle ne se limite pas \u00e0 autonomiser, d\u00e9fendre et former les professionnels de la sant\u00e9 et autres travaillant avec des communaut\u00e9s vuln\u00e9rables ; le r\u00e9seau accompagne les jeunes \u00e0 travers ce qu\u2019il appelle \u00ab l\u2019arc complet de formation \u00bb : spirituel, professionnel et entrepreneurial. Pour Victoria, cela signifiait soutenir sa formation initiale, suivie d\u2019un mentorat d\u2019affaires structur\u00e9, d\u2019un accompagnement juridique pour enregistrer une entit\u00e9 commerciale, et d\u2019un capital de d\u00e9marrage fourni sous forme de subvention remboursable, con\u00e7u non pas comme un geste de charit\u00e9, mais comme le d\u00e9but d\u2019une relation de responsabilit\u00e9 mutuelle.<\/p>\n\n\n\n<p>\u00c0 la pharmacie Victoria, une partie des b\u00e9n\u00e9fices hebdomadaires est mise de c\u00f4t\u00e9 pour fournir des m\u00e9dicaments personnalis\u00e9s aux clients de la zone rurale de Kossoh Town, \u00e0 Freetown. La boutique sert \u00e9galement de service discret de conseil et de d\u00e9pistage.<\/p>\n\n\n\n<div class=\"wp-block-group is-nowrap is-layout-flex wp-container-core-group-is-layout-ad2f72ca wp-block-group-is-layout-flex\">\n<figure class=\"wp-block-image size-full\"><img decoding=\"async\" width=\"348\" height=\"213\" src=\"https:\/\/ajan.africa\/wp-content\/uploads\/2026\/03\/Picture10.jpg\" alt=\"\" class=\"wp-image-19528\" srcset=\"https:\/\/ajan.africa\/wp-content\/uploads\/2026\/03\/Picture10.jpg 348w, https:\/\/ajan.africa\/wp-content\/uploads\/2026\/03\/Picture10-300x184.jpg 300w, https:\/\/ajan.africa\/wp-content\/uploads\/2026\/03\/Picture10-18x12.jpg 18w\" sizes=\"(max-width: 348px) 100vw, 348px\" \/><\/figure>\n\n\n\n<figure class=\"wp-block-image size-full\"><img decoding=\"async\" width=\"328\" height=\"330\" src=\"https:\/\/ajan.africa\/wp-content\/uploads\/2026\/03\/Picture11-1.jpg\" alt=\"\" class=\"wp-image-19529\" srcset=\"https:\/\/ajan.africa\/wp-content\/uploads\/2026\/03\/Picture11-1.jpg 328w, https:\/\/ajan.africa\/wp-content\/uploads\/2026\/03\/Picture11-1-298x300.jpg 298w, https:\/\/ajan.africa\/wp-content\/uploads\/2026\/03\/Picture11-1-150x150.jpg 150w, https:\/\/ajan.africa\/wp-content\/uploads\/2026\/03\/Picture11-1-12x12.jpg 12w, https:\/\/ajan.africa\/wp-content\/uploads\/2026\/03\/Picture11-1-189x189.jpg 189w, https:\/\/ajan.africa\/wp-content\/uploads\/2026\/03\/Picture11-1-85x85.jpg 85w\" sizes=\"(max-width: 328px) 100vw, 328px\" \/><\/figure>\n<\/div>\n\n\n\n<p class=\"translation-block\">Cette entreprise contribue \u00e9galement \u00e0 la mission d'AJAN, qui pr\u00f4ne une prise en charge holistique. Ce qui distingue le mod\u00e8le d'AJAN du soutien traditionnel des ONG, c'est son exigence de viabilit\u00e9 \u00e9conomique pour assurer la p\u00e9rennit\u00e9 sociale de l'entreprise sociale. L'entreprise de Victoria Macfoy n'est pas subventionn\u00e9e ind\u00e9finiment\u00a0; elle est appel\u00e9e \u00e0 se d\u00e9velopper, \u00e0 rembourser sa subvention et, \u00e0 terme, \u00e0 devenir un maillon d'un r\u00e9seau de sant\u00e9 communautaire plus vaste. En cela, AJAN s'inspire de la tradition intellectuelle j\u00e9suite de la <em>cura personalis<\/em>, le soin de la personne dans sa globalit\u00e9, \u00e9tendue \u00e0 la sph\u00e8re \u00e9conomique. Par ailleurs, l'initiative de parrainage pharmaceutique d'AJAN s'inscrit dans une strat\u00e9gie continentale qui reconna\u00eet l'acc\u00e8s aux soins comme un droit fondamental et un vecteur d'\u00e9vang\u00e9lisation.<\/p>\n\n\n\n<p>Pour Victoria, le parcours est encore en cours, et les r\u00e9sultats sont tangibles. En quelques mois seulement de fonctionnement, cette pharmacie dessert des clients, fournit des m\u00e9dicaments de qualit\u00e9 aux patients, a employ\u00e9 un jeune suppl\u00e9mentaire et a rembours\u00e9 une partie de son capital de d\u00e9part avant l\u2019\u00e9ch\u00e9ance. Elle suit le mod\u00e8le de l\u2019AJAN et a commenc\u00e9 \u00e0 encadrer deux autres jeunes parrain\u00e9s par l\u2019AJAN qui ach\u00e8veront leur formation en pharmacie.<\/p>","protected":false},"excerpt":{"rendered":"<p>Victoria Macfoy, who has a pharmacy degree, almost had to close her dream pharmacy because of financial struggles and poor upkeep. It was hard for her to see her community suffer, as local health workers and clinics were stretched thin and lacked resources. After AJAN held a training session at<\/p>\n<p><a class=\"sd-more sd-all-trans\" href=\"https:\/\/ajan.africa\/fr\/victoria-macfoy-dispensing-healing-more-than-physical-health\/#more-19526\">Lire la suite<\/a><\/p>","protected":false},"author":5,"featured_media":19530,"comment_status":"closed","ping_status":"open","sticky":false,"template":"","format":"standard","meta":{"om_disable_all_campaigns":false,"_monsterinsights_skip_tracking":false,"_monsterinsights_sitenote_active":false,"_monsterinsights_sitenote_note":"","_monsterinsights_sitenote_category":0,"footnotes":""},"categories":[98,139],"tags":[],"class_list":["post-19526","post","type-post","status-publish","format-standard","has-post-thumbnail","hentry","category-ajan-news-articles","category-jysea-innovation-hubs"],"aioseo_notices":[],"_links":{"self":[{"href":"https:\/\/ajan.africa\/fr\/wp-json\/wp\/v2\/posts\/19526","targetHints":{"allow":["GET"]}}],"collection":[{"href":"https:\/\/ajan.africa\/fr\/wp-json\/wp\/v2\/posts"}],"about":[{"href":"https:\/\/ajan.africa\/fr\/wp-json\/wp\/v2\/types\/post"}],"author":[{"embeddable":true,"href":"https:\/\/ajan.africa\/fr\/wp-json\/wp\/v2\/users\/5"}],"replies":[{"embeddable":true,"href":"https:\/\/ajan.africa\/fr\/wp-json\/wp\/v2\/comments?post=19526"}],"version-history":[{"count":3,"href":"https:\/\/ajan.africa\/fr\/wp-json\/wp\/v2\/posts\/19526\/revisions"}],"predecessor-version":[{"id":19593,"href":"https:\/\/ajan.africa\/fr\/wp-json\/wp\/v2\/posts\/19526\/revisions\/19593"}],"wp:featuredmedia":[{"embeddable":true,"href":"https:\/\/ajan.africa\/fr\/wp-json\/wp\/v2\/media\/19530"}],"wp:attachment":[{"href":"https:\/\/ajan.africa\/fr\/wp-json\/wp\/v2\/media?parent=19526"}],"wp:term":[{"taxonomy":"category","embeddable":true,"href":"https:\/\/ajan.africa\/fr\/wp-json\/wp\/v2\/categories?post=19526"},{"taxonomy":"post_tag","embeddable":true,"href":"https:\/\/ajan.africa\/fr\/wp-json\/wp\/v2\/tags?post=19526"}],"curies":[{"name":"wp","href":"https:\/\/api.w.org\/{rel}","templated":true}]}}