{"id":19532,"date":"2026-03-27T11:15:10","date_gmt":"2026-03-27T11:15:10","guid":{"rendered":"https:\/\/ajan.africa\/?p=19532"},"modified":"2026-03-27T14:25:12","modified_gmt":"2026-03-27T14:25:12","slug":"mohamed-kamara-peter-the-face-behind-crest-tech-innovation","status":"publish","type":"post","link":"https:\/\/ajan.africa\/fr\/mohamed-kamara-peter-the-face-behind-crest-tech-innovation\/","title":{"rendered":"Mohamed Kamara Peter, le visage derri\u00e8re Crest Tech Innovation"},"content":{"rendered":"<h2 class=\"wp-block-heading has-text-align-center\"><strong>La technologie innovante comme salle de classe pour la g\u00e9n\u00e9ration num\u00e9rique<\/strong><\/h2>\n\n\n\n<p class=\"translation-block\">Mohamed Kamara Peter est en train de transformer une communaut\u00e9 o\u00f9 l\u2019\u00e9lectricit\u00e9 peu fiable continue de freiner les entreprises, de limiter l\u2019acc\u00e8s \u00e0 des services de qualit\u00e9 et de menacer la durabilit\u00e9 \u00e0 long terme. En tant que paroissien de la paroisse Saint Jean-Paul II \u00e0 Freetown, Sierra Leone, il dirige <strong>Crest Tech Innovation<\/strong> dans l\u2019une des zones les plus sujettes aux inondations et \u00e9conomiquement vuln\u00e9rables de la ville. Gr\u00e2ce \u00e0 la formation <strong>Jesuit Youth Social Entrepreneurship Action (JYSEA)<\/strong> de l\u2019AJAN, il a re\u00e7u \u00e0 la fois une formation et un soutien financier cibl\u00e9 pour renforcer son hub technologique et \u00e9tendre son impact.<\/p>\n\n\n\n<div class=\"wp-block-group is-nowrap is-layout-flex wp-container-core-group-is-layout-ad2f72ca wp-block-group-is-layout-flex\">\n<figure class=\"wp-block-image size-full\"><img fetchpriority=\"high\" decoding=\"async\" width=\"443\" height=\"590\" src=\"https:\/\/ajan.africa\/wp-content\/uploads\/2026\/03\/615439050_122265444716036212_1945303699089508283_n.jpg\" alt=\"\" class=\"wp-image-19534\" srcset=\"https:\/\/ajan.africa\/wp-content\/uploads\/2026\/03\/615439050_122265444716036212_1945303699089508283_n.jpg 443w, https:\/\/ajan.africa\/wp-content\/uploads\/2026\/03\/615439050_122265444716036212_1945303699089508283_n-225x300.jpg 225w, https:\/\/ajan.africa\/wp-content\/uploads\/2026\/03\/615439050_122265444716036212_1945303699089508283_n-9x12.jpg 9w\" sizes=\"(max-width: 443px) 100vw, 443px\" \/><\/figure>\n\n\n\n<figure class=\"wp-block-image size-full\"><img decoding=\"async\" width=\"590\" height=\"443\" src=\"https:\/\/ajan.africa\/wp-content\/uploads\/2026\/03\/616427124_122265444812036212_5445867567129692834_n.jpg\" alt=\"\" class=\"wp-image-19538\" srcset=\"https:\/\/ajan.africa\/wp-content\/uploads\/2026\/03\/616427124_122265444812036212_5445867567129692834_n.jpg 590w, https:\/\/ajan.africa\/wp-content\/uploads\/2026\/03\/616427124_122265444812036212_5445867567129692834_n-300x225.jpg 300w, https:\/\/ajan.africa\/wp-content\/uploads\/2026\/03\/616427124_122265444812036212_5445867567129692834_n-16x12.jpg 16w\" sizes=\"(max-width: 590px) 100vw, 590px\" \/><\/figure>\n<\/div>\n\n\n\n<p class=\"translation-block\">Reconnaissant l\u2019engagement de Mohamed \u00e0 servir sa communaut\u00e9 apr\u00e8s ses \u00e9tudes sup\u00e9rieures, l\u2019AJAN a accompagn\u00e9 sa vision depuis le concept jusqu\u2019\u00e0 sa mise en \u0153uvre. Gr\u00e2ce au mentorat, \u00e0 l\u2019\u00e9laboration d\u2019un plan d\u2019affaires et au financement de d\u00e9marrage, l\u2019AJAN a contribu\u00e9 \u00e0 transformer Crest Tech Innovation en une entreprise sociale structur\u00e9e et impactante. Malgr\u00e9 des d\u00e9fis initiaux \u2014 marqu\u00e9s par une \u00e9lectricit\u00e9 instable et un \u00e9quipement informatique limit\u00e9 \u2014 le hub a depuis connu une transformation significative. Aujourd\u2019hui, il fonctionne avec un syst\u00e8me solaire fiable, \u00e9quip\u00e9 de postes et ordinateurs portables modernis\u00e9s, permettant un apprentissage flexible et efficace pour plus de <strong>70 b\u00e9n\u00e9ficiaires directs et indirects<\/strong>.<\/p>\n\n\n\n<figure class=\"wp-block-image size-large\"><img decoding=\"async\" width=\"1024\" height=\"466\" src=\"https:\/\/ajan.africa\/wp-content\/uploads\/2026\/03\/579034213_122257301402036212_6057393814676229267_n-1024x466.jpg\" alt=\"\" class=\"wp-image-19539\" srcset=\"https:\/\/ajan.africa\/wp-content\/uploads\/2026\/03\/579034213_122257301402036212_6057393814676229267_n-1024x466.jpg 1024w, https:\/\/ajan.africa\/wp-content\/uploads\/2026\/03\/579034213_122257301402036212_6057393814676229267_n-300x137.jpg 300w, https:\/\/ajan.africa\/wp-content\/uploads\/2026\/03\/579034213_122257301402036212_6057393814676229267_n-768x350.jpg 768w, https:\/\/ajan.africa\/wp-content\/uploads\/2026\/03\/579034213_122257301402036212_6057393814676229267_n-18x8.jpg 18w, https:\/\/ajan.africa\/wp-content\/uploads\/2026\/03\/579034213_122257301402036212_6057393814676229267_n.jpg 1080w\" sizes=\"(max-width: 1024px) 100vw, 1024px\" \/><\/figure>\n\n\n\n<p>Le hub propose d\u00e9sormais un programme de formation dynamique et inclusif, adapt\u00e9 aux r\u00e9alit\u00e9s de l\u2019\u00e9conomie num\u00e9rique actuelle. De l\u2019alphab\u00e9tisation num\u00e9rique de base aux comp\u00e9tences num\u00e9riques professionnelles, en passant par l\u2019initiation au d\u00e9veloppement web et \u00e0 la programmation en intelligence artificielle, chaque parcours d\u2019apprentissage est con\u00e7u pour renforcer les comp\u00e9tences et la confiance des participants. Ancr\u00e9 dans la tradition ignatienne, le mod\u00e8le de formation met l\u2019accent sur l\u2019accompagnement : les apprenants progressent gr\u00e2ce au mentorat entre pairs et \u00e0 l\u2019encadrement de facilitateurs form\u00e9s, favorisant \u00e0 la fois le d\u00e9veloppement technique et personnel.<\/p>\n\n\n\n<div class=\"wp-block-group is-nowrap is-layout-flex wp-container-core-group-is-layout-ad2f72ca wp-block-group-is-layout-flex\">\n<figure class=\"wp-block-image size-full\"><img loading=\"lazy\" decoding=\"async\" width=\"369\" height=\"315\" src=\"https:\/\/ajan.africa\/wp-content\/uploads\/2026\/03\/Picture18.jpg\" alt=\"\" class=\"wp-image-19535\" srcset=\"https:\/\/ajan.africa\/wp-content\/uploads\/2026\/03\/Picture18.jpg 369w, https:\/\/ajan.africa\/wp-content\/uploads\/2026\/03\/Picture18-300x256.jpg 300w, https:\/\/ajan.africa\/wp-content\/uploads\/2026\/03\/Picture18-14x12.jpg 14w\" sizes=\"(max-width: 369px) 100vw, 369px\" \/><\/figure>\n\n\n\n<figure class=\"wp-block-image size-full\"><img loading=\"lazy\" decoding=\"async\" width=\"389\" height=\"316\" src=\"https:\/\/ajan.africa\/wp-content\/uploads\/2026\/03\/Picture17.jpg\" alt=\"\" class=\"wp-image-19537\" srcset=\"https:\/\/ajan.africa\/wp-content\/uploads\/2026\/03\/Picture17.jpg 389w, https:\/\/ajan.africa\/wp-content\/uploads\/2026\/03\/Picture17-300x244.jpg 300w, https:\/\/ajan.africa\/wp-content\/uploads\/2026\/03\/Picture17-15x12.jpg 15w\" sizes=\"(max-width: 389px) 100vw, 389px\" \/><\/figure>\n<\/div>\n\n\n\n<div class=\"wp-block-group is-nowrap is-layout-flex wp-container-core-group-is-layout-ad2f72ca wp-block-group-is-layout-flex\">\n<figure class=\"wp-block-image size-full\"><img loading=\"lazy\" decoding=\"async\" width=\"338\" height=\"328\" src=\"https:\/\/ajan.africa\/wp-content\/uploads\/2026\/03\/Picture15.jpg\" alt=\"\" class=\"wp-image-19541\" srcset=\"https:\/\/ajan.africa\/wp-content\/uploads\/2026\/03\/Picture15.jpg 338w, https:\/\/ajan.africa\/wp-content\/uploads\/2026\/03\/Picture15-300x291.jpg 300w, https:\/\/ajan.africa\/wp-content\/uploads\/2026\/03\/Picture15-12x12.jpg 12w\" sizes=\"(max-width: 338px) 100vw, 338px\" \/><\/figure>\n\n\n\n<figure class=\"wp-block-image size-full\"><img loading=\"lazy\" decoding=\"async\" width=\"360\" height=\"329\" src=\"https:\/\/ajan.africa\/wp-content\/uploads\/2026\/03\/Picture16.jpg\" alt=\"\" class=\"wp-image-19542\" srcset=\"https:\/\/ajan.africa\/wp-content\/uploads\/2026\/03\/Picture16.jpg 360w, https:\/\/ajan.africa\/wp-content\/uploads\/2026\/03\/Picture16-300x274.jpg 300w, https:\/\/ajan.africa\/wp-content\/uploads\/2026\/03\/Picture16-13x12.jpg 13w, https:\/\/ajan.africa\/wp-content\/uploads\/2026\/03\/Picture16-75x70.jpg 75w\" sizes=\"(max-width: 360px) 100vw, 360px\" \/><\/figure>\n<\/div>\n\n\n\n<p>Le soutien de l\u2019AJAN \u00e0 Crest Tech Innovation refl\u00e8te son engagement plus large \u00e0 relever les d\u00e9fis interconnect\u00e9s de la pauvret\u00e9, de l\u2019exclusion et de l\u2019acc\u00e8s limit\u00e9 au num\u00e9rique. En promouvant l\u2019alphab\u00e9tisation num\u00e9rique comme voie vers de nouvelles opportunit\u00e9s, l\u2019AJAN veille \u00e0 ce que les jeunes ne soient pas laiss\u00e9s pour compte dans un monde de plus en plus num\u00e9rique. Le hub sert \u00e9galement de point d\u2019entr\u00e9e strat\u00e9gique pour un engagement plus large, reliant les b\u00e9n\u00e9ficiaires \u00e0 des initiatives de communication en sant\u00e9, \u00e0 des programmes de promotion de la jeunesse et \u00e0 des opportunit\u00e9s g\u00e9n\u00e9ratrices de revenus. Les dipl\u00f4m\u00e9s ont contribu\u00e9 en tant que cr\u00e9ateurs de contenu num\u00e9rique et travailleurs ind\u00e9pendants, d\u00e9montrant l\u2019impact concret de cet investissement.<\/p>\n\n\n\n<p>Gr\u00e2ce \u00e0 des initiatives comme Crest Tech Innovation, l\u2019AJAN continue de promouvoir une vision de l\u2019entrepreneuriat social \u00e0 la fois pratique et transformative. Il s\u2019agit d\u2019une r\u00e9ponse qui allie innovation et compassion, permettant \u00e0 des jeunes comme Mohamed de devenir des acteurs de changement au sein de leurs communaut\u00e9s.<\/p>\n\n\n\n<figure class=\"wp-block-image size-full is-resized\"><img loading=\"lazy\" decoding=\"async\" width=\"500\" height=\"235\" src=\"https:\/\/ajan.africa\/wp-content\/uploads\/2026\/03\/Picture14.jpg\" alt=\"\" class=\"wp-image-19540\" style=\"width:832px;height:auto\" srcset=\"https:\/\/ajan.africa\/wp-content\/uploads\/2026\/03\/Picture14.jpg 500w, https:\/\/ajan.africa\/wp-content\/uploads\/2026\/03\/Picture14-300x141.jpg 300w, https:\/\/ajan.africa\/wp-content\/uploads\/2026\/03\/Picture14-18x8.jpg 18w\" sizes=\"(max-width: 500px) 100vw, 500px\" \/><\/figure>\n\n\n\n<p>Alors que Mohamed \u00e9teint le dernier poste de travail \u00e0 la fin de la journ\u00e9e, dehors, Freetown bourdonne du bruit d\u2019une ville en perp\u00e9tuel mouvement, \u00e0 l\u2019int\u00e9rieur de Crest Tech Innovation, quelque chose de plus calme et durable se construit, une touche \u00e0 la fois. Son travail refl\u00e8te bien plus que le progr\u00e8s technologique : il t\u00e9moigne de la r\u00e9silience, du sens et de la transformation discr\u00e8te mais constante des vies, une opportunit\u00e9 \u00e0 la fois.<\/p>","protected":false},"excerpt":{"rendered":"<p>Innovative Technology as a Classroom for the Digital Generation Mohamed Kamara Peter is driving change in a community where unreliable electricity continues to hinder businesses, limit access to quality services, and threaten long-term sustainability. As a parishioner of St. John Paul II Parish in Freetown, Sierra Leone, he leads Crest<\/p>\n<p><a class=\"sd-more sd-all-trans\" href=\"https:\/\/ajan.africa\/fr\/mohamed-kamara-peter-the-face-behind-crest-tech-innovation\/#more-19532\">Lire la suite<\/a><\/p>","protected":false},"author":5,"featured_media":19536,"comment_status":"closed","ping_status":"open","sticky":false,"template":"","format":"standard","meta":{"om_disable_all_campaigns":false,"_monsterinsights_skip_tracking":false,"_monsterinsights_sitenote_active":false,"_monsterinsights_sitenote_note":"","_monsterinsights_sitenote_category":0,"footnotes":""},"categories":[98,139],"tags":[],"class_list":["post-19532","post","type-post","status-publish","format-standard","has-post-thumbnail","hentry","category-ajan-news-articles","category-jysea-innovation-hubs"],"aioseo_notices":[],"_links":{"self":[{"href":"https:\/\/ajan.africa\/fr\/wp-json\/wp\/v2\/posts\/19532","targetHints":{"allow":["GET"]}}],"collection":[{"href":"https:\/\/ajan.africa\/fr\/wp-json\/wp\/v2\/posts"}],"about":[{"href":"https:\/\/ajan.africa\/fr\/wp-json\/wp\/v2\/types\/post"}],"author":[{"embeddable":true,"href":"https:\/\/ajan.africa\/fr\/wp-json\/wp\/v2\/users\/5"}],"replies":[{"embeddable":true,"href":"https:\/\/ajan.africa\/fr\/wp-json\/wp\/v2\/comments?post=19532"}],"version-history":[{"count":2,"href":"https:\/\/ajan.africa\/fr\/wp-json\/wp\/v2\/posts\/19532\/revisions"}],"predecessor-version":[{"id":19571,"href":"https:\/\/ajan.africa\/fr\/wp-json\/wp\/v2\/posts\/19532\/revisions\/19571"}],"wp:featuredmedia":[{"embeddable":true,"href":"https:\/\/ajan.africa\/fr\/wp-json\/wp\/v2\/media\/19536"}],"wp:attachment":[{"href":"https:\/\/ajan.africa\/fr\/wp-json\/wp\/v2\/media?parent=19532"}],"wp:term":[{"taxonomy":"category","embeddable":true,"href":"https:\/\/ajan.africa\/fr\/wp-json\/wp\/v2\/categories?post=19532"},{"taxonomy":"post_tag","embeddable":true,"href":"https:\/\/ajan.africa\/fr\/wp-json\/wp\/v2\/tags?post=19532"}],"curies":[{"name":"wp","href":"https:\/\/api.w.org\/{rel}","templated":true}]}}