{"id":19557,"date":"2026-03-27T09:40:46","date_gmt":"2026-03-27T09:40:46","guid":{"rendered":"https:\/\/ajan.africa\/?p=19557"},"modified":"2026-03-27T11:06:58","modified_gmt":"2026-03-27T11:06:58","slug":"st-joseph-technical-students-participate-in-ycs-rally-at-loreto-limuru-kenya","status":"publish","type":"post","link":"https:\/\/ajan.africa\/fr\/st-joseph-technical-students-participate-in-ycs-rally-at-loreto-limuru-kenya\/","title":{"rendered":"Les \u00e9tudiants techniques de St. Joseph participent au rassemblement de la YCS \u00e0 Loreto Limuru, Kenya."},"content":{"rendered":"<p>Le samedi 14 mars 2026, des \u00e9tudiants de St. Joseph Technical Senior School, dans le cadre des St. Joseph Development Programmes (SJDP), l\u2019un des centres de AJAN \u00e0 Kangemi, Nairobi, Kenya, se sont joints \u00e0 des \u00e9l\u00e8ves venus de toute l\u2019Archidioc\u00e8se de Nairobi pour le rassemblement des Young Christian Students (YCS) organis\u00e9 \u00e0 Loreto Limuru High School. L\u2019\u00e9v\u00e9nement a offert une plateforme dynamique permettant aux jeunes de grandir dans la foi, d\u2019\u00e9couter des interventions inspirantes et d\u2019\u00e9changer avec des pairs d\u2019autres \u00e9coles.<\/p>\n\n\n\n<figure class=\"wp-block-image size-large\"><img fetchpriority=\"high\" decoding=\"async\" width=\"1024\" height=\"575\" src=\"https:\/\/ajan.africa\/wp-content\/uploads\/2026\/03\/652741579_17880088887483318_8424233838779792469_n-1024x575.jpg\" alt=\"\" class=\"wp-image-19558\" srcset=\"https:\/\/ajan.africa\/wp-content\/uploads\/2026\/03\/652741579_17880088887483318_8424233838779792469_n-1024x575.jpg 1024w, https:\/\/ajan.africa\/wp-content\/uploads\/2026\/03\/652741579_17880088887483318_8424233838779792469_n-300x168.jpg 300w, https:\/\/ajan.africa\/wp-content\/uploads\/2026\/03\/652741579_17880088887483318_8424233838779792469_n-768x431.jpg 768w, https:\/\/ajan.africa\/wp-content\/uploads\/2026\/03\/652741579_17880088887483318_8424233838779792469_n-18x10.jpg 18w, https:\/\/ajan.africa\/wp-content\/uploads\/2026\/03\/652741579_17880088887483318_8424233838779792469_n-274x155.jpg 274w, https:\/\/ajan.africa\/wp-content\/uploads\/2026\/03\/652741579_17880088887483318_8424233838779792469_n.jpg 1440w\" sizes=\"(max-width: 1024px) 100vw, 1024px\" \/><\/figure>\n\n\n\n<div class=\"wp-block-group is-nowrap is-layout-flex wp-container-core-group-is-layout-ad2f72ca wp-block-group-is-layout-flex\">\n<figure class=\"wp-block-image size-large\"><img decoding=\"async\" width=\"1024\" height=\"575\" src=\"https:\/\/ajan.africa\/wp-content\/uploads\/2026\/03\/652695475_17880088998483318_5789206429364488422_n-1-1024x575.jpg\" alt=\"\" class=\"wp-image-19564\" srcset=\"https:\/\/ajan.africa\/wp-content\/uploads\/2026\/03\/652695475_17880088998483318_5789206429364488422_n-1-1024x575.jpg 1024w, https:\/\/ajan.africa\/wp-content\/uploads\/2026\/03\/652695475_17880088998483318_5789206429364488422_n-1-300x168.jpg 300w, https:\/\/ajan.africa\/wp-content\/uploads\/2026\/03\/652695475_17880088998483318_5789206429364488422_n-1-768x431.jpg 768w, https:\/\/ajan.africa\/wp-content\/uploads\/2026\/03\/652695475_17880088998483318_5789206429364488422_n-1-18x10.jpg 18w, https:\/\/ajan.africa\/wp-content\/uploads\/2026\/03\/652695475_17880088998483318_5789206429364488422_n-1-274x155.jpg 274w, https:\/\/ajan.africa\/wp-content\/uploads\/2026\/03\/652695475_17880088998483318_5789206429364488422_n-1.jpg 1440w\" sizes=\"(max-width: 1024px) 100vw, 1024px\" \/><\/figure>\n\n\n\n<figure class=\"wp-block-image size-large\"><img decoding=\"async\" width=\"1024\" height=\"576\" src=\"https:\/\/ajan.africa\/wp-content\/uploads\/2026\/03\/651459372_17880089010483318_135330328739167242_n-1024x576.jpg\" alt=\"\" class=\"wp-image-19563\" srcset=\"https:\/\/ajan.africa\/wp-content\/uploads\/2026\/03\/651459372_17880089010483318_135330328739167242_n-1024x576.jpg 1024w, https:\/\/ajan.africa\/wp-content\/uploads\/2026\/03\/651459372_17880089010483318_135330328739167242_n-300x169.jpg 300w, https:\/\/ajan.africa\/wp-content\/uploads\/2026\/03\/651459372_17880089010483318_135330328739167242_n-768x432.jpg 768w, https:\/\/ajan.africa\/wp-content\/uploads\/2026\/03\/651459372_17880089010483318_135330328739167242_n-18x10.jpg 18w, https:\/\/ajan.africa\/wp-content\/uploads\/2026\/03\/651459372_17880089010483318_135330328739167242_n-274x155.jpg 274w, https:\/\/ajan.africa\/wp-content\/uploads\/2026\/03\/651459372_17880089010483318_135330328739167242_n.jpg 1440w\" sizes=\"(max-width: 1024px) 100vw, 1024px\" \/><\/figure>\n<\/div>\n\n\n\n<p>Un moment cl\u00e9 de la journ\u00e9e a \u00e9t\u00e9 la session de sensibilisation aux vocations, encourageant les participants \u00e0 r\u00e9fl\u00e9chir aux diff\u00e9rentes vocations de vie. Un intervenant la\u00efc a partag\u00e9 des r\u00e9flexions sur le mariage comme vocation chr\u00e9tienne, tandis que des pr\u00eatres et des hommes et femmes consacr\u00e9s ont parl\u00e9 de la r\u00e9ponse \u00e0 l\u2019appel de Dieu \u00e0 travers la vie religieuse \u2014 comme s\u0153urs, fr\u00e8res et pr\u00eatres dans l\u2019\u00c9glise catholique.<\/p>\n\n\n\n<figure class=\"wp-block-image size-large\"><img loading=\"lazy\" decoding=\"async\" width=\"1024\" height=\"576\" src=\"https:\/\/ajan.africa\/wp-content\/uploads\/2026\/03\/651507082_17880088914483318_4629871796546058939_n-1024x576.jpg\" alt=\"\" class=\"wp-image-19559\" srcset=\"https:\/\/ajan.africa\/wp-content\/uploads\/2026\/03\/651507082_17880088914483318_4629871796546058939_n-1024x576.jpg 1024w, https:\/\/ajan.africa\/wp-content\/uploads\/2026\/03\/651507082_17880088914483318_4629871796546058939_n-300x169.jpg 300w, https:\/\/ajan.africa\/wp-content\/uploads\/2026\/03\/651507082_17880088914483318_4629871796546058939_n-768x432.jpg 768w, https:\/\/ajan.africa\/wp-content\/uploads\/2026\/03\/651507082_17880088914483318_4629871796546058939_n-18x10.jpg 18w, https:\/\/ajan.africa\/wp-content\/uploads\/2026\/03\/651507082_17880088914483318_4629871796546058939_n-274x155.jpg 274w, https:\/\/ajan.africa\/wp-content\/uploads\/2026\/03\/651507082_17880088914483318_4629871796546058939_n.jpg 1440w\" sizes=\"(max-width: 1024px) 100vw, 1024px\" \/><\/figure>\n\n\n\n<p class=\"translation-block\">Les \u00e9tudiants ont \u00e9galement \u00e9t\u00e9 inspir\u00e9s par le Fr. Morris, qui a pr\u00e9sent\u00e9 les <strong>5 F\u2019s of Faithfulness<\/strong> :<\/p>\n\n\n\n<ul class=\"wp-block-list\">\n<li class=\"translation-block\"><strong>Filtrer<\/strong> \u2013 Laisser J\u00e9sus fa\u00e7onner notre fa\u00e7on de voir et de vivre nos vies.<\/li>\n\n\n\n<li class=\"translation-block\"><strong>Focus<\/strong> \u2013 Chercher \u00e0 se d\u00e9couvrir soi-m\u00eame et discerner l\u2019appel de Dieu pour soi.<\/li>\n\n\n\n<li class=\"translation-block\"><strong>Peur<\/strong> \u2013 Avec la foi, la peur perd son pouvoir.<\/li>\n\n\n\n<li class=\"translation-block\"><strong>Aller jusqu\u2019au bout<\/strong> \u2013 Rester engag\u00e9 et fid\u00e8le \u00e0 sa mission.<\/li>\n\n\n\n<li class=\"translation-block\"><strong>Accomplissement<\/strong> \u2013 Le v\u00e9ritable accomplissement se trouve en Christ.<\/li>\n<\/ul>\n\n\n\n<p>La journ\u00e9e s\u2019est conclue par la Sainte Messe, r\u00e9unissant tous les participants dans la pri\u00e8re et l\u2019action de gr\u00e2ce. Les \u00e9tudiants de Saint Joseph Technical sont retourn\u00e9s \u00e0 Kangemi fortifi\u00e9s dans la foi, l\u2019amiti\u00e9 et avec une compr\u00e9hension renouvel\u00e9e de leur vocation et de leur mission.<\/p>\n\n\n\n<div class=\"wp-block-group is-nowrap is-layout-flex wp-container-core-group-is-layout-ad2f72ca wp-block-group-is-layout-flex\">\n<figure class=\"wp-block-image size-large\"><img loading=\"lazy\" decoding=\"async\" width=\"1024\" height=\"576\" src=\"https:\/\/ajan.africa\/wp-content\/uploads\/2026\/03\/651559668_17880088974483318_8424207290673344351_n-1024x576.jpg\" alt=\"\" class=\"wp-image-19560\" srcset=\"https:\/\/ajan.africa\/wp-content\/uploads\/2026\/03\/651559668_17880088974483318_8424207290673344351_n-1024x576.jpg 1024w, https:\/\/ajan.africa\/wp-content\/uploads\/2026\/03\/651559668_17880088974483318_8424207290673344351_n-300x169.jpg 300w, https:\/\/ajan.africa\/wp-content\/uploads\/2026\/03\/651559668_17880088974483318_8424207290673344351_n-768x432.jpg 768w, https:\/\/ajan.africa\/wp-content\/uploads\/2026\/03\/651559668_17880088974483318_8424207290673344351_n-18x10.jpg 18w, https:\/\/ajan.africa\/wp-content\/uploads\/2026\/03\/651559668_17880088974483318_8424207290673344351_n-274x155.jpg 274w, https:\/\/ajan.africa\/wp-content\/uploads\/2026\/03\/651559668_17880088974483318_8424207290673344351_n.jpg 1440w\" sizes=\"(max-width: 1024px) 100vw, 1024px\" \/><\/figure>\n\n\n\n<figure class=\"wp-block-image size-large\"><img loading=\"lazy\" decoding=\"async\" width=\"1024\" height=\"576\" src=\"https:\/\/ajan.africa\/wp-content\/uploads\/2026\/03\/651563061_17880089028483318_7263381703847485323_n-1024x576.jpg\" alt=\"\" class=\"wp-image-19561\" srcset=\"https:\/\/ajan.africa\/wp-content\/uploads\/2026\/03\/651563061_17880089028483318_7263381703847485323_n-1024x576.jpg 1024w, https:\/\/ajan.africa\/wp-content\/uploads\/2026\/03\/651563061_17880089028483318_7263381703847485323_n-300x169.jpg 300w, https:\/\/ajan.africa\/wp-content\/uploads\/2026\/03\/651563061_17880089028483318_7263381703847485323_n-768x432.jpg 768w, https:\/\/ajan.africa\/wp-content\/uploads\/2026\/03\/651563061_17880089028483318_7263381703847485323_n-18x10.jpg 18w, https:\/\/ajan.africa\/wp-content\/uploads\/2026\/03\/651563061_17880089028483318_7263381703847485323_n-274x155.jpg 274w, https:\/\/ajan.africa\/wp-content\/uploads\/2026\/03\/651563061_17880089028483318_7263381703847485323_n.jpg 1440w\" sizes=\"(max-width: 1024px) 100vw, 1024px\" \/><\/figure>\n<\/div>\n\n\n\n<p>En tant que l\u2019un des centres actifs de AJAN, Saint Joseph Technical Senior School continue de jouer un r\u00f4le essentiel dans la promotion de la croissance spirituelle, de la r\u00e9silience et du leadership chez les jeunes. \u00c0 travers des initiatives comme le rassemblement de la YCS, le centre favorise une culture o\u00f9 les \u00e9tudiants sont encourag\u00e9s \u00e0 vivre leur foi, \u00e0 servir leurs communaut\u00e9s et \u00e0 embrasser l\u2019appel \u00e0 la saintet\u00e9 dans leur vie quotidienne.<\/p>\n\n\n\n<p class=\"has-text-align-right translation-block\"><em>Par<\/em>,<strong> Bureau de la Communication<\/strong>,<\/p>\n\n\n\n<p class=\"has-text-align-right\">Programmes de D\u00e9veloppement Saint Joseph.<\/p>","protected":false},"excerpt":{"rendered":"<p>On Saturday, 14 March 2026, students from St. Joseph Technical Senior School, under St. Joseph Development Programmes (SJDP) one of AJAN\u2019s centres in Kangemi, Nairobi, Kenya, joined learners from across the Archdiocese of Nairobi for the Young Christian Students (YCS) Rally held at Loreto Limuru High School. The event offered<\/p>\n<p><a class=\"sd-more sd-all-trans\" href=\"https:\/\/ajan.africa\/fr\/st-joseph-technical-students-participate-in-ycs-rally-at-loreto-limuru-kenya\/#more-19557\">Lire la suite<\/a><\/p>","protected":false},"author":5,"featured_media":19566,"comment_status":"closed","ping_status":"open","sticky":false,"template":"","format":"standard","meta":{"om_disable_all_campaigns":false,"_monsterinsights_skip_tracking":false,"_monsterinsights_sitenote_active":false,"_monsterinsights_sitenote_note":"","_monsterinsights_sitenote_category":0,"footnotes":""},"categories":[98],"tags":[],"class_list":["post-19557","post","type-post","status-publish","format-standard","has-post-thumbnail","hentry","category-ajan-news-articles"],"aioseo_notices":[],"_links":{"self":[{"href":"https:\/\/ajan.africa\/fr\/wp-json\/wp\/v2\/posts\/19557","targetHints":{"allow":["GET"]}}],"collection":[{"href":"https:\/\/ajan.africa\/fr\/wp-json\/wp\/v2\/posts"}],"about":[{"href":"https:\/\/ajan.africa\/fr\/wp-json\/wp\/v2\/types\/post"}],"author":[{"embeddable":true,"href":"https:\/\/ajan.africa\/fr\/wp-json\/wp\/v2\/users\/5"}],"replies":[{"embeddable":true,"href":"https:\/\/ajan.africa\/fr\/wp-json\/wp\/v2\/comments?post=19557"}],"version-history":[{"count":2,"href":"https:\/\/ajan.africa\/fr\/wp-json\/wp\/v2\/posts\/19557\/revisions"}],"predecessor-version":[{"id":19567,"href":"https:\/\/ajan.africa\/fr\/wp-json\/wp\/v2\/posts\/19557\/revisions\/19567"}],"wp:featuredmedia":[{"embeddable":true,"href":"https:\/\/ajan.africa\/fr\/wp-json\/wp\/v2\/media\/19566"}],"wp:attachment":[{"href":"https:\/\/ajan.africa\/fr\/wp-json\/wp\/v2\/media?parent=19557"}],"wp:term":[{"taxonomy":"category","embeddable":true,"href":"https:\/\/ajan.africa\/fr\/wp-json\/wp\/v2\/categories?post=19557"},{"taxonomy":"post_tag","embeddable":true,"href":"https:\/\/ajan.africa\/fr\/wp-json\/wp\/v2\/tags?post=19557"}],"curies":[{"name":"wp","href":"https:\/\/api.w.org\/{rel}","templated":true}]}}