{"id":19603,"date":"2026-04-01T11:27:18","date_gmt":"2026-04-01T11:27:18","guid":{"rendered":"https:\/\/ajan.africa\/?p=19603"},"modified":"2026-04-01T11:27:24","modified_gmt":"2026-04-01T11:27:24","slug":"lenten-journey-of-mercy-catholic-students-visit-chikurubi-maximum-prison-zimbabwe","status":"publish","type":"post","link":"https:\/\/ajan.africa\/fr\/lenten-journey-of-mercy-catholic-students-visit-chikurubi-maximum-prison-zimbabwe\/","title":{"rendered":"Voyage de Car\u00eame de la Mis\u00e9ricorde : Des \u00e9tudiants catholiques visitent la prison de haute s\u00e9curit\u00e9 de Chikurubi, Zimbabwe"},"content":{"rendered":"<p>Le samedi 28 mars 2026, des \u00e9tudiants catholiques issus d\u2019\u00e9tablissements d\u2019enseignement sup\u00e9rieur, sous l\u2019\u00e9gide du Jesuit Youth Ministry, ont conclu leur programme de Car\u00eame par un profond acte de mis\u00e9ricorde \u2013 une visite \u00e0 la prison de haute s\u00e9curit\u00e9 de Chikurubi. Plus qu\u2019une simple action de sensibilisation, cette rencontre est devenue une expression vivante de l\u2019appel du Car\u00eame \u00e0 la compassion, \u00e0 la solidarit\u00e9 et \u00e0 la dignit\u00e9 humaine.<\/p>\n\n\n\n<figure class=\"wp-block-image size-large\"><img fetchpriority=\"high\" decoding=\"async\" width=\"1024\" height=\"768\" src=\"https:\/\/ajan.africa\/wp-content\/uploads\/2026\/04\/IMG-20260328-WA0051-1024x768.jpg\" alt=\"\" class=\"wp-image-19605\" srcset=\"https:\/\/ajan.africa\/wp-content\/uploads\/2026\/04\/IMG-20260328-WA0051-1024x768.jpg 1024w, https:\/\/ajan.africa\/wp-content\/uploads\/2026\/04\/IMG-20260328-WA0051-300x225.jpg 300w, https:\/\/ajan.africa\/wp-content\/uploads\/2026\/04\/IMG-20260328-WA0051-768x576.jpg 768w, https:\/\/ajan.africa\/wp-content\/uploads\/2026\/04\/IMG-20260328-WA0051-1536x1152.jpg 1536w, https:\/\/ajan.africa\/wp-content\/uploads\/2026\/04\/IMG-20260328-WA0051-16x12.jpg 16w, https:\/\/ajan.africa\/wp-content\/uploads\/2026\/04\/IMG-20260328-WA0051.jpg 1920w\" sizes=\"(max-width: 1024px) 100vw, 1024px\" \/><\/figure>\n\n\n\n<p>Le Car\u00eame est une saison qui invite les chr\u00e9tiens \u00e0 marcher de pr\u00e8s avec ceux qui sont vuln\u00e9rables, oubli\u00e9s et en marge de la soci\u00e9t\u00e9. Dans cet esprit, les \u00e9tudiants sont entr\u00e9s dans la prison non seulement pour voir ses murs, mais pour rencontrer les \u00eatres humains qui s\u2019y trouvent. Des hommes en qu\u00eate d\u2019espoir, de pardon et de nouveaux d\u00e9parts. La journ\u00e9e a \u00e9t\u00e9 marqu\u00e9e par la fraternit\u00e9, la pri\u00e8re et la r\u00e9flexion, culminant avec la c\u00e9l\u00e9bration de la Sainte Messe dirig\u00e9e par le P\u00e8re Peter Banda, SJ, ainsi que la remise de dons \u00e0 la Section C. Par ces gestes simples, les \u00e9tudiants ont partag\u00e9 l\u2019amour et la solidarit\u00e9 de la communaut\u00e9 chr\u00e9tienne.<\/p>\n\n\n\n<div class=\"wp-block-group is-nowrap is-layout-flex wp-container-core-group-is-layout-ad2f72ca wp-block-group-is-layout-flex\">\n<figure class=\"wp-block-image size-large\"><img decoding=\"async\" width=\"1024\" height=\"768\" src=\"https:\/\/ajan.africa\/wp-content\/uploads\/2026\/04\/IMG-20260328-WA0211-1024x768.jpg\" alt=\"\" class=\"wp-image-19611\" srcset=\"https:\/\/ajan.africa\/wp-content\/uploads\/2026\/04\/IMG-20260328-WA0211-1024x768.jpg 1024w, https:\/\/ajan.africa\/wp-content\/uploads\/2026\/04\/IMG-20260328-WA0211-300x225.jpg 300w, https:\/\/ajan.africa\/wp-content\/uploads\/2026\/04\/IMG-20260328-WA0211-768x576.jpg 768w, https:\/\/ajan.africa\/wp-content\/uploads\/2026\/04\/IMG-20260328-WA0211-1536x1152.jpg 1536w, https:\/\/ajan.africa\/wp-content\/uploads\/2026\/04\/IMG-20260328-WA0211-16x12.jpg 16w, https:\/\/ajan.africa\/wp-content\/uploads\/2026\/04\/IMG-20260328-WA0211.jpg 1920w\" sizes=\"(max-width: 1024px) 100vw, 1024px\" \/><\/figure>\n\n\n\n<figure class=\"wp-block-image size-large\"><img decoding=\"async\" width=\"1024\" height=\"768\" src=\"https:\/\/ajan.africa\/wp-content\/uploads\/2026\/04\/IMG-20260328-WA0194-1024x768.jpg\" alt=\"\" class=\"wp-image-19607\" srcset=\"https:\/\/ajan.africa\/wp-content\/uploads\/2026\/04\/IMG-20260328-WA0194-1024x768.jpg 1024w, https:\/\/ajan.africa\/wp-content\/uploads\/2026\/04\/IMG-20260328-WA0194-300x225.jpg 300w, https:\/\/ajan.africa\/wp-content\/uploads\/2026\/04\/IMG-20260328-WA0194-768x576.jpg 768w, https:\/\/ajan.africa\/wp-content\/uploads\/2026\/04\/IMG-20260328-WA0194-1536x1152.jpg 1536w, https:\/\/ajan.africa\/wp-content\/uploads\/2026\/04\/IMG-20260328-WA0194-16x12.jpg 16w, https:\/\/ajan.africa\/wp-content\/uploads\/2026\/04\/IMG-20260328-WA0194.jpg 1920w\" sizes=\"(max-width: 1024px) 100vw, 1024px\" \/><\/figure>\n<\/div>\n\n\n\n<p class=\"has-text-align-center\"><em>C\u00e9l\u00e9bration de la Sainte Messe pr\u00e9sid\u00e9e par le P\u00e8re Peter Banda, SJ, Directeur des Programmes de D\u00e9veloppement Int\u00e9gral de la Jeunesse (IYD), Zimbabwe.<\/em><\/p>\n\n\n\n<p>Le pr\u00e9sident de la Soci\u00e9t\u00e9 Catholique de l\u2019Universit\u00e9 du Zimbabwe, Tomutenda Chakoma, a r\u00e9fl\u00e9chi sur cette exp\u00e9rience :<\/p>\n\n\n\n<blockquote class=\"wp-block-quote is-layout-flow wp-block-quote-is-layout-flow\">\n<p>\u00ab La visite d\u2019aujourd\u2019hui \u00e0 Chikurubi a profond\u00e9ment touch\u00e9 mon c\u0153ur et chang\u00e9 ma perspective d\u2019une mani\u00e8re que je n\u2019avais pas pr\u00e9vue. Pour la premi\u00e8re fois, je comprends vraiment ce que cela signifie lorsque nous sommes appel\u00e9s \u00e0 prier pour ceux qui sont en prison. Il ne s\u2019agit plus de mots ou d\u2019une pens\u00e9e passag\u00e8re \u2014 c\u2019est r\u00e9el et c\u2019est un besoin urgent. Ce sont des personnes qui portent la douleur, le regret, l\u2019espoir et un d\u00e9sir de gr\u00e2ce. Elles ont besoin de nos pri\u00e8res plus que jamais. \u00bb<\/p>\n<\/blockquote>\n\n\n\n<figure class=\"wp-block-image size-large\"><img loading=\"lazy\" decoding=\"async\" width=\"1024\" height=\"768\" src=\"https:\/\/ajan.africa\/wp-content\/uploads\/2026\/04\/IMG-20260328-WA0175-1024x768.jpg\" alt=\"\" class=\"wp-image-19609\" srcset=\"https:\/\/ajan.africa\/wp-content\/uploads\/2026\/04\/IMG-20260328-WA0175-1024x768.jpg 1024w, https:\/\/ajan.africa\/wp-content\/uploads\/2026\/04\/IMG-20260328-WA0175-300x225.jpg 300w, https:\/\/ajan.africa\/wp-content\/uploads\/2026\/04\/IMG-20260328-WA0175-768x576.jpg 768w, https:\/\/ajan.africa\/wp-content\/uploads\/2026\/04\/IMG-20260328-WA0175-1536x1152.jpg 1536w, https:\/\/ajan.africa\/wp-content\/uploads\/2026\/04\/IMG-20260328-WA0175-16x12.jpg 16w, https:\/\/ajan.africa\/wp-content\/uploads\/2026\/04\/IMG-20260328-WA0175.jpg 1920w\" sizes=\"(max-width: 1024px) 100vw, 1024px\" \/><\/figure>\n\n\n\n<p>Pour de nombreux \u00e9tudiants, cette rencontre a \u00e9t\u00e9 transformative. Fortunate Misihairahwi, \u00e9tudiante en g\u00e9nie logiciel \u00e0 l\u2019Harare Institute of Technology, a partag\u00e9 :<\/p>\n\n\n\n<blockquote class=\"wp-block-quote is-layout-flow wp-block-quote-is-layout-flow\">\n<p>\u00ab J\u2019ai rencontr\u00e9 des personnes qui n\u2019avaient re\u00e7u aucun visiteur depuis des mois, peut-\u00eatre des ann\u00e9es. Aucun ami, aucune famille. La solitude doit \u00eatre \u00e9touffante. Cela m\u2019a frapp\u00e9e : une simple visite peut devenir un phare d\u2019espoir. \u00bb<\/p>\n<\/blockquote>\n\n\n\n<figure class=\"wp-block-image size-large\"><img loading=\"lazy\" decoding=\"async\" width=\"1024\" height=\"768\" src=\"https:\/\/ajan.africa\/wp-content\/uploads\/2026\/04\/IMG-20260328-WA0039-1024x768.jpg\" alt=\"\" class=\"wp-image-19610\" srcset=\"https:\/\/ajan.africa\/wp-content\/uploads\/2026\/04\/IMG-20260328-WA0039-1024x768.jpg 1024w, https:\/\/ajan.africa\/wp-content\/uploads\/2026\/04\/IMG-20260328-WA0039-300x225.jpg 300w, https:\/\/ajan.africa\/wp-content\/uploads\/2026\/04\/IMG-20260328-WA0039-768x576.jpg 768w, https:\/\/ajan.africa\/wp-content\/uploads\/2026\/04\/IMG-20260328-WA0039-1536x1152.jpg 1536w, https:\/\/ajan.africa\/wp-content\/uploads\/2026\/04\/IMG-20260328-WA0039-2048x1536.jpg 2048w, https:\/\/ajan.africa\/wp-content\/uploads\/2026\/04\/IMG-20260328-WA0039-16x12.jpg 16w\" sizes=\"(max-width: 1024px) 100vw, 1024px\" \/><\/figure>\n\n\n\n<figure class=\"wp-block-image size-large\"><img loading=\"lazy\" decoding=\"async\" width=\"1024\" height=\"768\" src=\"https:\/\/ajan.africa\/wp-content\/uploads\/2026\/04\/IMG-20260328-WA0192-1024x768.jpg\" alt=\"\" class=\"wp-image-19616\" srcset=\"https:\/\/ajan.africa\/wp-content\/uploads\/2026\/04\/IMG-20260328-WA0192-1024x768.jpg 1024w, https:\/\/ajan.africa\/wp-content\/uploads\/2026\/04\/IMG-20260328-WA0192-300x225.jpg 300w, https:\/\/ajan.africa\/wp-content\/uploads\/2026\/04\/IMG-20260328-WA0192-768x576.jpg 768w, https:\/\/ajan.africa\/wp-content\/uploads\/2026\/04\/IMG-20260328-WA0192-1536x1152.jpg 1536w, https:\/\/ajan.africa\/wp-content\/uploads\/2026\/04\/IMG-20260328-WA0192-16x12.jpg 16w, https:\/\/ajan.africa\/wp-content\/uploads\/2026\/04\/IMG-20260328-WA0192.jpg 1920w\" sizes=\"(max-width: 1024px) 100vw, 1024px\" \/><\/figure>\n\n\n\n<p>La visite a rappel\u00e9 \u00e0 tous les pr\u00e9sents que, bien que des murs physiques puissent confiner le corps, la mis\u00e9ricorde de Dieu a le pouvoir de lib\u00e9rer le c\u0153ur. En cette saison sacr\u00e9e, le je\u00fbne et la pri\u00e8re sont indissociables des actes de compassion qui redonnent espoir \u00e0 ceux qui se sentent oubli\u00e9s.<\/p>\n\n\n\n<p>Au fur et \u00e0 mesure que la Semaine Sainte se d\u00e9roule, les \u00e9tudiants continuent de prier pour les prisonniers, afin que leurs c\u0153urs soient renouvel\u00e9s, que leur esprit soit fortifi\u00e9 et que leur vie soit transform\u00e9e par la gu\u00e9rison et la r\u00e9surrection du Christ.<\/p>\n\n\n\n<p class=\"has-text-align-right translation-block\">Par <strong>Benjamin T. Matsika<\/strong>,<\/p>\n\n\n\n<p class=\"has-text-align-right\">Coordinateur de l\u2019IYD-Zimbabwe.<\/p>","protected":false},"excerpt":{"rendered":"<p>On Saturday, 28 March 2026, Catholic students from higher tertiary institutions under the Jesuit Youth Ministry concluded their Lenten program with a profound act of mercy &#8211; a visit to Chikurubi Maximum Security Prison. More than an outreach, the encounter became a living expression of Lent\u2019s call to compassion, solidarity,<\/p>\n<p><a class=\"sd-more sd-all-trans\" href=\"https:\/\/ajan.africa\/fr\/lenten-journey-of-mercy-catholic-students-visit-chikurubi-maximum-prison-zimbabwe\/#more-19603\">Lire la suite<\/a><\/p>","protected":false},"author":5,"featured_media":19604,"comment_status":"closed","ping_status":"open","sticky":false,"template":"","format":"standard","meta":{"om_disable_all_campaigns":false,"_monsterinsights_skip_tracking":false,"_monsterinsights_sitenote_active":false,"_monsterinsights_sitenote_note":"","_monsterinsights_sitenote_category":0,"footnotes":""},"categories":[98],"tags":[],"class_list":["post-19603","post","type-post","status-publish","format-standard","has-post-thumbnail","hentry","category-ajan-news-articles"],"aioseo_notices":[],"_links":{"self":[{"href":"https:\/\/ajan.africa\/fr\/wp-json\/wp\/v2\/posts\/19603","targetHints":{"allow":["GET"]}}],"collection":[{"href":"https:\/\/ajan.africa\/fr\/wp-json\/wp\/v2\/posts"}],"about":[{"href":"https:\/\/ajan.africa\/fr\/wp-json\/wp\/v2\/types\/post"}],"author":[{"embeddable":true,"href":"https:\/\/ajan.africa\/fr\/wp-json\/wp\/v2\/users\/5"}],"replies":[{"embeddable":true,"href":"https:\/\/ajan.africa\/fr\/wp-json\/wp\/v2\/comments?post=19603"}],"version-history":[{"count":3,"href":"https:\/\/ajan.africa\/fr\/wp-json\/wp\/v2\/posts\/19603\/revisions"}],"predecessor-version":[{"id":19617,"href":"https:\/\/ajan.africa\/fr\/wp-json\/wp\/v2\/posts\/19603\/revisions\/19617"}],"wp:featuredmedia":[{"embeddable":true,"href":"https:\/\/ajan.africa\/fr\/wp-json\/wp\/v2\/media\/19604"}],"wp:attachment":[{"href":"https:\/\/ajan.africa\/fr\/wp-json\/wp\/v2\/media?parent=19603"}],"wp:term":[{"taxonomy":"category","embeddable":true,"href":"https:\/\/ajan.africa\/fr\/wp-json\/wp\/v2\/categories?post=19603"},{"taxonomy":"post_tag","embeddable":true,"href":"https:\/\/ajan.africa\/fr\/wp-json\/wp\/v2\/tags?post=19603"}],"curies":[{"name":"wp","href":"https:\/\/api.w.org\/{rel}","templated":true}]}}