{"id":19863,"date":"2026-04-30T12:08:11","date_gmt":"2026-04-30T12:08:11","guid":{"rendered":"https:\/\/ajan.africa\/?p=19863"},"modified":"2026-05-01T06:14:03","modified_gmt":"2026-05-01T06:14:03","slug":"shaping-a-generation-of-hope-zimbabwean-catholic-students-gather-for-easter-conference","status":"publish","type":"post","link":"https:\/\/ajan.africa\/fr\/shaping-a-generation-of-hope-zimbabwean-catholic-students-gather-for-easter-conference\/","title":{"rendered":"Former une g\u00e9n\u00e9ration d\u2019espoir : des \u00e9tudiants catholiques zimbabw\u00e9ens se rassemblent pour une conf\u00e9rence de P\u00e2ques"},"content":{"rendered":"<p class=\"translation-block\"><strong>BULAWAYO,<\/strong> <strong>Zimbabwe<\/strong> \u2014 Plus de 280 \u00e9tudiants issus d\u2019institutions sup\u00e9rieures et tertiaires \u00e0 travers le Zimbabwe se sont r\u00e9unis du 2 au 6 avril 2026 pour la Conf\u00e9rence de P\u00e2ques du Mouvement National des \u00c9tudiants Catholiques (NMCS), un rassemblement annuel qui, cette ann\u00e9e, a offert une combinaison puissante de renouveau spirituel, de formation au leadership et d\u2019engagement social. Cette ann\u00e9e, la rencontre s\u2019est tenue \u00e0 l\u2019\u00e9cole primaire Sacred Heart \u00e0 Esigodini, dans la r\u00e9gion de Bulawayo, sous le th\u00e8me \u00ab Un cheminement de discernement avec une esp\u00e9rance vivante \u00bb. Les jeunes catholiques y ont v\u00e9cu cinq jours de pri\u00e8re, de r\u00e9flexion, de service et de dialogue sur la foi ainsi que sur des enjeux nationaux, passant harmonieusement du renouveau spirituel \u00e0 un engagement communautaire plus large.<\/p>\n\n\n\n<figure class=\"wp-block-image size-large\"><img fetchpriority=\"high\" decoding=\"async\" width=\"1024\" height=\"768\" src=\"https:\/\/ajan.africa\/wp-content\/uploads\/2026\/04\/669023370_944433254989848_4353037360771810710_n-1024x768.jpg\" alt=\"\" class=\"wp-image-19878\" srcset=\"https:\/\/ajan.africa\/wp-content\/uploads\/2026\/04\/669023370_944433254989848_4353037360771810710_n-1024x768.jpg 1024w, https:\/\/ajan.africa\/wp-content\/uploads\/2026\/04\/669023370_944433254989848_4353037360771810710_n-300x225.jpg 300w, https:\/\/ajan.africa\/wp-content\/uploads\/2026\/04\/669023370_944433254989848_4353037360771810710_n-768x576.jpg 768w, https:\/\/ajan.africa\/wp-content\/uploads\/2026\/04\/669023370_944433254989848_4353037360771810710_n-16x12.jpg 16w, https:\/\/ajan.africa\/wp-content\/uploads\/2026\/04\/669023370_944433254989848_4353037360771810710_n.jpg 1080w\" sizes=\"(max-width: 1024px) 100vw, 1024px\" \/><\/figure>\n\n\n\n<p><\/p>\n\n\n\n<h2 class=\"wp-block-heading\">La foi et le leadership au premier plan<\/h2>\n\n\n\n<p>Les travaux ont d\u00e9but\u00e9 le Jeudi Saint par la Messe de la C\u00e8ne du Seigneur, o\u00f9 le lavement symbolique des pieds a soulign\u00e9 un message central de leadership serviteur. Les participants ont \u00e9t\u00e9 invit\u00e9s \u00e0 embrasser l\u2019humilit\u00e9 et le service dans leur vie personnelle et professionnelle. Plus tard dans la soir\u00e9e, des moments d\u2019adoration eucharistique ont offert un espace de recueillement, donnant une tonalit\u00e9 contemplative aux jours \u00e0 venir.<\/p>\n\n\n\n<div class=\"wp-block-group is-nowrap is-layout-flex wp-container-core-group-is-layout-ad2f72ca wp-block-group-is-layout-flex\">\n<figure class=\"wp-block-image size-full\"><img decoding=\"async\" width=\"810\" height=\"799\" src=\"https:\/\/ajan.africa\/wp-content\/uploads\/2026\/04\/Copy-669559375_944433441656496_9099624000469015255_n.jpg\" alt=\"\" class=\"wp-image-19869\" srcset=\"https:\/\/ajan.africa\/wp-content\/uploads\/2026\/04\/Copy-669559375_944433441656496_9099624000469015255_n.jpg 810w, https:\/\/ajan.africa\/wp-content\/uploads\/2026\/04\/Copy-669559375_944433441656496_9099624000469015255_n-300x296.jpg 300w, https:\/\/ajan.africa\/wp-content\/uploads\/2026\/04\/Copy-669559375_944433441656496_9099624000469015255_n-768x758.jpg 768w, https:\/\/ajan.africa\/wp-content\/uploads\/2026\/04\/Copy-669559375_944433441656496_9099624000469015255_n-12x12.jpg 12w, https:\/\/ajan.africa\/wp-content\/uploads\/2026\/04\/Copy-669559375_944433441656496_9099624000469015255_n-85x85.jpg 85w\" sizes=\"(max-width: 810px) 100vw, 810px\" \/><figcaption class=\"wp-element-caption\"><em>Aum\u00f4nier national du NMCS, le P\u00e8re Peter Banda, SJ. <\/em><\/figcaption><\/figure>\n\n\n\n<figure class=\"wp-block-image size-large\"><img decoding=\"async\" width=\"1024\" height=\"891\" src=\"https:\/\/ajan.africa\/wp-content\/uploads\/2026\/04\/Copy-669542888_944433328323174_3793396441800283452_n-1024x891.jpg\" alt=\"\" class=\"wp-image-19870\" srcset=\"https:\/\/ajan.africa\/wp-content\/uploads\/2026\/04\/Copy-669542888_944433328323174_3793396441800283452_n-1024x891.jpg 1024w, https:\/\/ajan.africa\/wp-content\/uploads\/2026\/04\/Copy-669542888_944433328323174_3793396441800283452_n-300x261.jpg 300w, https:\/\/ajan.africa\/wp-content\/uploads\/2026\/04\/Copy-669542888_944433328323174_3793396441800283452_n-768x668.jpg 768w, https:\/\/ajan.africa\/wp-content\/uploads\/2026\/04\/Copy-669542888_944433328323174_3793396441800283452_n-14x12.jpg 14w, https:\/\/ajan.africa\/wp-content\/uploads\/2026\/04\/Copy-669542888_944433328323174_3793396441800283452_n.jpg 1536w\" sizes=\"(max-width: 1024px) 100vw, 1024px\" \/><\/figure>\n<\/div>\n\n\n\n<p><\/p>\n\n\n\n<p>Le lendemain, la conf\u00e9rence a \u00e9t\u00e9 officiellement ouverte par une pr\u00e9sentation du th\u00e8me par l\u2019aum\u00f4nier national du NMCS, le P\u00e8re Peter Banda, SJ, qui a r\u00e9fl\u00e9chi sur le discernement et l\u2019esp\u00e9rance. Dans son allocution, il a encourag\u00e9 les participants \u00e0 prendre des d\u00e9cisions fond\u00e9es sur des valeurs face aux pressions et aux incertitudes de la vie moderne. S\u2019appuyant sur les d\u00e9fis r\u00e9els auxquels les jeunes sont confront\u00e9s dans la prise de d\u00e9cision, il a introduit des outils pratiques de discernement pour guider les \u00e9tudiants dans leurs parcours acad\u00e9mique, personnel et spirituel.<\/p>\n\n\n\n<h2 class=\"wp-block-heading\">Service et sensibilisation sociale<\/h2>\n\n\n\n<p>Un moment fort de la conf\u00e9rence a \u00e9t\u00e9 l\u2019Immersion Experience, au cours de laquelle les \u00e9tudiants ont particip\u00e9 \u00e0 des activit\u00e9s orient\u00e9es vers la communaut\u00e9, notamment des travaux agricoles \u00e0 la ferme Sacred Heart et des actions de soutien aupr\u00e8s d\u2019un orphelinat. Cette initiative visait \u00e0 renforcer l\u2019appel de l\u2019\u00c9glise \u00e0 la solidarit\u00e9 avec les pauvres et les personnes marginalis\u00e9es.<\/p>\n\n\n\n<div class=\"wp-block-group is-nowrap is-layout-flex wp-container-core-group-is-layout-ad2f72ca wp-block-group-is-layout-flex\">\n<figure class=\"wp-block-image size-large\"><img loading=\"lazy\" decoding=\"async\" width=\"1024\" height=\"768\" src=\"https:\/\/ajan.africa\/wp-content\/uploads\/2026\/04\/Community-engagement--1024x768.jpg\" alt=\"\" class=\"wp-image-19871\" srcset=\"https:\/\/ajan.africa\/wp-content\/uploads\/2026\/04\/Community-engagement--1024x768.jpg 1024w, https:\/\/ajan.africa\/wp-content\/uploads\/2026\/04\/Community-engagement--300x225.jpg 300w, https:\/\/ajan.africa\/wp-content\/uploads\/2026\/04\/Community-engagement--768x576.jpg 768w, https:\/\/ajan.africa\/wp-content\/uploads\/2026\/04\/Community-engagement--1536x1152.jpg 1536w, https:\/\/ajan.africa\/wp-content\/uploads\/2026\/04\/Community-engagement--16x12.jpg 16w, https:\/\/ajan.africa\/wp-content\/uploads\/2026\/04\/Community-engagement-.jpg 1920w\" sizes=\"(max-width: 1024px) 100vw, 1024px\" \/><\/figure>\n\n\n\n<figure class=\"wp-block-image size-large\"><img loading=\"lazy\" decoding=\"async\" width=\"1024\" height=\"768\" src=\"https:\/\/ajan.africa\/wp-content\/uploads\/2026\/04\/IMG-20260406-WA0054-1024x768.jpg\" alt=\"\" class=\"wp-image-19881\" srcset=\"https:\/\/ajan.africa\/wp-content\/uploads\/2026\/04\/IMG-20260406-WA0054-1024x768.jpg 1024w, https:\/\/ajan.africa\/wp-content\/uploads\/2026\/04\/IMG-20260406-WA0054-300x225.jpg 300w, https:\/\/ajan.africa\/wp-content\/uploads\/2026\/04\/IMG-20260406-WA0054-768x576.jpg 768w, https:\/\/ajan.africa\/wp-content\/uploads\/2026\/04\/IMG-20260406-WA0054-1536x1152.jpg 1536w, https:\/\/ajan.africa\/wp-content\/uploads\/2026\/04\/IMG-20260406-WA0054-16x12.jpg 16w, https:\/\/ajan.africa\/wp-content\/uploads\/2026\/04\/IMG-20260406-WA0054.jpg 1920w\" sizes=\"(max-width: 1024px) 100vw, 1024px\" \/><\/figure>\n<\/div>\n\n\n\n<p><\/p>\n\n\n\n<p>\u00ab C\u2019est ici que la foi rencontre l\u2019action \u00bb, a not\u00e9 un participant lors d\u2019une session de r\u00e9flexion. \u00ab On commence \u00e0 comprendre que le service n\u2019est pas optionnel \u2014 il est essentiel. \u00bb<\/p>\n\n\n\n<p>Le Vendredi Saint, le Chemin de Croix a invit\u00e9 les participants \u00e0 relier la souffrance du Christ aux d\u00e9fis contemporains auxquels sont confront\u00e9s les jeunes, notamment les difficult\u00e9s li\u00e9es \u00e0 la sant\u00e9 mentale, les contraintes \u00e9conomiques et l\u2019instabilit\u00e9 sociale. \u00c0 exactement 15h00, la c\u00e9l\u00e9bration a d\u00e9but\u00e9 dans un silence total, tandis que les \u00e9tudiants entraient dans une profonde r\u00e9flexion sur la passion du Christ et son sacrifice sur la croix. L\u2019atmosph\u00e8re \u00e9tait solennelle et contemplative, faisant de ce moment l\u2019un des plus profonds et \u00e9mouvants de la conf\u00e9rence.<\/p>\n\n\n<div class=\"wp-block-image\">\n<figure class=\"aligncenter size-large\"><img loading=\"lazy\" decoding=\"async\" width=\"1024\" height=\"768\" src=\"https:\/\/ajan.africa\/wp-content\/uploads\/2026\/04\/Way-of-the-Cross-1024x768.jpg\" alt=\"\" class=\"wp-image-19872\" srcset=\"https:\/\/ajan.africa\/wp-content\/uploads\/2026\/04\/Way-of-the-Cross-1024x768.jpg 1024w, https:\/\/ajan.africa\/wp-content\/uploads\/2026\/04\/Way-of-the-Cross-300x225.jpg 300w, https:\/\/ajan.africa\/wp-content\/uploads\/2026\/04\/Way-of-the-Cross-768x576.jpg 768w, https:\/\/ajan.africa\/wp-content\/uploads\/2026\/04\/Way-of-the-Cross-16x12.jpg 16w, https:\/\/ajan.africa\/wp-content\/uploads\/2026\/04\/Way-of-the-Cross.jpg 1080w\" sizes=\"(max-width: 1024px) 100vw, 1024px\" \/><figcaption class=\"wp-element-caption\"><em>Chemin de Croix<\/em><\/figcaption><\/figure>\n<\/div>\n\n\n<p><\/p>\n\n\n\n<div class=\"wp-block-group is-nowrap is-layout-flex wp-container-core-group-is-layout-ad2f72ca wp-block-group-is-layout-flex\">\n<figure class=\"wp-block-image size-large\"><img loading=\"lazy\" decoding=\"async\" width=\"1024\" height=\"768\" src=\"https:\/\/ajan.africa\/wp-content\/uploads\/2026\/04\/669027405_939937008772806_701438538587787733_n-1024x768.jpg\" alt=\"\" class=\"wp-image-19879\" srcset=\"https:\/\/ajan.africa\/wp-content\/uploads\/2026\/04\/669027405_939937008772806_701438538587787733_n-1024x768.jpg 1024w, https:\/\/ajan.africa\/wp-content\/uploads\/2026\/04\/669027405_939937008772806_701438538587787733_n-300x225.jpg 300w, https:\/\/ajan.africa\/wp-content\/uploads\/2026\/04\/669027405_939937008772806_701438538587787733_n-768x576.jpg 768w, https:\/\/ajan.africa\/wp-content\/uploads\/2026\/04\/669027405_939937008772806_701438538587787733_n-16x12.jpg 16w, https:\/\/ajan.africa\/wp-content\/uploads\/2026\/04\/669027405_939937008772806_701438538587787733_n.jpg 1280w\" sizes=\"(max-width: 1024px) 100vw, 1024px\" \/><\/figure>\n\n\n\n<figure class=\"wp-block-image size-large\"><img loading=\"lazy\" decoding=\"async\" width=\"1024\" height=\"768\" src=\"https:\/\/ajan.africa\/wp-content\/uploads\/2026\/04\/666392309_939937058772801_8595621878775432761_n-1024x768.jpg\" alt=\"\" class=\"wp-image-19880\" srcset=\"https:\/\/ajan.africa\/wp-content\/uploads\/2026\/04\/666392309_939937058772801_8595621878775432761_n-1024x768.jpg 1024w, https:\/\/ajan.africa\/wp-content\/uploads\/2026\/04\/666392309_939937058772801_8595621878775432761_n-300x225.jpg 300w, https:\/\/ajan.africa\/wp-content\/uploads\/2026\/04\/666392309_939937058772801_8595621878775432761_n-768x576.jpg 768w, https:\/\/ajan.africa\/wp-content\/uploads\/2026\/04\/666392309_939937058772801_8595621878775432761_n-16x12.jpg 16w, https:\/\/ajan.africa\/wp-content\/uploads\/2026\/04\/666392309_939937058772801_8595621878775432761_n.jpg 1280w\" sizes=\"(max-width: 1024px) 100vw, 1024px\" \/><\/figure>\n<\/div>\n\n\n\n<p><\/p>\n\n\n\n<h2 class=\"wp-block-heading\">Aborder les r\u00e9alit\u00e9s de la jeunesse<\/h2>\n\n\n\n<p>Au-del\u00e0 des activit\u00e9s spirituelles, la conf\u00e9rence a abord\u00e9 des enjeux touchant directement les jeunes. Une session sur le bien-\u00eatre \u00e9motionnel et psychologique, anim\u00e9e par le P\u00e8re James Batsirai, a encourag\u00e9 les \u00e9tudiants \u00e0 faire face \u00e0 leurs difficult\u00e9s personnelles et \u00e0 rechercher la gu\u00e9rison \u00e0 travers la foi et le soutien communautaire. Le P\u00e8re Batsirai a soulign\u00e9 l\u2019importance de nourrir une \u00ab g\u00e9n\u00e9ration saine et \u00e9panouie \u00bb, rappelant aux participants que si certaines blessures n\u00e9cessitent une aide professionnelle, la v\u00e9ritable gu\u00e9rison passe aussi par une relation constante et sinc\u00e8re avec Dieu \u00e0 travers la pri\u00e8re.<\/p>\n\n\n\n<p>Le Samedi Saint, la conf\u00e9rence a \u00e9largi son champ d\u2019action pour inclure la responsabilit\u00e9 environnementale et l\u2019engagement civique. Une session interactive inspir\u00e9e de la spiritualit\u00e9 de Saint Fran\u00e7ois d\u2019Assise a mis en lumi\u00e8re la transformation radicale du saint\u2014passant d\u2019une vie de privil\u00e8ge \u00e0 une vie de pauvret\u00e9, d\u2019humilit\u00e9 et de service. Son parcours a servi de puissant rappel que tout changement significatif commence \u00e0 l\u2019int\u00e9rieur de soi. Faisant \u00e9cho \u00e0 ce message, le Fr\u00e8re Tatenda OFM Cap a invit\u00e9 les participants \u00e0 une profonde r\u00e9flexion en d\u00e9clarant : \u00ab Nous devons changer nos c\u0153urs avant de changer le monde. \u00bb<\/p>\n\n\n\n<div class=\"wp-block-group is-nowrap is-layout-flex wp-container-core-group-is-layout-ad2f72ca wp-block-group-is-layout-flex\">\n<figure class=\"wp-block-image size-large\"><img loading=\"lazy\" decoding=\"async\" width=\"1024\" height=\"768\" src=\"https:\/\/ajan.africa\/wp-content\/uploads\/2026\/04\/IMG-20260407-WA0011-1024x768.jpg\" alt=\"\" class=\"wp-image-19874\" srcset=\"https:\/\/ajan.africa\/wp-content\/uploads\/2026\/04\/IMG-20260407-WA0011-1024x768.jpg 1024w, https:\/\/ajan.africa\/wp-content\/uploads\/2026\/04\/IMG-20260407-WA0011-300x225.jpg 300w, https:\/\/ajan.africa\/wp-content\/uploads\/2026\/04\/IMG-20260407-WA0011-768x576.jpg 768w, https:\/\/ajan.africa\/wp-content\/uploads\/2026\/04\/IMG-20260407-WA0011-1536x1152.jpg 1536w, https:\/\/ajan.africa\/wp-content\/uploads\/2026\/04\/IMG-20260407-WA0011-16x12.jpg 16w, https:\/\/ajan.africa\/wp-content\/uploads\/2026\/04\/IMG-20260407-WA0011.jpg 1920w\" sizes=\"(max-width: 1024px) 100vw, 1024px\" \/><\/figure>\n\n\n\n<figure class=\"wp-block-image size-large\"><img loading=\"lazy\" decoding=\"async\" width=\"755\" height=\"1024\" src=\"https:\/\/ajan.africa\/wp-content\/uploads\/2026\/04\/Br-Tatenda-OFM-Caph-copy-755x1024.jpg\" alt=\"\" class=\"wp-image-19875\" srcset=\"https:\/\/ajan.africa\/wp-content\/uploads\/2026\/04\/Br-Tatenda-OFM-Caph-copy-755x1024.jpg 755w, https:\/\/ajan.africa\/wp-content\/uploads\/2026\/04\/Br-Tatenda-OFM-Caph-copy-221x300.jpg 221w, https:\/\/ajan.africa\/wp-content\/uploads\/2026\/04\/Br-Tatenda-OFM-Caph-copy-768x1042.jpg 768w, https:\/\/ajan.africa\/wp-content\/uploads\/2026\/04\/Br-Tatenda-OFM-Caph-copy-1132x1536.jpg 1132w, https:\/\/ajan.africa\/wp-content\/uploads\/2026\/04\/Br-Tatenda-OFM-Caph-copy-9x12.jpg 9w, https:\/\/ajan.africa\/wp-content\/uploads\/2026\/04\/Br-Tatenda-OFM-Caph-copy.jpg 1415w\" sizes=\"(max-width: 755px) 100vw, 755px\" \/><figcaption class=\"wp-element-caption\"><em>Fr\u00e8re Tatenda OFM Cap <\/em><\/figcaption><\/figure>\n<\/div>\n\n\n\n<p>L\u2019attention s\u2019est ensuite port\u00e9e sur les questions nationales, avec une session de sensibilisation civique sur le projet de loi d\u2019amendement constitutionnel n\u00b0 3 du Zimbabwe, anim\u00e9e par l\u2019avocate Nikiwe Ncube de la Zimbabwe Law Society. La discussion a suscit\u00e9 un engagement r\u00e9fl\u00e9chi et parfois passionn\u00e9, les \u00e9tudiants examinant des questions de gouvernance, de redevabilit\u00e9 et de participation d\u00e9mocratique. La session a cr\u00e9\u00e9 un espace s\u00fbr et ouvert permettant aux participants d\u2019exprimer leurs points de vue sur les amendements propos\u00e9s.<\/p>\n\n\n\n<figure class=\"wp-block-image size-large\"><img loading=\"lazy\" decoding=\"async\" width=\"1024\" height=\"768\" src=\"https:\/\/ajan.africa\/wp-content\/uploads\/2026\/04\/Advocate-Nikiwe-Ncube--1024x768.jpg\" alt=\"\" class=\"wp-image-19877\" srcset=\"https:\/\/ajan.africa\/wp-content\/uploads\/2026\/04\/Advocate-Nikiwe-Ncube--1024x768.jpg 1024w, https:\/\/ajan.africa\/wp-content\/uploads\/2026\/04\/Advocate-Nikiwe-Ncube--300x225.jpg 300w, https:\/\/ajan.africa\/wp-content\/uploads\/2026\/04\/Advocate-Nikiwe-Ncube--768x576.jpg 768w, https:\/\/ajan.africa\/wp-content\/uploads\/2026\/04\/Advocate-Nikiwe-Ncube--16x12.jpg 16w, https:\/\/ajan.africa\/wp-content\/uploads\/2026\/04\/Advocate-Nikiwe-Ncube-.jpg 1280w\" sizes=\"(max-width: 1024px) 100vw, 1024px\" \/><figcaption class=\"wp-element-caption\"><em>L\u2019avocate Nikiwe Ncube de la Zimbabwe Law Society<\/em><\/figcaption><\/figure>\n\n\n\n<p>Un participant a exprim\u00e9 de vives pr\u00e9occupations, d\u00e9clarant :<\/p>\n\n\n\n<blockquote class=\"wp-block-quote is-layout-flow wp-block-quote-is-layout-flow\">\n<p><em>\u00ab Je rejette le projet de loi CAB 3. Le pr\u00e9sident et son gouvernement n\u2019ont pas r\u00e9ussi \u00e0 apporter un d\u00e9veloppement significatif au cours des derni\u00e8res ann\u00e9es, et nous ne pouvons pas leur confier un mandat prolong\u00e9 comme propos\u00e9. La suppression des \u00e9lections pr\u00e9sidentielles porte atteinte au droit des citoyens de voter. Le peuple doit conserver le pouvoir de choisir ses dirigeants. Donner au pr\u00e9sident le pouvoir de nommer les juges et des s\u00e9nateurs suppl\u00e9mentaires risque de compromettre l\u2019ind\u00e9pendance de nos institutions. \u00c0 mon avis, le projet de loi CAB 3 mine la d\u00e9mocratie. \u00bb<\/em><\/p>\n<\/blockquote>\n\n\n\n<p>Le dialogue a soulign\u00e9 l\u2019importance d\u2019une citoyennet\u00e9 inform\u00e9e et active chez les jeunes, en coh\u00e9rence avec l\u2019objectif plus large de la conf\u00e9rence visant \u00e0 former des leaders socialement conscients.<\/p>\n\n\n\n<p>En compl\u00e9ment de ces discussions, une session sur les relations et la vocation, anim\u00e9e par S\u0153ur Chinyani, PhD, a abord\u00e9 les r\u00e9alit\u00e9s de la culture moderne des rencontres, la pression des pairs et les choix de vie. Elle a encourag\u00e9 les \u00e9tudiants \u00e0 aborder les relations avec maturit\u00e9 et discernement, en soulignant l\u2019importance de prendre des d\u00e9cisions fond\u00e9es sur des principes, ancr\u00e9es dans les valeurs personnelles et la foi.<\/p>\n\n\n\n<h2 class=\"wp-block-heading\"><strong>C\u00e9l\u00e9brer l\u2019esp\u00e9rance et la communaut\u00e9<\/strong><\/h2>\n\n\n\n<p>La Veill\u00e9e pascale a marqu\u00e9 un point culminant de la conf\u00e9rence, avec l\u2019allumage du cierge pascal symbolisant la victoire de la lumi\u00e8re sur les t\u00e9n\u00e8bres. La liturgie a \u00e9t\u00e9 caract\u00e9ris\u00e9e par des expressions de foi vibrantes, notamment des chants, des danses et le bapt\u00eame d\u2019un participant de la r\u00e9gion de Bulawayo.<\/p>\n\n\n\n<p>Le dimanche de P\u00e2ques a recentr\u00e9 l\u2019attention sur la construction communautaire, avec des activit\u00e9s sportives et des comp\u00e9titions r\u00e9gionales favorisant l\u2019unit\u00e9 entre les participants. La r\u00e9gion de Harare s\u2019est impos\u00e9e comme gagnante du concours de chorale, tandis que la r\u00e9gion de Bulawayo a remport\u00e9 le tournoi de football, mettant en valeur \u00e0 la fois la diversit\u00e9 des talents et l\u2019esprit de comp\u00e9tition amicale qui a marqu\u00e9 la journ\u00e9e.<\/p>\n\n\n\n<figure class=\"wp-block-image size-large\"><img loading=\"lazy\" decoding=\"async\" width=\"1024\" height=\"768\" src=\"https:\/\/ajan.africa\/wp-content\/uploads\/2026\/04\/Sports-Day-1024x768.jpg\" alt=\"\" class=\"wp-image-19876\" srcset=\"https:\/\/ajan.africa\/wp-content\/uploads\/2026\/04\/Sports-Day-1024x768.jpg 1024w, https:\/\/ajan.africa\/wp-content\/uploads\/2026\/04\/Sports-Day-300x225.jpg 300w, https:\/\/ajan.africa\/wp-content\/uploads\/2026\/04\/Sports-Day-768x576.jpg 768w, https:\/\/ajan.africa\/wp-content\/uploads\/2026\/04\/Sports-Day-1536x1152.jpg 1536w, https:\/\/ajan.africa\/wp-content\/uploads\/2026\/04\/Sports-Day-16x12.jpg 16w, https:\/\/ajan.africa\/wp-content\/uploads\/2026\/04\/Sports-Day.jpg 1920w\" sizes=\"(max-width: 1024px) 100vw, 1024px\" \/><\/figure>\n\n\n\n<p><\/p>\n\n\n\n<p>La journ\u00e9e s\u2019est conclue par un d\u00eener de gala officiel et une soir\u00e9e de remise de prix, c\u00e9l\u00e9brant l\u2019excellence et la participation au sein du mouvement.<\/p>\n\n\n\n<h2 class=\"wp-block-heading\">Un appel \u00e0 la mission<\/h2>\n\n\n\n<p>La conf\u00e9rence s\u2019est conclue le lundi de P\u00e2ques par une messe d\u2019envoi en mission c\u00e9l\u00e9br\u00e9e par l\u2019aum\u00f4nier national, le P\u00e8re Peter Banda, SJ, au nom de l\u2019archev\u00eaque. La liturgie a marqu\u00e9 un envoi solennel mais plein d\u2019esp\u00e9rance, commissionnant les participants \u00e0 porter l\u2019esprit de la conf\u00e9rence dans leur vie quotidienne.<\/p>\n\n\n\n<p class=\"has-text-align-right translation-block\"><em>Par<\/em>, <strong>Hazel K. Zindoga<\/strong><\/p>\n\n\n\n<p class=\"has-text-align-right\">Programme de d\u00e9veloppement int\u00e9gral de la jeunesse (IYD), Zimbabwe.<\/p>","protected":false},"excerpt":{"rendered":"<p>BULAWAYO, Zimbabwe \u2014 More than 280 students from higher and tertiary institutions across Zimbabwe convened from 2 to 6 April 2026 for the National Movement of Catholic Students (NMCS) Easter Conference, an annual gathering that this year delivered a powerful blend of spiritual renewal, leadership formation, and social engagement. This<\/p>\n<p><a class=\"sd-more sd-all-trans\" href=\"https:\/\/ajan.africa\/fr\/shaping-a-generation-of-hope-zimbabwean-catholic-students-gather-for-easter-conference\/#more-19863\">Lire la suite<\/a><\/p>","protected":false},"author":5,"featured_media":19865,"comment_status":"closed","ping_status":"open","sticky":false,"template":"","format":"standard","meta":{"om_disable_all_campaigns":false,"_monsterinsights_skip_tracking":false,"_monsterinsights_sitenote_active":false,"_monsterinsights_sitenote_note":"","_monsterinsights_sitenote_category":0,"footnotes":""},"categories":[98],"tags":[],"class_list":["post-19863","post","type-post","status-publish","format-standard","has-post-thumbnail","hentry","category-ajan-news-articles"],"aioseo_notices":[],"_links":{"self":[{"href":"https:\/\/ajan.africa\/fr\/wp-json\/wp\/v2\/posts\/19863","targetHints":{"allow":["GET"]}}],"collection":[{"href":"https:\/\/ajan.africa\/fr\/wp-json\/wp\/v2\/posts"}],"about":[{"href":"https:\/\/ajan.africa\/fr\/wp-json\/wp\/v2\/types\/post"}],"author":[{"embeddable":true,"href":"https:\/\/ajan.africa\/fr\/wp-json\/wp\/v2\/users\/5"}],"replies":[{"embeddable":true,"href":"https:\/\/ajan.africa\/fr\/wp-json\/wp\/v2\/comments?post=19863"}],"version-history":[{"count":3,"href":"https:\/\/ajan.africa\/fr\/wp-json\/wp\/v2\/posts\/19863\/revisions"}],"predecessor-version":[{"id":19884,"href":"https:\/\/ajan.africa\/fr\/wp-json\/wp\/v2\/posts\/19863\/revisions\/19884"}],"wp:featuredmedia":[{"embeddable":true,"href":"https:\/\/ajan.africa\/fr\/wp-json\/wp\/v2\/media\/19865"}],"wp:attachment":[{"href":"https:\/\/ajan.africa\/fr\/wp-json\/wp\/v2\/media?parent=19863"}],"wp:term":[{"taxonomy":"category","embeddable":true,"href":"https:\/\/ajan.africa\/fr\/wp-json\/wp\/v2\/categories?post=19863"},{"taxonomy":"post_tag","embeddable":true,"href":"https:\/\/ajan.africa\/fr\/wp-json\/wp\/v2\/tags?post=19863"}],"curies":[{"name":"wp","href":"https:\/\/api.w.org\/{rel}","templated":true}]}}