{"id":3830,"date":"2019-02-07T11:24:29","date_gmt":"2019-02-07T11:24:29","guid":{"rendered":"http:\/\/ajan.africa\/?p=3830"},"modified":"2019-02-07T11:24:29","modified_gmt":"2019-02-07T11:24:29","slug":"journee-mondiale-du-sida-lome-togo","status":"publish","type":"post","link":"https:\/\/ajan.africa\/fr\/journee-mondiale-du-sida-lome-togo\/","title":{"rendered":"Journ\u00e9e mondiale du Sida, Lom\u00e9 Togo"},"content":{"rendered":"<p>563 adolescents et jeunes ont connu leur statut s\u00e9rologique et le d\u00e9pistage de l\u2019h\u00e9patite dans le cadre de la journ\u00e9e mondiale du VIH &amp; SIDA, le 1er d\u00e9cembre 2018, \u00e0 Lom\u00e9 au Togo. La campagne de trois jours organis\u00e9e par le Centre Esp\u00e9rance Loyola en collaboration avec l\u2019association AV-Jeunes et le Conseil National de Lutte contre le Sida (CNLS-Togo), visait les adolescents et les jeunes des lyc\u00e9es et coll\u00e8ges de Lom\u00e9. Les jeunes ont \u00e9galement \u00e9t\u00e9 sensibilis\u00e9s au VIH\/ Sida et aux infections sexuellement transmissibles. Les autres sujets abord\u00e9s comprenaient les grossesses pr\u00e9coces et les cons\u00e9quences n\u00e9gatives de l\u2019avortement. Les jeunes ont \u00e9galement \u00e9t\u00e9 encourag\u00e9s \u00e0 pratiquer l&#8217;abstinence sexuelle et \u00e0 adopter des comportements responsables, en particulier pendant les f\u00eates de fin d&#8217;ann\u00e9e. Des messages visant \u00e0 convaincre les jeunes qui cohabitent ont \u00e9galement \u00e9t\u00e9 envoy\u00e9s pour encourager leurs conjoints \u00e0 se faire tester dans les centres de d\u00e9pistage les plus proches.<\/p>","protected":false},"excerpt":{"rendered":"<p>563 adolescents et jeunes ont connu leur statut s\u00e9rologique et le d\u00e9pistage de l\u2019h\u00e9patite dans le cadre de la journ\u00e9e mondiale du VIH &amp; SIDA, le 1er d\u00e9cembre 2018, \u00e0 Lom\u00e9 au Togo. La campagne de trois jours organis\u00e9e par le Centre Esp\u00e9rance Loyola en collaboration avec l\u2019association AV-Jeunes et<\/p>\n<p><a class=\"sd-more sd-all-trans\" href=\"https:\/\/ajan.africa\/fr\/journee-mondiale-du-sida-lome-togo\/#more-3830\">Lire la suite<\/a><\/p>","protected":false},"author":155,"featured_media":3828,"comment_status":"open","ping_status":"open","sticky":false,"template":"","format":"standard","meta":{"om_disable_all_campaigns":false,"_monsterinsights_skip_tracking":false,"_monsterinsights_sitenote_active":false,"_monsterinsights_sitenote_note":"","_monsterinsights_sitenote_category":0,"footnotes":""},"categories":[67],"tags":[],"class_list":["post-3830","post","type-post","status-publish","format-standard","has-post-thumbnail","hentry","category-aids-in-africa-articles"],"aioseo_notices":[],"_links":{"self":[{"href":"https:\/\/ajan.africa\/fr\/wp-json\/wp\/v2\/posts\/3830","targetHints":{"allow":["GET"]}}],"collection":[{"href":"https:\/\/ajan.africa\/fr\/wp-json\/wp\/v2\/posts"}],"about":[{"href":"https:\/\/ajan.africa\/fr\/wp-json\/wp\/v2\/types\/post"}],"author":[{"embeddable":true,"href":"https:\/\/ajan.africa\/fr\/wp-json\/wp\/v2\/users\/155"}],"replies":[{"embeddable":true,"href":"https:\/\/ajan.africa\/fr\/wp-json\/wp\/v2\/comments?post=3830"}],"version-history":[{"count":0,"href":"https:\/\/ajan.africa\/fr\/wp-json\/wp\/v2\/posts\/3830\/revisions"}],"wp:featuredmedia":[{"embeddable":true,"href":"https:\/\/ajan.africa\/fr\/wp-json\/wp\/v2\/media\/3828"}],"wp:attachment":[{"href":"https:\/\/ajan.africa\/fr\/wp-json\/wp\/v2\/media?parent=3830"}],"wp:term":[{"taxonomy":"category","embeddable":true,"href":"https:\/\/ajan.africa\/fr\/wp-json\/wp\/v2\/categories?post=3830"},{"taxonomy":"post_tag","embeddable":true,"href":"https:\/\/ajan.africa\/fr\/wp-json\/wp\/v2\/tags?post=3830"}],"curies":[{"name":"wp","href":"https:\/\/api.w.org\/{rel}","templated":true}]}}