{"id":3846,"date":"2019-02-07T11:47:22","date_gmt":"2019-02-07T11:47:22","guid":{"rendered":"http:\/\/ajan.africa\/?p=3846"},"modified":"2019-02-07T11:47:22","modified_gmt":"2019-02-07T11:47:22","slug":"jacquineau-azetsop-sj","status":"publish","type":"post","link":"https:\/\/ajan.africa\/fr\/jacquineau-azetsop-sj\/","title":{"rendered":"JACQUINEAU AZETSOP, SJ,"},"content":{"rendered":"<p>Doyen de la Facult\u00e9 des Sciences Sociales, de l&#8217;Universit\u00e9 Gr\u00e9gorienne de Rome en Italie.<\/p>\n<p>\u00c0 la fin de l\u2019ann\u00e9e derni\u00e8re, Jacquineau Azetsop, SJ a rendu visite au si\u00e8ge d\u2019AJAN \u00e0 Nairobi. Il a bri\u00e8vement partag\u00e9 avec le bureau de la communication d\u2019AJAN et voici une br\u00e8ve interview \u00e0 son sujet.<\/p>\n<ol>\n<li>S&#8217;il vous pla\u00eet donnez-nous une br\u00e8ve introduction sur vous-m\u00eame. Qui \u00eates-vous? Que faites-vous?<\/li>\n<\/ol>\n<p>Je suis originaire du Cameroun. Je me suis sp\u00e9cialis\u00e9 en biochimie \u00e0 l&#8217;Universit\u00e9 de Yaound\u00e9 avant de terminer mes \u00e9tudes sup\u00e9rieures en philosophie et en th\u00e9ologie au Coll\u00e8ge Peter Canisius \u00e0 Kinshasa (RDC) et \u00e0 l&#8217;Universit\u00e9 d\u2019Hekima \u00e0 Nairobi (Kenya). Je suis titulaire d&#8217;un doctorat en \u00e9thique sociale du Boston College, avec une th\u00e8se sur les questions d&#8217;in\u00e9galit\u00e9 de sant\u00e9 et de justice sociale, une ma\u00eetrise en sant\u00e9 publique de l&#8217;Universit\u00e9 Johns Hopkins ax\u00e9e sur la politique de sant\u00e9 et les aspects sociologiques de la sant\u00e9 publique et une ma\u00eetrise en \u00e9thique th\u00e9ologique \u00e0 l\u2019Ecole J\u00e9suite de th\u00e9ologie \u00e0 Weston.<\/p>\n<ol start=\"2\">\n<li>Vous avez d\u00e9j\u00e0 servi \u00e0 AJAN. Quand \u00e9tait-ce? Dites nous un peu plus \u00e0 ce sujet.<\/li>\n<\/ol>\n<p>Oui, j&#8217;ai travaill\u00e9 \u00e0 AJAN pendant 6 mois, rempla\u00e7ant le directeur de l&#8217;\u00e9poque alors qu&#8217;il \u00e9tait absent pour assister au deuxi\u00e8me Synode africain. C&#8217;\u00e9tait bien de travailler avec des gens formidables comme Ekeno et de mieux conna\u00eetre le fonctionnement des centres r\u00e9partis dans toute l\u2019Afrique et de Madagascar.<\/p>\n<ol start=\"3\">\n<li>Vous \u00eates un des initiateurs du programme de formation en ligne d\u2019AJAN sur le VIH et le SIDA (AHELP). Veuillez nous dire un peu plus \u00e0 ce sujet. Selon vous, quel est l&#8217;avenir de l&#8217;AHELP? Que pourrait-on faire pour que le programme AHELP soit un succ\u00e8s ?<\/li>\n<\/ol>\n<p>Oui, j&#8217;ai travaill\u00e9 en collaboration avec Paterne Mombe, SJ, Raymond Bernard Hounnougbo, SJ et Charles Agbessi, SJ, pour AHELP. Nous avons con\u00e7u un cours du dipl\u00f4me et l&#8217;avons r\u00e9parti en 6 modules. Nous avons accord\u00e9 une place importante aux questions socioculturelles et pastorales dans la pr\u00e9vention du sida, tout en respectant d\u2019autres aspects de la pr\u00e9vention et de la gestion du VIH et du SIDA, tels que la virologie, le conseil, l\u2019\u00e9thique th\u00e9ologique et la nutrition. Beaucoup de gens ont postul\u00e9 au programme. Cependant, certains d&#8217;entre eux ont rencontr\u00e9 toutes sortes de difficult\u00e9s tel que la connexion d&#8217;internet, le manque de temps pour participer efficacement et activement au programme, les d\u00e9fis li\u00e9s \u00e0 l&#8217;utilisation de la plateforme de cours, entre autres.<br \/>\nNous avons appris de cette premi\u00e8re exp\u00e9rience. Si nous devons relancer un tel programme, nous devons \u00e9galement \u00eatre bien pr\u00e9par\u00e9s et pr\u00e9parer les candidats au programme.<\/p>\n<p>&nbsp;<\/p>\n<ol start=\"4\">\n<li>En tant que doyen de la Facult\u00e9 des sciences sociales de la Gr\u00e9gorienne, quels d\u00e9fis rencontrez-vous dans votre vie quotidienne? Comment surmontez-vous ces d\u00e9fis?<\/li>\n<\/ol>\n<p>Je suis doyen de la Facult\u00e9 des sciences sociales de la Gr\u00e9gorienne depuis deux ans. Je viens de commencer ma troisi\u00e8me ann\u00e9e. Je prends ce travail comme r\u00e9v\u00e9lateur, car il m\u2019a aid\u00e9 \u00e0 d\u00e9couvrir certaines de mes limites et mes points forts. J&#8217;avoue honn\u00eatement que diriger un bureau a toujours \u00e9t\u00e9 un d\u00e9fi pour moi. Je ne suis pas une personne bien organis\u00e9e. Cependant, j&#8217;ai d\u00e9couvert que d&#8217;autres peuvent \u00eatre tr\u00e8s utiles, surtout lorsqu&#8217;il y a la confiance et le soutien mutuel. \u00catre un leader, c&#8217;est cr\u00e9er une vision et inviter les gens \u00e0 y participer. Pour moi, les relations fondamentales et vitales sont les fondements du leadership. Chaque fois qu&#8217;il y a respect et soins mutuels, on n&#8217;est jamais seul face \u00e0 des d\u00e9fis importants. La fraternit\u00e9 avec d\u2019autres j\u00e9suites et coll\u00e8gues a \u00e9t\u00e9 d\u00e9terminante dans mes tentatives de relever les d\u00e9fis. J&#8217;ai d\u00e9couvert que chaque fois que l&#8217;on occupe un poste important, on \u00e9coute davantage et re\u00e7oit plus que ce qu&#8217;on donne en r\u00e9alit\u00e9. De plus, j\u2019ai appris quelque chose d\u2019apparemment \u00e9trange mais r\u00e9el pour moi, c\u2019est que si je dois diriger comme le veut le Seigneur, je dois accepter d\u2019\u00eatre la \u00abpoubelle\u00bb de l\u2019\u00c9cole. Avec une telle disposition, je peux \u00e9viter des conflits inutiles.<\/p>\n<ol start=\"5\">\n<li>Au r\u00e9veil, quelle est votre plus grande motivation?<\/li>\n<\/ol>\n<p>En tant que j\u00e9suite normale, la pri\u00e8re et la messe quotidiennes sont des \u00e9l\u00e9ments essentiels \u00e0 ma survie. Je trouve ma force quotidienne dans le Seigneur et dans les \u00e9tudiants. Leur progr\u00e8s humain et intellectuel et leur accomplissement me donnent courage et joie. Tout est fait pour la plus grande gloire de Dieu et le service du prochain. Je m&#8217;efforce d&#8217;atteindre un tel id\u00e9al dans une posture de discernement afin de trouver Dieu en tout et de rechercher les moyens appropri\u00e9s pour r\u00e9aliser la mission qui m&#8217;a \u00e9t\u00e9 confi\u00e9e.<\/p>\n<p>&nbsp;<\/p>\n<ol start=\"6\">\n<li>Avez-vous des remarques finales \u00e0 formuler?<\/li>\n<\/ol>\n<p>AJAN devrait accomplir sa mission avec courage, m\u00eame si le SIDA ne jouit plus de la place qu\u2019il occupait il y a quelques ann\u00e9es sur la sc\u00e8ne internationale. Le sida cause encore beaucoup de d\u00e9g\u00e2ts sur notre continent. En tant que personnes de foi, nous devons \u00e9viter une mentalit\u00e9 ax\u00e9e sur les projets consistant \u00e0 passer d\u2019un projet \u00e0 l\u2019autre, parfois sans transition.<\/p>","protected":false},"excerpt":{"rendered":"<p>Doyen de la Facult\u00e9 des Sciences Sociales, de l&#8217;Universit\u00e9 Gr\u00e9gorienne de Rome en Italie. \u00c0 la fin de l\u2019ann\u00e9e derni\u00e8re, Jacquineau Azetsop, SJ a rendu visite au si\u00e8ge d\u2019AJAN \u00e0 Nairobi. Il a bri\u00e8vement partag\u00e9 avec le bureau de la communication d\u2019AJAN et voici une br\u00e8ve interview \u00e0 son sujet.<\/p>\n<p><a class=\"sd-more sd-all-trans\" href=\"https:\/\/ajan.africa\/fr\/jacquineau-azetsop-sj\/#more-3846\">Lire la suite<\/a><\/p>","protected":false},"author":155,"featured_media":3842,"comment_status":"open","ping_status":"open","sticky":false,"template":"","format":"standard","meta":{"om_disable_all_campaigns":false,"_monsterinsights_skip_tracking":false,"_monsterinsights_sitenote_active":false,"_monsterinsights_sitenote_note":"","_monsterinsights_sitenote_category":0,"footnotes":""},"categories":[67],"tags":[],"class_list":["post-3846","post","type-post","status-publish","format-standard","has-post-thumbnail","hentry","category-aids-in-africa-articles"],"aioseo_notices":[],"_links":{"self":[{"href":"https:\/\/ajan.africa\/fr\/wp-json\/wp\/v2\/posts\/3846","targetHints":{"allow":["GET"]}}],"collection":[{"href":"https:\/\/ajan.africa\/fr\/wp-json\/wp\/v2\/posts"}],"about":[{"href":"https:\/\/ajan.africa\/fr\/wp-json\/wp\/v2\/types\/post"}],"author":[{"embeddable":true,"href":"https:\/\/ajan.africa\/fr\/wp-json\/wp\/v2\/users\/155"}],"replies":[{"embeddable":true,"href":"https:\/\/ajan.africa\/fr\/wp-json\/wp\/v2\/comments?post=3846"}],"version-history":[{"count":0,"href":"https:\/\/ajan.africa\/fr\/wp-json\/wp\/v2\/posts\/3846\/revisions"}],"wp:featuredmedia":[{"embeddable":true,"href":"https:\/\/ajan.africa\/fr\/wp-json\/wp\/v2\/media\/3842"}],"wp:attachment":[{"href":"https:\/\/ajan.africa\/fr\/wp-json\/wp\/v2\/media?parent=3846"}],"wp:term":[{"taxonomy":"category","embeddable":true,"href":"https:\/\/ajan.africa\/fr\/wp-json\/wp\/v2\/categories?post=3846"},{"taxonomy":"post_tag","embeddable":true,"href":"https:\/\/ajan.africa\/fr\/wp-json\/wp\/v2\/tags?post=3846"}],"curies":[{"name":"wp","href":"https:\/\/api.w.org\/{rel}","templated":true}]}}