{"id":4581,"date":"2015-03-12T08:01:35","date_gmt":"2015-03-12T05:01:35","guid":{"rendered":"http:\/\/ajan.africa\/appeles-a-vivre-la-compassion-de-jesus\/"},"modified":"2015-03-12T08:01:35","modified_gmt":"2015-03-12T05:01:35","slug":"appeles-a-vivre-la-compassion-de-jesus","status":"publish","type":"post","link":"https:\/\/ajan.africa\/fr\/appeles-a-vivre-la-compassion-de-jesus\/","title":{"rendered":"Appel\u00e9s \u00e0 vivre la compassion de J\u00e9sus"},"content":{"rendered":"<p><em><span lang=\"FR\">Notre r\u00e9flexion pour la cinqui\u00e8me semaine de Car\u00eame est \u00e9crite par s\u0153ur Mary Owens IBVM, directrice du <\/span><span lang=\"FR\">Children of God Relief Institute, Nyumbani, au Kenya.<\/span><\/em><\/p>\n<h4 style=\"text-align: center;\"><em><span style=\"color: #000000;\"><span lang=\"FR\">\u00ab Que celui d&#8217;entre vous qui n&#8217;a jamais p\u00e9ch\u00e9 lui jette la premi\u00e8re pierre. \u00bb<\/span><span lang=\"FR\"> Jn 8, 7<\/span><\/span><\/em><\/h4>\n<p><span lang=\"FR\">Dans l\u2019\u00c9vangile pour le 5<sup>\u00e9me<\/sup> Dimanche de Car\u00eame, J\u00e9sus nous invite au c\u0153ur de la Bonne Nouvelle \u2013 le d\u00e9fi d\u2019\u00eatre compatissants. Avec le temps, j\u2019ai pris conscience que je pouvais commettre n\u2019importe quel p\u00e9ch\u00e9, n\u2019importe quel mal. Quand j\u2019entre en contact avec la vie des pauvres, en particulier les pauvres qui doivent aussi affronter les d\u00e9fis d\u2019une vie avec le VIH, je me demande souvent : si j\u2019\u00e9tais dans leur situation, \u00e0 quel point serais-je d\u00e9sesp\u00e9r\u00e9e, au point de violer le code moral ? \u00c0 quel point serais-je frustr\u00e9e, dans un esprit d\u2019\u00e9galit\u00e9 entre les personnes, de voir que les personnes qui ont beaucoup n\u2019aident pas celles d\u2019entre nous qui n\u2019ont rien ? \u00c0 quel point me sentirais-je en col\u00e8re d\u2019\u00eatre stigmatis\u00e9e \u00e0 cause de mon statut VIH ? L\u2019\u00c9vangile d\u2019aujourd\u2019hui peut \u00eatre un appel \u00e0 nous interroger sur le th\u00e8me de la stigmatisation.<\/span><\/p>\n<p><span lang=\"FR\">L\u2019histoire du genre humain \u00e0 travers le monde et \u00e0 travers les si\u00e8cles est caract\u00e9ris\u00e9e par la stigmatisation : les \u00eatres humains cherchent la s\u00e9curit\u00e9 \u00e0 travers la conformit\u00e9 alors que la diff\u00e9rence est souvent v\u00e9cue comme une menace. La stigmatisation est la d\u00e9sapprobation sociale grave des caract\u00e9ristiques, des comportements ou des croyances qui vont contre les r\u00e8gles culturelles pr\u00e9dominantes \u2013 un outil puissant de contr\u00f4le social mais pas de justice sociale et de mise en pratique des valeurs \u00e9vang\u00e9liques.<\/span><\/p>\n<p><span lang=\"FR\">Les scribes et les pharisiens ont dit clairement que la femme surprise en adult\u00e8re devait \u00eatre lapid\u00e9e. Si nous voulons suivre J\u00e9sus, selon les mots de Joan Chittister dans son livre God\u2019s Tender Mercy: Reflections on Forgivenness, \u00ab &#8230; il n\u2019y a pas de place pour la condamnation \u00e0 partir du moment o\u00f9 l\u2019on fait face \u00e0 ses propres p\u00e9ch\u00e9s&#8230; il n\u2019y a pas de place pour la lapidation si nous devons \u00eatre assez purs pour le faire \u00bb. Selon les mots de Mathilde de Magdebourg, une mystique du Moyen \u00c2ge : \u00ab C\u2019est quand nous aimons la compassion et quand nous la mettons fermement en pratique que nous ressemblons au Cr\u00e9ateur C\u00e9leste, qui les exerce sans cesse en nous \u00bb.<\/span><\/p>\n<p><span lang=\"FR\">Les questions \u00e0 nous poser concernant la stigmatisation des personnes vivant avec le VIH pourraient \u00eatre : En premier lieu, est-ce que je stigmatise ? Si oui, pourquoi ? Est-ce \u00e0 cause de la peur, un syst\u00e8me de croyances irrationnelles, un manque d\u2019informations correctes sur le VIH ? Est-ce parce que le VIH a \u00e9t\u00e9 associ\u00e9 \u00e0 la mort, \u00e0 un comportement lui-m\u00eame d\u00e9j\u00e0 stigmatis\u00e9 ? Si telles sont les raisons, la justice sociale m\u2019appelle \u00e0 m\u2019informer correctement sur le VIH. Si je stigmatise en raison d\u2019une offense morale qui \u2018m\u00e9rite\u2019 ch\u00e2timent, J\u00e9sus nous montre le chemin dans l\u2019\u00c9vangile d\u2019aujourd\u2019hui : la compassion.<\/span><\/p>\n<p><span lang=\"FR\">L\u2019injustice sociale de la stigmatisation me touche particuli\u00e8rement parce que je m\u2019occupe d\u2019enfants \u00e0 qui le VIH a \u00e9t\u00e9 transmis par les parents. Nos enfants, \u00e0 travers l\u2019interaction sociale et par le biais des m\u00e9dias, ne sont que trop conscients et risquent quotidiennement de subir la discrimination, d\u2019\u00eatre exclus, d\u2019\u00eatre condamn\u00e9s \u00e0 cause de leur statut. \u00ab C\u2019est ta tasse \u00bb, \u00ab c\u2019est ta couverture \u00bb, \u00ab c\u2019est l\u00e0 que tu dors (loin des autres) \u00bb a \u00e9t\u00e9 l\u2019exp\u00e9rience v\u00e9cue par l\u2019un des enfants en visite apr\u00e8s avoir finalement trouv\u00e9 une famille d\u2019accueil. \u00ab Ces enfants ne devraient pas venir dans cette aire de jeux, faites-les sortir \u00bb a \u00e9t\u00e9 un autre \u00e9pisode v\u00e9cu.<\/span><\/p>\n<p><span lang=\"FR\">Comme nos enfants grandissent comme n\u2019importe quel autre enfant, les questions qu\u2019ils se posent en leur for int\u00e9rieur sont : \u00ab Si mon ami\/e apprend que j\u2019ai le VIH, est-ce qu\u2019il\/elle sera encore mon ami\/e ? Qui me donnera un travail ? Qui voudra se marier avec moi ? \u00bb Je crois que les terribles d\u00e9g\u00e2ts qu\u2019une telle stigmatisation peut causer sur les enfants brisent le c\u0153ur de J\u00e9sus car nous connaissons bien son amour pour les enfants : \u00ab Celui qui accueille en mon nom cet enfant, c&#8217;est moi qu&#8217;il accueille \u00bb (Mt 18, 5).<\/span><\/p>\n<p class=\"MsoNormal\" style=\"text-align: justify;\"><span lang=\"FR\">La stigmatisation de toutes les personnes vivant avec le VIH doit finir ! Cela commence par moi-m\u00eame&#8230;<\/span><\/p>\n<p class=\"MsoNormal\">\u00a0<\/p>\n<p class=\"MsoNormal\"><em>Lisez la r\u00e9flexion pour la quatri\u00e8me semaine de Car\u00eame <a href=\"http:\/\/ajan.africa\/fr\/regarder-le-monde-et-les-autres-autour-de-nous-avec-les-yeux-de-dieu\/\">ici<\/a><\/em><\/p>\n<p class=\"MsoNormal\"><em>Lisez la r\u00e9flexion pour la troisi\u00e8me semaine de Car\u00eame <a href=\"http:\/\/ajan.africa\/fr\/nous-devons-faire-la-fete\/\">ici<\/a><\/em><\/p>\n<p class=\"MsoNormal\"><em>Lisez la r\u00e9flexion pour la deuxi\u00e8me semaine de Car\u00eame <a href=\"http:\/\/ajan.africa\/fr\/transformer-les-vies-2\/\">ici<\/a><\/em><\/p>\n<p class=\"MsoNormal\"><em>Lisez la r\u00e9flexion pour la premi\u00e8re semaine de Car\u00eame\u00a0<a href=\"http:\/\/ajan.africa\/fr\/resister-a-la-tentation-de-ne-rechercher-quel-interet-personnel\/\">ici<\/a><\/em><\/p>\n<p><em>Lisez la r\u00e9flexion pour mercredi des Cendres <a href=\"http:\/\/ajan.africa\/fr\/retour-aux-bases\/\">ici<\/a><\/em><\/p>","protected":false},"excerpt":{"rendered":"<p>Notre r\u00e9flexion pour la cinqui\u00e8me semaine de Car\u00eame est \u00e9crite par s\u0153ur Mary Owens IBVM, directrice du Children of God Relief Institute, Nyumbani, au Kenya. \u00ab Que celui d&#8217;entre vous qui n&#8217;a jamais p\u00e9ch\u00e9 lui jette la premi\u00e8re pierre. \u00bb Jn 8, 7 Dans l\u2019\u00c9vangile pour le 5\u00e9me Dimanche de<\/p>\n<p><a class=\"sd-more sd-all-trans\" href=\"https:\/\/ajan.africa\/fr\/appeles-a-vivre-la-compassion-de-jesus\/#more-4581\">Lire la suite<\/a><\/p>","protected":false},"author":155,"featured_media":0,"comment_status":"open","ping_status":"open","sticky":false,"template":"","format":"standard","meta":{"om_disable_all_campaigns":false,"_monsterinsights_skip_tracking":false,"_monsterinsights_sitenote_active":false,"_monsterinsights_sitenote_note":"","_monsterinsights_sitenote_category":0,"footnotes":""},"categories":[66],"tags":[],"class_list":["post-4581","post","type-post","status-publish","format-standard","hentry","category-ajan-campaign-articles"],"aioseo_notices":[],"_links":{"self":[{"href":"https:\/\/ajan.africa\/fr\/wp-json\/wp\/v2\/posts\/4581","targetHints":{"allow":["GET"]}}],"collection":[{"href":"https:\/\/ajan.africa\/fr\/wp-json\/wp\/v2\/posts"}],"about":[{"href":"https:\/\/ajan.africa\/fr\/wp-json\/wp\/v2\/types\/post"}],"author":[{"embeddable":true,"href":"https:\/\/ajan.africa\/fr\/wp-json\/wp\/v2\/users\/155"}],"replies":[{"embeddable":true,"href":"https:\/\/ajan.africa\/fr\/wp-json\/wp\/v2\/comments?post=4581"}],"version-history":[{"count":0,"href":"https:\/\/ajan.africa\/fr\/wp-json\/wp\/v2\/posts\/4581\/revisions"}],"wp:attachment":[{"href":"https:\/\/ajan.africa\/fr\/wp-json\/wp\/v2\/media?parent=4581"}],"wp:term":[{"taxonomy":"category","embeddable":true,"href":"https:\/\/ajan.africa\/fr\/wp-json\/wp\/v2\/categories?post=4581"},{"taxonomy":"post_tag","embeddable":true,"href":"https:\/\/ajan.africa\/fr\/wp-json\/wp\/v2\/tags?post=4581"}],"curies":[{"name":"wp","href":"https:\/\/api.w.org\/{rel}","templated":true}]}}