{"id":4606,"date":"2015-03-12T08:25:53","date_gmt":"2015-03-12T05:25:53","guid":{"rendered":"http:\/\/ajan.africa\/la-capacite-transformatrice-de-la-pierre-rejetee\/"},"modified":"2015-03-12T08:25:53","modified_gmt":"2015-03-12T05:25:53","slug":"la-capacite-transformatrice-de-la-pierre-rejetee","status":"publish","type":"post","link":"https:\/\/ajan.africa\/fr\/la-capacite-transformatrice-de-la-pierre-rejetee\/","title":{"rendered":"La capacit\u00e9 transformatrice de la pierre rejet\u00e9e"},"content":{"rendered":"<p><em>Notre r\u00e9flexion pour la sixi\u00e8me semaine du Car\u00eame est \u00e9crite par Jenny Cafiso, directrice du Canadian Jesuits International(CJI). <\/em><\/p>\n<h4 style=\"text-align: center;\"><span style=\"color: #000000;\"><span lang=\"FR\">\u00ab La pierre que les ma\u00e7ons ont rejet\u00e9e est devenue la pierre angulaire. Cela vient du Seigneur : c&#8217;est une merveille \u00e0 nos yeux ! \u00bb <\/span><\/span><\/h4>\n<h5 style=\"text-align: center;\"><span style=\"color: #000000;\">Ps 118, 22-23<\/span><\/h5>\n<p><span lang=\"FR\">Quand j\u2019ai lu ce psaume, j\u2019ai pens\u00e9 \u00e0 mon ami Michael. Nous avons tous deux fait partie du groupe de jeunes dans ma paroisse et nous avons \u00e9t\u00e9 des amis proches pendant des ann\u00e9es mais nous avons fini par nous perdre de vue. Au d\u00e9but des ann\u00e9es 90, le pr\u00eatre qui avait suivi le groupe fit savoir \u00e0 quelques-uns d\u2019entre nous que Michael \u00e9tait en train de mourir du SIDA. Cela fut un choc terrible, j\u2019avais entendu parler du SIDA, mais je n\u2019avais jamais rencontr\u00e9 quelqu\u2019un qui en souffrait.<\/span><\/p>\n<p><span lang=\"FR\">Apr\u00e8s avoir appris cette nouvelle, j\u2019ai vu Michael \u00e0 plusieurs reprises. Pendant un certain temps il a \u00e9t\u00e9 mieux, nous avons d\u00een\u00e9 ensemble, nous nous sommes \u00e9chang\u00e9s des nouvelles sur nos vies, j\u2019ai \u00e9t\u00e9 le trouver chez lui. Mais ensuite la maladie a empir\u00e9 \u00e0 nouveau et il a connu une longue et d\u00e9chirante p\u00e9riode qui l\u2019a conduit \u00e0 la mort.<\/span><\/p>\n<p><span lang=\"FR\">Bien que nous ayons \u00e9t\u00e9 si proches pendant des ann\u00e9es, Michael ne m\u2019avait jamais dit qu\u2019il avait le SIDA. \u00c0 la fin de sa douloureuse maladie, quand son corps \u00e9tait compl\u00e8tement \u00e9maci\u00e9, il a m\u00eame refus\u00e9 de me voir. Seulement apr\u00e8s que j\u2019aie laiss\u00e9 de nombreux messages et des fleurs \u00e0 l\u2019h\u00f4pital, il a fini par accepter. Il se cachait sous la couverture, comme s\u2019il avait honte, en me disant que son \u00ab cancer \u00bb \u00e9tait en train de le tuer. Les seules personnes que je voyais aupr\u00e8s de lui \u00e9taient sa s\u0153ur, qui \u00e9tait \u00e0 ses c\u00f4t\u00e9s pratiquement constamment, et quelques amis. J\u2019ai essay\u00e9 de toutes les mani\u00e8res possibles de faire comprendre \u00e0 Michael qu\u2019il ne courait aucun risque \u00e0 me dire qu\u2019il avait le SIDA, que je n\u2019avais pas peur de le toucher, que je l\u2019aimais quoi qu\u2019il arrive, mais il ne l\u2019a jamais fait.<\/span><\/p>\n<p><span lang=\"FR\">\u00c0 l\u2019enterrement, quand tous ses amis se sont r\u00e9unis pour pleurer sa perte, j\u2019ai appris que certains membres de la famille de Michael l\u2019avait rejet\u00e9 et avaient refus\u00e9 de le voir. Peut-\u00eatre le plus choquant a \u00e9t\u00e9 ce qu\u2019une femme membre de la paroisse a dit ; Michael avait \u00e9t\u00e9 tr\u00e8s proche de sa famille. Elle m\u2019a demand\u00e9 si je savais de quoi Michael \u00e9tait mort, et m\u2019a dit que quand elle avait appris qu\u2019il avait le SIDA, elle lui avait demand\u00e9 de ne plus jamais rendre visite \u00e0 sa famille.<\/span><\/p>\n<p><span lang=\"FR\">J\u2019\u00e9tais choqu\u00e9e. J\u2019avais honte, je me sentais triste, en col\u00e8re. J\u2019ai compris pourquoi Michael n\u2019avait pas os\u00e9 me dire qu\u2019il avait le SIDA. Pourquoi risquer encore le rejet alors que beaucoup d\u2019amis proches, de membres de sa famille et de notre communaut\u00e9 chr\u00e9tienne l\u2019avaient d\u00e9j\u00e0 fui ?<\/span><\/p>\n<p><span lang=\"FR\">Michael avait pr\u00e9par\u00e9 son enterrement avec le pr\u00eatre qui avait accompagn\u00e9 notre groupe de jeunes pendant des ann\u00e9es. Nous avons senti \u00e0 quel point Michael s\u2019\u00e9tait rapproch\u00e9 de Dieu, \u00e0 l\u2019approche de son dernier voyage, comme il avait accept\u00e9 sa mort in\u00e9vitable. Michael avait m\u00eame laiss\u00e9 un message pour nous tous qui parlait de son amour pour la vie, de l\u2019importance de l\u2019amiti\u00e9, de l\u2019amour. Beaucoup d\u2019entre nous ont \u00e9t\u00e9 profond\u00e9ment touch\u00e9s par ce message.<\/span><\/p>\n<p><span lang=\"FR\">Michael, comme \u00ab la pierre que les ma\u00e7ons ont rejet\u00e9e \u00bb, avait \u00e9t\u00e9 rejet\u00e9 par ceux qui l\u2019avaient le plus aim\u00e9 \u00e0 cause de la peur, de l\u2019ignorance et de la stigmatisation. Et pourtant il est devenu une \u00ab pierre angulaire \u00bb pour beaucoup d\u2019entre nous en nous aidant \u00e0 nous comprendre nous-m\u00eames, \u00e0 comprendre les limites de notre amour et de notre foi. Toute ma vie j\u2019ai port\u00e9 en moi la douleur que la stigmatisation et le rejet avaient inflig\u00e9e \u00e0 Michael. J\u2019ai am\u00e8rement regrett\u00e9 que notre amiti\u00e9, notre foi et nos valeurs partag\u00e9es n\u2019aient pas suffit \u00e0 le rassurer. Et j\u2019ai \u00e9t\u00e9 reconnaissante pour sa vie et ce qu\u2019il m\u2019a transmis apr\u00e8s sa mort.<\/span><\/p>\n<p><span lang=\"FR\">C\u2019est une le\u00e7on que j\u2019ai re\u00e7ue tant de fois par la suite dans ma vie. Elle m\u2019est venue de personnes qui avaient souffert, de r\u00e9fugi\u00e9s qui avaient \u00e9t\u00e9 rejet\u00e9s dans leurs pays et dans les pays o\u00f9 ils avaient cherch\u00e9 refuge. J\u2019ai appris de leur capacit\u00e9 \u00e0 pardonner et \u00e0 aller de l\u2019avant avec courage et pers\u00e9v\u00e9rance malgr\u00e9 la stigmatisation dont ils \u00e9taient l\u2019objet. \u00c0 maintes reprises j\u2019ai \u00e9t\u00e9 accueillie dans leurs maisons, ils m\u2019ont fait d\u00e9couvrir sous un jour nouveau ce que signifient l\u2019hospitalit\u00e9, l\u2019espoir et la foi.<\/span><\/p>\n<p><span lang=\"FR\">Alors que je me pr\u00e9pare pour P\u00e2ques et l\u2019espoir de la r\u00e9surrection, je pense \u00e0 la capacit\u00e9 transformatrice de la \u00ab pierre \u00bb rejet\u00e9e par les ma\u00e7ons \u2013 les laiss\u00e9s-pour-compte, les pauvres, ceux qui subissent l\u2019injustice \u2013, et je prie pour \u00eatre capable de voir qu\u2019ils constituent la pierre angulaire de notre foi et de notre vie.<\/span><\/p>\n<p>\u00a0<\/p>\n<p><em>Lisez la r\u00e9flexion pour la cinqui\u00e8me semaine de Car\u00eame <a href=\"http:\/\/ajan.africa\/fr\/appeles-a-vivre-la-compassion-de-jesus\/\">ici<\/a><\/em><\/p>\n<p class=\"MsoNormal\" style=\"padding: 0px; margin: 12px 0px 12px 0px;\"><em>Lisez la r\u00e9flexion pour la quatri\u00e8me semaine de Car\u00eame <a href=\"http:\/\/ajan.africa\/fr\/regarder-le-monde-et-les-autres-autour-de-nous-avec-les-yeux-de-dieu\/\">ici<\/a><\/em><\/p>\n<p class=\"MsoNormal\" style=\"padding: 0px; margin: 12px 0px 12px 0px;\"><em>Lisez la r\u00e9flexion pour la troisi\u00e8me semaine de Car\u00eame <a href=\"http:\/\/ajan.africa\/fr\/nous-devons-faire-la-fete\/\">ici<\/a><\/em><\/p>\n<p class=\"MsoNormal\" style=\"padding: 0px; margin: 12px 0px 12px 0px;\"><em>Lisez la r\u00e9flexion pour la deuxi\u00e8me semaine de Car\u00eame <a href=\"http:\/\/ajan.africa\/fr\/transformer-les-vies-2\/\">ici<\/a><\/em><\/p>\n<p class=\"MsoNormal\" style=\"padding: 0px; margin: 12px 0px 12px 0px;\"><em>Lisez la r\u00e9flexion pour la premi\u00e8re semaine de Car\u00eame\u00a0<a href=\"http:\/\/ajan.africa\/fr\/resister-a-la-tentation-de-ne-rechercher-quel-interet-personnel\/\">ici<\/a><\/em><\/p>\n<p style=\"padding: 0px; margin: 12px 0px 12px 0px;\"><em>Lisez la r\u00e9flexion pour mercredi des Cendres <a href=\"http:\/\/ajan.africa\/fr\/retour-aux-bases\/\">ici<\/a><\/em><\/p>\n<p>\u00a0<\/p>","protected":false},"excerpt":{"rendered":"<p>Notre r\u00e9flexion pour la sixi\u00e8me semaine du Car\u00eame est \u00e9crite par Jenny Cafiso, directrice du Canadian Jesuits International(CJI). \u00ab La pierre que les ma\u00e7ons ont rejet\u00e9e est devenue la pierre angulaire. Cela vient du Seigneur : c&#8217;est une merveille \u00e0 nos yeux ! \u00bb Ps 118, 22-23 Quand j\u2019ai lu<\/p>\n<p><a class=\"sd-more sd-all-trans\" href=\"https:\/\/ajan.africa\/fr\/la-capacite-transformatrice-de-la-pierre-rejetee\/#more-4606\">Lire la suite<\/a><\/p>","protected":false},"author":155,"featured_media":0,"comment_status":"open","ping_status":"open","sticky":false,"template":"","format":"standard","meta":{"om_disable_all_campaigns":false,"_monsterinsights_skip_tracking":false,"_monsterinsights_sitenote_active":false,"_monsterinsights_sitenote_note":"","_monsterinsights_sitenote_category":0,"footnotes":""},"categories":[66],"tags":[],"class_list":["post-4606","post","type-post","status-publish","format-standard","hentry","category-ajan-campaign-articles"],"aioseo_notices":[],"_links":{"self":[{"href":"https:\/\/ajan.africa\/fr\/wp-json\/wp\/v2\/posts\/4606","targetHints":{"allow":["GET"]}}],"collection":[{"href":"https:\/\/ajan.africa\/fr\/wp-json\/wp\/v2\/posts"}],"about":[{"href":"https:\/\/ajan.africa\/fr\/wp-json\/wp\/v2\/types\/post"}],"author":[{"embeddable":true,"href":"https:\/\/ajan.africa\/fr\/wp-json\/wp\/v2\/users\/155"}],"replies":[{"embeddable":true,"href":"https:\/\/ajan.africa\/fr\/wp-json\/wp\/v2\/comments?post=4606"}],"version-history":[{"count":0,"href":"https:\/\/ajan.africa\/fr\/wp-json\/wp\/v2\/posts\/4606\/revisions"}],"wp:attachment":[{"href":"https:\/\/ajan.africa\/fr\/wp-json\/wp\/v2\/media?parent=4606"}],"wp:term":[{"taxonomy":"category","embeddable":true,"href":"https:\/\/ajan.africa\/fr\/wp-json\/wp\/v2\/categories?post=4606"},{"taxonomy":"post_tag","embeddable":true,"href":"https:\/\/ajan.africa\/fr\/wp-json\/wp\/v2\/tags?post=4606"}],"curies":[{"name":"wp","href":"https:\/\/api.w.org\/{rel}","templated":true}]}}