{"id":4659,"date":"2015-03-12T09:19:11","date_gmt":"2015-03-12T06:19:11","guid":{"rendered":"http:\/\/ajan.africa\/headline-39\/"},"modified":"2015-03-12T09:19:11","modified_gmt":"2015-03-12T06:19:11","slug":"headline-39","status":"publish","type":"post","link":"https:\/\/ajan.africa\/fr\/headline-39\/","title":{"rendered":"Burundi: Jesuit project director delivers NGO address to UNAIDS chief"},"content":{"rendered":"<p><span lang=\"EN-GB\">4 June 2013 &#8211; The director of Service Yezu Mwiza (SYM), an AIDS project run by the Jesuits in Burundi, has called on UNAIDS to step up advocacy for universal access to treatment. <\/span><span lang=\"EN-GB\">Fr D\u00e9sir\u00e9 Yamuremye SJ <\/span>was addressing UNAIDS chief Michel Sidib\u00e9 on behalf of civil society representatives&#8230; <a href=\"http:\/\/ajan.africa\/fr\/burundi-jesuit-project-director-delivers-ngo-address-to-unaids-chief\/\">Read more<\/a><\/p>","protected":false},"excerpt":{"rendered":"<p>4 June 2013 &#8211; The director of Service Yezu Mwiza (SYM), an AIDS project run by the Jesuits in Burundi, has called on UNAIDS to step up advocacy for universal access to treatment. Fr D\u00e9sir\u00e9 Yamuremye SJ was addressing UNAIDS chief Michel Sidib\u00e9 on behalf of civil society representatives&#8230; Read<\/p>\n<p><a class=\"sd-more sd-all-trans\" href=\"https:\/\/ajan.africa\/fr\/headline-39\/#more-4659\">Lire la suite<\/a><\/p>","protected":false},"author":155,"featured_media":0,"comment_status":"open","ping_status":"open","sticky":false,"template":"","format":"standard","meta":{"om_disable_all_campaigns":false,"_monsterinsights_skip_tracking":false,"_monsterinsights_sitenote_active":false,"_monsterinsights_sitenote_note":"","_monsterinsights_sitenote_category":0,"footnotes":""},"categories":[69],"tags":[],"class_list":["post-4659","post","type-post","status-publish","format-standard","hentry","category-headlines"],"aioseo_notices":[],"_links":{"self":[{"href":"https:\/\/ajan.africa\/fr\/wp-json\/wp\/v2\/posts\/4659","targetHints":{"allow":["GET"]}}],"collection":[{"href":"https:\/\/ajan.africa\/fr\/wp-json\/wp\/v2\/posts"}],"about":[{"href":"https:\/\/ajan.africa\/fr\/wp-json\/wp\/v2\/types\/post"}],"author":[{"embeddable":true,"href":"https:\/\/ajan.africa\/fr\/wp-json\/wp\/v2\/users\/155"}],"replies":[{"embeddable":true,"href":"https:\/\/ajan.africa\/fr\/wp-json\/wp\/v2\/comments?post=4659"}],"version-history":[{"count":0,"href":"https:\/\/ajan.africa\/fr\/wp-json\/wp\/v2\/posts\/4659\/revisions"}],"wp:attachment":[{"href":"https:\/\/ajan.africa\/fr\/wp-json\/wp\/v2\/media?parent=4659"}],"wp:term":[{"taxonomy":"category","embeddable":true,"href":"https:\/\/ajan.africa\/fr\/wp-json\/wp\/v2\/categories?post=4659"},{"taxonomy":"post_tag","embeddable":true,"href":"https:\/\/ajan.africa\/fr\/wp-json\/wp\/v2\/tags?post=4659"}],"curies":[{"name":"wp","href":"https:\/\/api.w.org\/{rel}","templated":true}]}}