{"id":6969,"date":"2019-07-22T08:30:51","date_gmt":"2019-07-22T05:30:51","guid":{"rendered":"http:\/\/ajan.africa\/?p=6969"},"modified":"2019-07-22T08:30:51","modified_gmt":"2019-07-22T05:30:51","slug":"grande-entusiasmo-pelo-lancamento-do-programa-ahappy-no-ruanda-pelo-centro-jesuita-urumuri","status":"publish","type":"post","link":"https:\/\/ajan.africa\/fr\/grande-entusiasmo-pelo-lancamento-do-programa-ahappy-no-ruanda-pelo-centro-jesuita-urumuri\/","title":{"rendered":"GRANDE ENTUSIASMO PELO LAN\u00c7AMENTO DO PROGRAMA AHAPPY NO RUANDA PELO CENTRO JESU\u00cdTA URUMURI."},"content":{"rendered":"<p>Pela primeira vez no Ruanda, o Centro Jesu\u00edta Urumuri, a Rede Jesu\u00edta Africana contra a SIDA (AJAN) e o Secretariado da Educa\u00e7\u00e3o Cat\u00f3lica da Arquidiocese de Kigali lan\u00e7aram o Programa Gera\u00e7\u00e3o AHAPPY para os Jovens.<br \/>\nUm semin\u00e1rio de Forma\u00e7\u00e3o de Formadores teve lugar em Kigali de 22 a 31 de julho de 2019, com a participa\u00e7\u00e3o, durante estes dez dias, de 30 professores de escolas cat\u00f3licas da Arquidiocese de Kigali. A finalidade do semin\u00e1rio foi a de permitir que os participantes se expressassem em rela\u00e7\u00e3o aos desafios inquietantes enfrentados pelos jovens, particularmente a pandemia do HIV e da SIDA, as gravidezes precoces e o abuso de drogas. Realizou-se tamb\u00e9m para os incentivar a unir as m\u00e3os em favor de solu\u00e7\u00f5es positivas, uma vez regressados \u00e0s respetivas escolas e comunidades.<br \/>\nTal como foi sublinhado pelo P. Elph\u00e8ge Quenum SJ, Diretor da AJAN, o Programa Gera\u00e7\u00e3o AHAPPY fundamenta-se na tradi\u00e7\u00e3o da Pedagogia Inaciana, a qual promove o desenvolvimento integral do ser humano. Em muitos pa\u00edses de \u00c1frica, o Programa Gera\u00e7\u00e3o AHAPPY para os Jovens tem evidenciado resultados palp\u00e1veis na luta contra o HIV e a SIDA, as gravidezes precoces e o abuso de drogas entre os jovens.<br \/>\nDurante a cerim\u00f3nia de lan\u00e7amento, o P. Patrice Ndayisenga SJ, Diretor do Centro URUMURI (JUC), sublinhou que o Programa Gera\u00e7\u00e3o AHAPPY chega ao Ruanda no tempo certo, pois a gera\u00e7\u00e3o jovem, especialmente os estudantes entre os 10 e os 24 anos de idade, precisa de ser formada para levar uma vida feliz livre do tormento do HIV e da SIDA. E acrescentou que o Centro Jesu\u00edta URUMURI orientar\u00e1 os jovens para terem esperan\u00e7a no futuro.<br \/>\nO Programa ir\u00e1 inicialmente ser implementado nas escolas cat\u00f3licas da Arquidiocese de Kigali e posteriormente ser\u00e1 alargado a escolas de outras dioceses no Ruanda. O P. Patrice salientou que \u00e9 necess\u00e1rio expandir e fortalecer este Programa no Ruanda, porque a Educa\u00e7\u00e3o se conta entre os deveres da Igreja Cat\u00f3lica, e especialmente para os Jesu\u00edtas (Companheiros de Jesus), de acordo com a tradi\u00e7\u00e3o da Pedagogia Inaciana.<\/p>\n<p>\u201cA Educa\u00e7\u00e3o \u00e9 uma das prioridades para os jesu\u00edtas\u201d, P. Patrice Ndayisenga, Diretor do JUC<br \/>\n<img fetchpriority=\"high\" decoding=\"async\" src=\"http:\/\/ajan.africa\/wp-content\/uploads\/2019\/08\/Fr.-Patrice.jpg\" alt=\"\" width=\"6000\" height=\"4000\" class=\"alignnone size-full wp-image-6213\" \/><br \/>\nO Diretor da AJAN e patrono do Programa AHAPPY em \u00c1frica, P. Elph\u00e8ge Quenum, sublinhou, por outro lado, que \u00e9 de primordial import\u00e2ncia para o AHAPPY o seu crescimento permanente nos diversos pa\u00edses em que a Igreja Cat\u00f3lica est\u00e1 presente. Agradeceu ao Centro Jesu\u00edta URUMURI (JUC) pela brilhante ideia de convidar professores para o semin\u00e1rio, pois eles ser\u00e3o os \u201cpontos focais\u201d em diversas escolas e contribuir\u00e3o para o funcionamento dos Clubes contra o HIV e a SIDA.<br \/>\nNa sua interven\u00e7\u00e3o, Mons. Casmir UFITUMUKIZA, Vig\u00e1rio-geral da Arquidiocese de Kigali, afirmou que se deve colocar uma especial \u00eanfase na fam\u00edlia, pois ela \u00e9 o fundamento da Igreja e sem ela a miss\u00e3o da Igreja seria dif\u00edcil de cumprir. \u201cA fam\u00edlia \u00e9 composta por pais e filhos, mas deve dar-se especial aten\u00e7\u00e3o aos filhos, que s\u00e3o os mais afetados pelas doen\u00e7as mortais como o HIV e a SIDA, outras doen\u00e7as associadas, e outros problemas que impedem o progresso e o bem-estar de muitas fam\u00edlias no mundo. \u00c9 muito necess\u00e1rio escutar os filhos\u201d, acentuou.<br \/>\nApelou ainda aos pais, aos professores, \u00e0 Igreja e a toda a comunidade para que escutem os jovens e os ajudem a resolver os seus problemas, pois eles t\u00eam necessidade da orienta\u00e7\u00e3o dos pais e professores desde a primeira inf\u00e2ncia.<br \/>\nAp\u00f3s a Missa de encerramento, Mons. Casmir Ufitumukiza lan\u00e7ou oficialmente o Programa Gera\u00e7\u00e3o AHAPPY para os Jovens cortando o bolo que fora preparado para esta feliz ocasi\u00e3o.<\/p>\n<p>P. Elph\u00e8ge (\u00e0 esquerda) Mons. Casmir, P. Onesphore e P. Patrice cortando o bolo para o lan\u00e7amento do Programa AHAPPY<br \/>\n<img decoding=\"async\" src=\"http:\/\/ajan.africa\/wp-content\/uploads\/2019\/08\/cake-cutting.jpg\" alt=\"\" width=\"1080\" height=\"607\" class=\"alignnone size-full wp-image-6215\" srcset=\"https:\/\/ajan.africa\/wp-content\/uploads\/2019\/08\/cake-cutting.jpg 1080w, https:\/\/ajan.africa\/wp-content\/uploads\/2019\/08\/cake-cutting-300x169.jpg 300w, https:\/\/ajan.africa\/wp-content\/uploads\/2019\/08\/cake-cutting-1024x576.jpg 1024w, https:\/\/ajan.africa\/wp-content\/uploads\/2019\/08\/cake-cutting-768x432.jpg 768w, https:\/\/ajan.africa\/wp-content\/uploads\/2019\/08\/cake-cutting-274x155.jpg 274w\" sizes=\"(max-width: 1080px) 100vw, 1080px\" \/><\/p>\n<p>Mathieu NSENGIYAREMYE<br \/>\nRespons\u00e1vel pelas Comunica\u00e7\u00f5es, JUC<\/p>","protected":false},"excerpt":{"rendered":"<p>Pela primeira vez no Ruanda, o Centro Jesu\u00edta Urumuri, a Rede Jesu\u00edta Africana contra a SIDA (AJAN) e o Secretariado da Educa\u00e7\u00e3o Cat\u00f3lica da Arquidiocese de Kigali lan\u00e7aram o Programa Gera\u00e7\u00e3o AHAPPY para os Jovens. Um semin\u00e1rio de Forma\u00e7\u00e3o de Formadores teve lugar em Kigali de 22 a 31 de<\/p>\n<p><a class=\"sd-more sd-all-trans\" href=\"https:\/\/ajan.africa\/fr\/grande-entusiasmo-pelo-lancamento-do-programa-ahappy-no-ruanda-pelo-centro-jesuita-urumuri\/#more-6969\">Lire la suite<\/a><\/p>","protected":false},"author":155,"featured_media":6234,"comment_status":"open","ping_status":"open","sticky":false,"template":"","format":"standard","meta":{"om_disable_all_campaigns":false,"_monsterinsights_skip_tracking":false,"_monsterinsights_sitenote_active":false,"_monsterinsights_sitenote_note":"","_monsterinsights_sitenote_category":0,"footnotes":""},"categories":[82],"tags":[],"class_list":["post-6969","post","type-post","status-publish","format-standard","has-post-thumbnail","hentry","category-ajanews-articles-portuguese"],"aioseo_notices":[],"_links":{"self":[{"href":"https:\/\/ajan.africa\/fr\/wp-json\/wp\/v2\/posts\/6969","targetHints":{"allow":["GET"]}}],"collection":[{"href":"https:\/\/ajan.africa\/fr\/wp-json\/wp\/v2\/posts"}],"about":[{"href":"https:\/\/ajan.africa\/fr\/wp-json\/wp\/v2\/types\/post"}],"author":[{"embeddable":true,"href":"https:\/\/ajan.africa\/fr\/wp-json\/wp\/v2\/users\/155"}],"replies":[{"embeddable":true,"href":"https:\/\/ajan.africa\/fr\/wp-json\/wp\/v2\/comments?post=6969"}],"version-history":[{"count":0,"href":"https:\/\/ajan.africa\/fr\/wp-json\/wp\/v2\/posts\/6969\/revisions"}],"wp:featuredmedia":[{"embeddable":true,"href":"https:\/\/ajan.africa\/fr\/wp-json\/wp\/v2\/media\/6234"}],"wp:attachment":[{"href":"https:\/\/ajan.africa\/fr\/wp-json\/wp\/v2\/media?parent=6969"}],"wp:term":[{"taxonomy":"category","embeddable":true,"href":"https:\/\/ajan.africa\/fr\/wp-json\/wp\/v2\/categories?post=6969"},{"taxonomy":"post_tag","embeddable":true,"href":"https:\/\/ajan.africa\/fr\/wp-json\/wp\/v2\/tags?post=6969"}],"curies":[{"name":"wp","href":"https:\/\/api.w.org\/{rel}","templated":true}]}}