{"id":7202,"date":"2020-02-06T07:28:33","date_gmt":"2020-02-06T04:28:33","guid":{"rendered":"http:\/\/ajan.africa\/?p=7202"},"modified":"2020-02-06T07:28:33","modified_gmt":"2020-02-06T04:28:33","slug":"hiv-e-sida-entre-as-causas-da-morte-de-mais-de-1-milhao-de-adolescentes-em-todo-o-mundo-a-cada-ano-que-passa","status":"publish","type":"post","link":"https:\/\/ajan.africa\/fr\/hiv-e-sida-entre-as-causas-da-morte-de-mais-de-1-milhao-de-adolescentes-em-todo-o-mundo-a-cada-ano-que-passa\/","title":{"rendered":"HIV e SIDA entre as causas da morte de mais de 1 milh\u00e3o de adolescentes em todo o mundo a cada ano que passa"},"content":{"rendered":"<p><strong>Por Caleb Mwamisi<\/strong><\/p>\n<p>A Organiza\u00e7\u00e3o Mundial da Sa\u00fade divulgou recentemente uma lista de 13 quest\u00f5es urgentes de sa\u00fade por si identificadas e que dever\u00e3o ser abordadas na pr\u00f3xima d\u00e9cada. O HIV e a SIDA n\u00e3o foram exclu\u00eddos enquanto um dos problemas que devem ser enfrentados para promover a seguran\u00e7a dos adolescentes. As outras amea\u00e7as \u00e0 seguran\u00e7a dos adolescentes s\u00e3o a viol\u00eancia e o suic\u00eddio.<\/p>\n<p>Esta \u00e9 uma forte advert\u00eancia quanto \u00e0 amea\u00e7a que o HIV e a SIDA continuam a representar para o futuro da humanidade, apesar dos avan\u00e7os na revers\u00e3o do seu impacto devastador em todo o mundo, e tendo em conta que a \u00c1frica carrega o maior fardo representado pela doen\u00e7a. Sem d\u00favida que continua a estar aqui uma amea\u00e7a para a pr\u00f3xima gera\u00e7\u00e3o.<\/p>\n<p>A OMS recomenda a disponibiliza\u00e7\u00e3o das ferramentas necess\u00e1rias para educar os adolescentes acerca do sexo, abuso de drogas e sa\u00fade mental, a via que julga ser a mais adequada para se poder reduzir significativamente o n\u00famero de mortes.<\/p>\n<p>As outras quest\u00f5es prementes que a organiza\u00e7\u00e3o identifica, al\u00e9m da promo\u00e7\u00e3o da seguran\u00e7a dos adolescentes, s\u00e3o: Foco na sa\u00fade enquanto se discutem as mudan\u00e7as clim\u00e1ticas; Presta\u00e7\u00e3o de assist\u00eancia m\u00e9dica a na\u00e7\u00f5es em crise; Tornar a assist\u00eancia m\u00e9dica acess\u00edvel a todos; Expans\u00e3o do acesso a vacinas e medicamentos; Combate \u00e0s doen\u00e7as contagiosas; Prepara\u00e7\u00e3o para as epidemias; Tornar a alimenta\u00e7\u00e3o saud\u00e1vel mais acess\u00edvel; Investimento nos profissionais de sa\u00fade; Fortalecimento da confian\u00e7a entre os sistemas de sa\u00fade e o p\u00fablico; Utiliza\u00e7\u00e3o da tecnologia moderna e das inova\u00e7\u00f5es; Preven\u00e7\u00e3o da resist\u00eancia a antibi\u00f3ticos; e Garantir que os servi\u00e7os de sa\u00fade sejam limpos e est\u00e9reis.<\/p>\n<p>Este \u00e9 mais um alerta para a \u00c1frica, pois suportamos o maior impacto do HIV e da SIDA, uma vez que as estat\u00edsticas mais recentes da ONUSIDA mostram que mais de 69% das pessoas que vivem com o HIV se encontram na \u00c1frica Subsaariana.<\/p>\n<p>Esta lista da OMS foi divulgada pelo Dr. Tedros Adhanom Ghebreyesus, o diretor-geral da ag\u00eancia.<\/p>","protected":false},"excerpt":{"rendered":"<p>Por Caleb Mwamisi A Organiza\u00e7\u00e3o Mundial da Sa\u00fade divulgou recentemente uma lista de 13 quest\u00f5es urgentes de sa\u00fade por si identificadas e que dever\u00e3o ser abordadas na pr\u00f3xima d\u00e9cada. O HIV e a SIDA n\u00e3o foram exclu\u00eddos enquanto um dos problemas que devem ser enfrentados para promover a seguran\u00e7a dos<\/p>\n<p><a class=\"sd-more sd-all-trans\" href=\"https:\/\/ajan.africa\/fr\/hiv-e-sida-entre-as-causas-da-morte-de-mais-de-1-milhao-de-adolescentes-em-todo-o-mundo-a-cada-ano-que-passa\/#more-7202\">Lire la suite<\/a><\/p>","protected":false},"author":155,"featured_media":0,"comment_status":"open","ping_status":"open","sticky":false,"template":"","format":"standard","meta":{"om_disable_all_campaigns":false,"_monsterinsights_skip_tracking":false,"_monsterinsights_sitenote_active":false,"_monsterinsights_sitenote_note":"","_monsterinsights_sitenote_category":0,"footnotes":""},"categories":[82],"tags":[],"class_list":["post-7202","post","type-post","status-publish","format-standard","hentry","category-ajanews-articles-portuguese"],"aioseo_notices":[],"_links":{"self":[{"href":"https:\/\/ajan.africa\/fr\/wp-json\/wp\/v2\/posts\/7202","targetHints":{"allow":["GET"]}}],"collection":[{"href":"https:\/\/ajan.africa\/fr\/wp-json\/wp\/v2\/posts"}],"about":[{"href":"https:\/\/ajan.africa\/fr\/wp-json\/wp\/v2\/types\/post"}],"author":[{"embeddable":true,"href":"https:\/\/ajan.africa\/fr\/wp-json\/wp\/v2\/users\/155"}],"replies":[{"embeddable":true,"href":"https:\/\/ajan.africa\/fr\/wp-json\/wp\/v2\/comments?post=7202"}],"version-history":[{"count":0,"href":"https:\/\/ajan.africa\/fr\/wp-json\/wp\/v2\/posts\/7202\/revisions"}],"wp:attachment":[{"href":"https:\/\/ajan.africa\/fr\/wp-json\/wp\/v2\/media?parent=7202"}],"wp:term":[{"taxonomy":"category","embeddable":true,"href":"https:\/\/ajan.africa\/fr\/wp-json\/wp\/v2\/categories?post=7202"},{"taxonomy":"post_tag","embeddable":true,"href":"https:\/\/ajan.africa\/fr\/wp-json\/wp\/v2\/tags?post=7202"}],"curies":[{"name":"wp","href":"https:\/\/api.w.org\/{rel}","templated":true}]}}