{"id":7257,"date":"2020-03-09T15:46:36","date_gmt":"2020-03-09T12:46:36","guid":{"rendered":"http:\/\/ajan.africa\/?p=7257"},"modified":"2020-03-09T15:46:36","modified_gmt":"2020-03-09T12:46:36","slug":"des-enfants-de-neuf-ans-a-peine-sont-aujourdhui-sexuellement-actifs-observent-les-enseignants-qui-proposent-des-mesures-radicales-pour-lutter-contre-la-propagation-du-vih-chez-les-jeunes","status":"publish","type":"post","link":"https:\/\/ajan.africa\/fr\/des-enfants-de-neuf-ans-a-peine-sont-aujourdhui-sexuellement-actifs-observent-les-enseignants-qui-proposent-des-mesures-radicales-pour-lutter-contre-la-propagation-du-vih-chez-les-jeunes\/","title":{"rendered":"Des enfants de neuf ans \u00e0 peine sont aujourd&#8217;hui sexuellement actifs, observent les enseignants, qui proposent des mesures radicales pour lutter contre la propagation du VIH chez les jeunes."},"content":{"rendered":"<p>Des enseignants, des conseillers et des accompagnateurs p\u00e9nitentiaires ont suivi la formation AHAPPY qui s\u2019est tenue du lundi 17 au jeudi 20 f\u00e9vrier 2020. Cet \u00e9v\u00e8nement a eu lieu chez les P\u00e8res Carm\u00e9lites \u00e0 Karen, \u00a0Nairobi, sous la direction d&#8217;AJAN. Ces trois groupes peuvent \u00eatre qualifi\u00e9s de bons samaritains en raison du r\u00f4le qu&#8217;ils jouent dans la soci\u00e9t\u00e9. Le principal objectif de l&#8217;atelier \u00e9tait de leur permettre de mieux comprendre le manuel AHAPPY afin de mieux exercer leur r\u00f4le de mentor dans la promotion du d\u00e9veloppement int\u00e9gral des jeunes dans leurs domaines de travail respectifs.<\/p>\n<p>D\u00e8s le d\u00e9but de cette formation de trois jours, les participants ont \u00e9t\u00e9 unanimes sur le fait qu&#8217;il y a beaucoup \u00e0 faire afin d\u2019atteindre l&#8217;objectif de 2030 d&#8217;\u00e9limination du SIDA dans le monde (fix\u00e9 par l&#8217;ONUSIDA). C&#8217;est en effet la principale raison pour laquelle ils ont senti la n\u00e9cessit\u00e9 de cet exercice : se r\u00e9unir et trouver des id\u00e9es dans leur travail pour aider les adolescents \u00e0 \u00e9viter l&#8217;infection et faire en sorte que ceux qui sont infect\u00e9s ou affect\u00e9s trouvent de l&#8217;aide. Les participants qui sont des enseignants, des conseillers et des employ\u00e9s de prison sont des collaborateurs cl\u00e9s dans le travail d&#8217;AJAN.<\/p>\n<p>Les maladies sexuellement transmissibles, dont le VIH et le SIDA, sont des sujets importants dont l&#8217;\u00e9quipe a, de fa\u00e7on exhaustive, pris le temps de discuter. Il a \u00e9t\u00e9 fortement observ\u00e9 que les comportements sexuels imprudents sont courants chez les jeunes. Il a \u00e9galement \u00e9t\u00e9 not\u00e9 que l&#8217;hygi\u00e8ne fait partie des mesures de pr\u00e9vention des maladies telles que la gonorrh\u00e9e, la chlamydia, la syphilis et autres, car le contact avec la peau peut les propager. Les enseignants ont partag\u00e9 leurs exp\u00e9riences avec les \u00e9l\u00e8ves du secondaire, le r\u00f4le de tuteur et d\u2019accompagnateur \u00e9tant devenu un sujet important de l&#8217;atelier.<\/p>\n<p>La n\u00e9cessit\u00e9 d&#8217;aider \u00e0 renforcer l&#8217;estime de soi et de permettre aux jeunes de d\u00e9couvrir leurs objectifs dans la vie a \u00e9t\u00e9 discut\u00e9e comme un facteur important dans la lutte contre le fl\u00e9au du VIH et du SIDA. &#8220;Il est important de comprendre la valeur de l&#8217;\u00eatre humain car lorsque l&#8217;on se comprend et commence \u00e0 s\u2019appr\u00e9cier, on est alors capable d&#8217;aimer les autres et de bien s&#8217;int\u00e9grer dans la soci\u00e9t\u00e9&#8221;, a observ\u00e9 un formateur. La &#8220;vuln\u00e9rabilit\u00e9 des adolescents&#8221; et les &#8220;valeurs et principes de la vie&#8221; ont \u00e9t\u00e9 quelques-uns des sujets abord\u00e9s pour am\u00e9liorer la compr\u00e9hension dans cette perspective.<\/p>\n<p><img fetchpriority=\"high\" decoding=\"async\" class=\"alignnone wp-image-7246\" src=\"http:\/\/ajan.africa\/wp-content\/uploads\/2020\/03\/cam.jpg\" alt=\"\" width=\"492\" height=\"328\" \/><img decoding=\"async\" class=\"alignnone wp-image-7250\" src=\"http:\/\/ajan.africa\/wp-content\/uploads\/2020\/03\/group-discu-carmelite.jpg\" alt=\"\" width=\"592\" height=\"253\" srcset=\"https:\/\/ajan.africa\/wp-content\/uploads\/2020\/03\/group-discu-carmelite.jpg 795w, https:\/\/ajan.africa\/wp-content\/uploads\/2020\/03\/group-discu-carmelite-300x128.jpg 300w, https:\/\/ajan.africa\/wp-content\/uploads\/2020\/03\/group-discu-carmelite-768x327.jpg 768w\" sizes=\"(max-width: 592px) 100vw, 592px\" \/><\/p>\n<p>De courtes vid\u00e9os, des discussions de groupe et des pr\u00e9sentations ont \u00e9t\u00e9 des activit\u00e9s induites dans le programme\u00a0; ce qui a rendu le processus participatif. Les films pr\u00e9sentaient des le\u00e7ons qui seraient essentielles pour apprendre aux jeunes \u00e0 \u00e9viter les pi\u00e8ges de la mauvaise compagnie au d\u00e9but de l&#8217;\u00e2ge adulte.<\/p>\n<p><em>Id\u00e9es int\u00e9ressantes<\/em><\/p>\n<p>Les observations sur les d\u00e9fis actuels pour les jeunes d&#8217;aujourd&#8217;hui ont amen\u00e9 les participants \u00e0 exprimer certaines r\u00e9flexions qui, selon eux, transformeraient la soci\u00e9t\u00e9 pour le mieux et r\u00e9duiraient les nouvelles infections. Ils ont propos\u00e9 que la sexualit\u00e9 soit enseign\u00e9e dans un langage appropri\u00e9 aux derni\u00e8res ann\u00e9es du primaire, car de nos jours, les enfants ont tendance \u00e0 devenir matures et \u00e0 devenir sexuellement actifs plus t\u00f4t qu\u2019avant.<\/p>\n<p>&#8220;Nous avons commenc\u00e9 \u00e0 avoir des menstruations quand nous \u00e9tions dans le secondaire \u00e0 14 ans et plus, mais aujourd&#8217;hui, des filles de neuf ans seulement commencent \u00e0 avoir leurs r\u00e8gles. Il est important de commencer cette \u00e9ducation plus t\u00f4t et de former les parents au r\u00f4le important d&#8217;accompagnement des enfants \u00e0 la maison. Ne nous adressons pas aux enfants quand les choses ont d\u00e9j\u00e0 mal tourn\u00e9. A l&#8217;adolescence c\u2019est d\u00e9j\u00e0 tard&#8221;, observe un professeur de biologie du secondaire.<\/p>\n<p>&#8220;Deux facteurs, la maturit\u00e9 pr\u00e9coce et l&#8217;exposition \u00e0 des contenus sexuels en raison des capacit\u00e9s technologiques actuelles, nous invitent \u00e0 enseigner aux enfants l&#8217;\u00e9ducation sexuelle plus t\u00f4t et leur fournir des outils pour prendre de bonnes d\u00e9cisions &#8220;, a observ\u00e9 un autre enseignant. Une discussion s&#8217;en est \u00e9galement suivie sur les raisons pour lesquelles l&#8217;homosexualit\u00e9 semble \u00eatre en forte hausse au Kenya et en Afrique, les conseillers \u00a0ayant confirm\u00e9 que le nombre de cas a augment\u00e9 ces derni\u00e8res ann\u00e9es. Il a \u00e9t\u00e9 pr\u00e9sent\u00e9 que ce comportement s&#8217;enracine fortement dans notre soci\u00e9t\u00e9. Plusieurs probl\u00e8mes ont \u00e9t\u00e9 identifi\u00e9s comme causes, notamment la pornographie, l&#8217;activisme des \u00e9trangers et des contextes tels que la vie en prison.<\/p>\n<p>Un responsable des droits de l&#8217;homme en prison, a observ\u00e9 que, pour faire face \u00e0 l&#8217;homosexualit\u00e9 en prison, diverses actions ont \u00e9t\u00e9 prises. Par exemple, ils veillent \u00e0 ce que ne soient pas attribu\u00e9s aux prisonniers des r\u00f4les de pouvoir sur les autres pour \u00e9viter qu&#8217;ils n&#8217;en tirent profit. Il a \u00e9galement mentionn\u00e9 diff\u00e9rentes mesures prises dans les prisons kenyanes pour aider les d\u00e9tenus s\u00e9ropositifs, telles que la fourniture d&#8217;une alimentation saine et des ARVs ainsi qu&#8217;un environnement favorable, afin de surmonter la stigmatisation dont ils sont malheureusement victimes de la part des autres d\u00e9tenus.<\/p>\n<p><img decoding=\"async\" class=\"alignnone wp-image-7248\" src=\"http:\/\/ajan.africa\/wp-content\/uploads\/2020\/03\/Carmelite-ToT-photos.jpg\" alt=\"\" width=\"440\" height=\"294\" \/><img loading=\"lazy\" decoding=\"async\" class=\"alignnone wp-image-7249\" src=\"http:\/\/ajan.africa\/wp-content\/uploads\/2020\/03\/carmelite-3.jpg\" alt=\"\" width=\"430\" height=\"286\" \/><\/p>\n<p>Ce furent sans aucun doute trois jours riches o\u00f9 diverses id\u00e9es et sujets de discussion sont entr\u00e9s en jeu, dans l&#8217;espoir de l\u2019am\u00e9lioration de nos soci\u00e9t\u00e9s.<\/p>\n<p><strong>Par Caleb Mwamisi<\/strong><\/p>","protected":false},"excerpt":{"rendered":"<p>Des enseignants, des conseillers et des accompagnateurs p\u00e9nitentiaires ont suivi la formation AHAPPY qui s\u2019est tenue du lundi 17 au jeudi 20 f\u00e9vrier 2020. Cet \u00e9v\u00e8nement a eu lieu chez les P\u00e8res Carm\u00e9lites \u00e0 Karen, \u00a0Nairobi, sous la direction d&#8217;AJAN. Ces trois groupes peuvent \u00eatre qualifi\u00e9s de bons samaritains en<\/p>\n<p><a class=\"sd-more sd-all-trans\" href=\"https:\/\/ajan.africa\/fr\/des-enfants-de-neuf-ans-a-peine-sont-aujourdhui-sexuellement-actifs-observent-les-enseignants-qui-proposent-des-mesures-radicales-pour-lutter-contre-la-propagation-du-vih-chez-les-jeunes\/#more-7257\">Lire la suite<\/a><\/p>","protected":false},"author":155,"featured_media":7243,"comment_status":"open","ping_status":"open","sticky":false,"template":"","format":"standard","meta":{"om_disable_all_campaigns":false,"_monsterinsights_skip_tracking":false,"_monsterinsights_sitenote_active":false,"_monsterinsights_sitenote_note":"","_monsterinsights_sitenote_category":0,"footnotes":""},"categories":[81],"tags":[],"class_list":["post-7257","post","type-post","status-publish","format-standard","has-post-thumbnail","hentry","category-ajanews-articles-french"],"aioseo_notices":[],"_links":{"self":[{"href":"https:\/\/ajan.africa\/fr\/wp-json\/wp\/v2\/posts\/7257","targetHints":{"allow":["GET"]}}],"collection":[{"href":"https:\/\/ajan.africa\/fr\/wp-json\/wp\/v2\/posts"}],"about":[{"href":"https:\/\/ajan.africa\/fr\/wp-json\/wp\/v2\/types\/post"}],"author":[{"embeddable":true,"href":"https:\/\/ajan.africa\/fr\/wp-json\/wp\/v2\/users\/155"}],"replies":[{"embeddable":true,"href":"https:\/\/ajan.africa\/fr\/wp-json\/wp\/v2\/comments?post=7257"}],"version-history":[{"count":0,"href":"https:\/\/ajan.africa\/fr\/wp-json\/wp\/v2\/posts\/7257\/revisions"}],"wp:featuredmedia":[{"embeddable":true,"href":"https:\/\/ajan.africa\/fr\/wp-json\/wp\/v2\/media\/7243"}],"wp:attachment":[{"href":"https:\/\/ajan.africa\/fr\/wp-json\/wp\/v2\/media?parent=7257"}],"wp:term":[{"taxonomy":"category","embeddable":true,"href":"https:\/\/ajan.africa\/fr\/wp-json\/wp\/v2\/categories?post=7257"},{"taxonomy":"post_tag","embeddable":true,"href":"https:\/\/ajan.africa\/fr\/wp-json\/wp\/v2\/tags?post=7257"}],"curies":[{"name":"wp","href":"https:\/\/api.w.org\/{rel}","templated":true}]}}