{"id":7788,"date":"2021-03-05T15:20:19","date_gmt":"2021-03-05T12:20:19","guid":{"rendered":"http:\/\/ajan.africa\/?p=7788"},"modified":"2021-10-26T08:45:16","modified_gmt":"2021-10-26T08:45:16","slug":"theme-evenements-et-histoire-indicateurs-pour-notre-conversion-chretienne","status":"publish","type":"post","link":"https:\/\/ajan.africa\/fr\/theme-evenements-et-histoire-indicateurs-pour-notre-conversion-chretienne\/","title":{"rendered":"Th\u00e8me : Ev\u00e9nements et Histoire : Indicateurs pour notre Conversion Chr\u00e9tienne"},"content":{"rendered":"<h4><strong>Par D\u00e9sir\u00e9 YAMUREMYE S.J<\/strong><\/h4>\n<p class=\"translation-block\">Pendant la c\u00e9l\u00e9bration eucharistique, le c\u00e9l\u00e9brant lors de la cons\u00e9cration dit \u00ab faisant\u00ab faisant d\u2019ici m\u00e9moire de la mort et de la r\u00e9surrection de son fils\u2026..fils\u2026 \u00bb<br>\nIl devient par cons\u00e9quent tr\u00e8s clair qu\u2019 \u00ab un peuple sans m\u00e9moire est un peuple sans Histoire \u00bb. Les lectures de ce troisi\u00e8me dimanche de ce temps de Car\u00eame pour cette ann\u00e9e liturgique B nous font penser \u00e0 cette r\u00e9alit\u00e9 de la m\u00e9moire historique : Dieu par l\u2019interm\u00e9diaire de Moise donne les dix commandements, le d\u00e9calogue, une sorte de Loi fondamentale pour ce peuple \u00e0 qui Dieu a fait du Bien en le tirant de la vie indigne de l\u2019exile en Egypte. Ce Peuple avait promis de maintenir cette Alliance, ce contrat, en abandonnant les idoles et les sacrifices sans un c\u0153ur repenti. En plus, le Dieu de cette alliance est un Dieu Jaloux : \u00ab Chez ceux qui me ha\u00efssent, je punis la faute des p\u00e8res sur les fils jusqu\u2019\u00e0 la troisi\u00e8me g\u00e9n\u00e9ration \u00bb ( Ex20,5).<br>\nH\u00e9las, l\u2019histoire de ce peuple nous r\u00e9v\u00e8le qu\u2019\u00e0 maintes reprises, il a bris\u00e9 cette alliance. L\u2019Evangile est une preuve \u00e0 l\u2019appui : \u00ab Ils ont fait de la maison du P\u00e8re, une maison de trafic \u00bb (Jn2, 16). Voil\u00e0 un oubli, voil\u00e0 un reniement de ce qui fondait leur \u00eatre et leur bonheur, leur joie. J\u00e9sus, en profitant de ce d\u00e9sordre toutd\u00e9sordre tout en le condamnant, il leur r\u00e9v\u00e8le son identit\u00e9. Il leur r\u00e9v\u00e8le que ilqu\u2019il est la pl\u00e9nitude de l\u2019accomplissement de la Loi de Moise, la pl\u00e9nitude de l\u2019universalit\u00e9 du salut de toute la cr\u00e9ation, des peuples de toutes les langues et nations. Et, effectivement, les disciples se rappel\u00e8rent qu\u2019il est \u00e9crit : l\u2019amour de ta Maison sera mon tourment. Oui les disciples ont compris le geste de J\u00e9sus. Mais, ceux qui ne veulent pas se convertir \u00e0 la nouvelle alliance ne manque d\u2019arguments : il leur faut des signes. Pour eux, les sacrifices et les pratiques des diff\u00e9rentes prescriptions sont suffisantes.<br>\nEn cons\u00e9quence, ce temps de car\u00eame est le moment propice de faire m\u00e9moire de notre histoire et en cons\u00e9quence de notre identit\u00e9. Quel est le sens d\u2019\u00eatre membre de l\u2019Eglise dont le Christ et la T\u00eate ? Au fond pour moi qu\u2019est ce que l\u2019Eglise ? Est-ce simplement une pratique sacramental et liturgique ? Il me semble que dans ce monde, le vrai probl\u00e8me ne r\u00e9side pas en ceux qui ne sont pas baptis\u00e9s ou qui ne croient pas en Dieu mais en ceux qui sont baptis\u00e9s ou qui croient mais limitent leur Foi simplement dans le respect des lois et pr\u00e9ceptes tout en oubliant la pratique de la Charit\u00e9 et de la Solidarit\u00e9, tout en oubliant que nous sommes tous des fr\u00e8res \u00ab Fratelli Tutti \u00bb. Pour le seconde foi, nous vivons un temps de car\u00eame caract\u00e9ris\u00e9 encore une fois par la pand\u00e9mie de la Covid19 qui frapp\u00e9 la race humaine. En Afrique Sub-saharienne, cette pand\u00e9mie vient s\u2019ajouter \u00e0 d\u2019autres virus et maladies plus mortelle que la COVID19. Nous pouvons juste penser au Paludisme, la Tuberculose et sa Co\u00efnfection souvent avec le VIH\/SIDA. Ce car\u00eame nous rappelle notre devoir chr\u00e9tien de proximit\u00e9, de compassion, de tendresse et de solidarit\u00e9 envers ceux qui subissent le plus les cons\u00e9quences de socio-\u00e9conomiques de ces maladies. Quant \u00e0 ceux qui sont infect\u00e9s et\/ou affect\u00e9s par le VIH\/SIDA, le COVID 19 est venu pour ajouter le mal sur le mal, devienent ainsi une nouvelle cause de la co-morbidit\u00e9comorbidit\u00e9 et de la mort. De m\u00eame, le geste de J\u00e9sus nous interpelle pour \u00eatre des hommes et de femmes qui d\u00e9fendent la V\u00e9rit\u00e9 ; qu\u2019on ne construit pas les soci\u00e9t\u00e9s sur des mensonges, l\u2019hypocrisie, les injustices. Le chr\u00e9tien ne devrait pas etre un homme ou une femme de tactique face \u00e0 des pratiques contraires \u00e0 son identit\u00e9. La pand\u00e9mieLa pand\u00e9mie du COVID 19 a r\u00e9v\u00e9l\u00e9 par excellence le vrais virus de notre soci\u00e9t\u00e9 humaine : Virus de l\u2019in\u00e9galit\u00e9 et pand\u00e9mie de la pauvret\u00e9. Face \u00e0 cela, l\u2019Eglise-Famille de Dieu se trouvant en Afrique ne peut se contenter simplement des bonnes c\u00e9l\u00e9brations liturgiques individuelles ou communautaires, mais prendre ce moment comme \u00ab Kairos \u00bb pour d\u00e9noncer les injustices qui s\u2019annoncent d\u00e9j\u00e0 \u00e0 partir de disponibilit\u00e9 du Vaccin non accessible pour tous ceux qui en ont besoin.<\/p>","protected":false},"excerpt":{"rendered":"<p>Par D\u00e9sir\u00e9 YAMUREMYE S.J Pendant la c\u00e9l\u00e9bration eucharistique, le c\u00e9l\u00e9brant lors de la cons\u00e9cration dit \u00ab faisant\u00ab faisant d\u2019ici m\u00e9moire de la mort et de la r\u00e9surrection de son fils\u2026..fils\u2026 \u00bb Il devient par cons\u00e9quent tr\u00e8s clair qu\u2019 \u00ab un peuple sans m\u00e9moire est un peuple sans Histoire \u00bb. Les<\/p>\n<p><a class=\"sd-more sd-all-trans\" href=\"https:\/\/ajan.africa\/fr\/theme-evenements-et-histoire-indicateurs-pour-notre-conversion-chretienne\/#more-7788\">Lire la suite<\/a><\/p>","protected":false},"author":155,"featured_media":0,"comment_status":"open","ping_status":"open","sticky":false,"template":"","format":"standard","meta":{"om_disable_all_campaigns":false,"_monsterinsights_skip_tracking":false,"_monsterinsights_sitenote_active":false,"_monsterinsights_sitenote_note":"","_monsterinsights_sitenote_category":0,"footnotes":""},"categories":[67],"tags":[],"class_list":["post-7788","post","type-post","status-publish","format-standard","hentry","category-aids-in-africa-articles"],"aioseo_notices":[],"_links":{"self":[{"href":"https:\/\/ajan.africa\/fr\/wp-json\/wp\/v2\/posts\/7788","targetHints":{"allow":["GET"]}}],"collection":[{"href":"https:\/\/ajan.africa\/fr\/wp-json\/wp\/v2\/posts"}],"about":[{"href":"https:\/\/ajan.africa\/fr\/wp-json\/wp\/v2\/types\/post"}],"author":[{"embeddable":true,"href":"https:\/\/ajan.africa\/fr\/wp-json\/wp\/v2\/users\/155"}],"replies":[{"embeddable":true,"href":"https:\/\/ajan.africa\/fr\/wp-json\/wp\/v2\/comments?post=7788"}],"version-history":[{"count":0,"href":"https:\/\/ajan.africa\/fr\/wp-json\/wp\/v2\/posts\/7788\/revisions"}],"wp:attachment":[{"href":"https:\/\/ajan.africa\/fr\/wp-json\/wp\/v2\/media?parent=7788"}],"wp:term":[{"taxonomy":"category","embeddable":true,"href":"https:\/\/ajan.africa\/fr\/wp-json\/wp\/v2\/categories?post=7788"},{"taxonomy":"post_tag","embeddable":true,"href":"https:\/\/ajan.africa\/fr\/wp-json\/wp\/v2\/tags?post=7788"}],"curies":[{"name":"wp","href":"https:\/\/api.w.org\/{rel}","templated":true}]}}