{"id":8010,"date":"2021-06-20T10:23:48","date_gmt":"2021-06-20T07:23:48","guid":{"rendered":"https:\/\/ajan.africa\/?p=8010"},"modified":"2021-10-25T11:48:55","modified_gmt":"2021-10-25T11:48:55","slug":"camp-educatif-aux-jeunes-dans-le-diocese-de-kpalime-togo","status":"publish","type":"post","link":"https:\/\/ajan.africa\/fr\/camp-educatif-aux-jeunes-dans-le-diocese-de-kpalime-togo\/","title":{"rendered":"\u00a0Camp Educatif aux jeunes dans le Dioc\u00e8se de Kpalim\u00e9, Togo."},"content":{"rendered":"<h5><em>Ornela Emefa PAKOU, Centres Sociaux Loyola (CCL \u2013 CEL)<\/em><\/h5>\n<p class=\"translation-block\">Une des activit\u00e9s phares qui r\u00e9pond aux 2<sup>\u00e8me<\/sup> Pr\u00e9f\u00e9rences Apostoliques Universel (PAU) dans le cheminement avec les jeunes est le \u00ab&nbsp;Camp Educatif&nbsp;\u00bb qu\u2019offre <strong>les Centres Sociaux Loyola \/ Centre Esp\u00e9rance Loyola (CEL) <\/strong>\u00e0 Lom\u00e9 au Togo. Chaque ann\u00e9e, le Centre Esp\u00e9rance Loyola (CEL) offre l\u2019opportunit\u00e9 aux jeunes vuln\u00e9rables de vivre une ambiance r\u00e9cr\u00e9ative dans l\u2019apprentissage. Il s\u2019agit en effet du camp \u00e9ducatif qui regroupe les jeunes de divers horizons venant de diverses familles dans une unicit\u00e9.<\/p>\n<p class=\"translation-block\">Au total pour cette ann\u00e9e en avril 2021, 40 jeunes dont 20 gar\u00e7ons et 20 filles ont pris part \u00e0 ce camp de 10 jours dans la ville de kpalim\u00e9, une localit\u00e9 situ\u00e9e \u00e0 120 km de la capitale, Lom\u00e9. Une \u00e9quipe des Centres Sociaux Loyola \/CEL compos\u00e9e de superviseurs et de formateurs avec en appui un pr\u00eatre aum\u00f4nier du dioc\u00e8se a accompagn\u00e9 les jeunes durant leur s\u00e9jour au camp. Les c\u00e9l\u00e9brations eucharistiques, les confessions et les exercices spirituels ont \u00e9t\u00e9 les leitmotivs de chaque jour. L\u2019\u00e2ge des participants est compris entre 11 et 24 ans de niveau 6<sup>\u00e8me<\/sup> en Terminale. Ce fut un camp exceptionnel et fructueux car, il s\u2019est bien tenu en ce temps de Covid-19. Ainsi, du 10 au 20 avril 2021, le Centre Monseigneur SESHIE a abrit\u00e9 le camp et a accueilli les jeunes campistes venant des 7 doyenn\u00e9s du dioc\u00e8se.<\/p>\n<p><img fetchpriority=\"high\" decoding=\"async\" class=\"alignnone wp-image-8038\" src=\"http:\/\/ajan.africa\/wp-content\/uploads\/2021\/06\/togo5-300x158.jpg\" alt=\"\" width=\"447\" height=\"236\" srcset=\"https:\/\/ajan.africa\/wp-content\/uploads\/2021\/06\/togo5-300x158.jpg 300w, https:\/\/ajan.africa\/wp-content\/uploads\/2021\/06\/togo5.jpg 302w\" sizes=\"(max-width: 447px) 100vw, 447px\" \/><\/p>\n<p class=\"translation-block\">Ce camp est qualifi\u00e9 d\u2019\u00e9ducatif car non seulement il renforce les comp\u00e9tences des jeunes pour \u00ab&nbsp;<strong>une g\u00e9n\u00e9ration prudente&nbsp;\u00bb <\/strong>sur plusieurs dimensions en un temps record mais aussi, il offre de belles rencontres entre jeunes, des occasions de partages et de joies et de valorisation de leurs talents et vertus. Les jeunes sont venus pour apprendre et en m\u00eame temps pour bien s\u2019amuser apr\u00e8s des mois de cours. C\u2019est des moments de silence, de m\u00e9ditation et de relecture de leurs vies pour des engagements plus responsables et pour un changement positif de leurs comportements. <strong><em>A la fin du camp chaque jeune devient un leader, un pair \u00e9ducateur et un champion pour ses pairs dans leurs familles et quartiers, dans leurs divers \u00e9tablissements et sur leurs paroisses.<\/em><\/strong> Leur d\u00e9veloppement personnel est boost\u00e9 par les renforcements de comp\u00e9tences. Les modules sur les dimensions humaines ; la spiritualit\u00e9&nbsp;; l\u2019Entreprenariat des jeunes, IST\/VIH\/SIDA\/H\u00e9patites\/Covid -19&nbsp;; les Violences et Abus sexuel&nbsp;; les Grossesses pr\u00e9coces, les Vuln\u00e9rabilit\u00e9s des jeunes, les Relations Amicales et Amoureuses; Mieux connaitre son corps et enfin les Valeurs et les Vertus ont \u00e9t\u00e9 anim\u00e9s par les formateurs qui ont exploit\u00e9 aussi le document AHAPPY comme r\u00e9f\u00e9rence. Les supports de vid\u00e9os sen appui ont permis aux jeunes de mieux se d\u00e9couvrir et de discerner sur les cons\u00e9quences de la consommation des Alcools et Drogues&nbsp;; Viol&nbsp;; Suivisme&nbsp;; non-respect aux parents, recherche de gain facile, multi partenariat qui sont les vecteurs de transmission des IST\/VIH\/SIDA.<\/p>\n<p><img decoding=\"async\" class=\"alignnone wp-image-8036\" src=\"http:\/\/ajan.africa\/wp-content\/uploads\/2021\/06\/Togo3-300x135.jpg\" alt=\"\" width=\"469\" height=\"211\" srcset=\"https:\/\/ajan.africa\/wp-content\/uploads\/2021\/06\/Togo3-300x135.jpg 300w, https:\/\/ajan.africa\/wp-content\/uploads\/2021\/06\/Togo3.jpg 360w\" sizes=\"(max-width: 469px) 100vw, 469px\" \/><\/p>\n<p>Les travaux pratiques de d\u00e9monstration culinaire\u00a0; de fabrication de savon liquide et de l\u2019eau de javel ont \u00e9t\u00e9 au rendez-vous pour semer la culture entrepreneuriale chez les jeunes.<\/p>\n<p>Les activit\u00e9s sportives et ludiques (danse autour du feu, les prestations des jeunes par le sketch, les po\u00e8mes, danse classique et traditionnelle.) ainsi que les jeux de soci\u00e9t\u00e9 (scrabble, dame, cartes, awal\u00e9) ont \u00e9t\u00e9 les moments forts du camp et ont permis la socialisation entre et ont d\u00e9voil\u00e9 les talents cach\u00e9s de chaque jeune. Ce sont des moments pour vaincre la timidit\u00e9 chez certains jeunes pour mieux les red\u00e9couvrir.<\/p>\n<p><img decoding=\"async\" class=\"alignnone wp-image-8035\" src=\"http:\/\/ajan.africa\/wp-content\/uploads\/2021\/06\/Togo2-300x225.jpg\" alt=\"\" width=\"467\" height=\"350\" srcset=\"https:\/\/ajan.africa\/wp-content\/uploads\/2021\/06\/Togo2-300x225.jpg 300w, https:\/\/ajan.africa\/wp-content\/uploads\/2021\/06\/Togo2.jpg 419w\" sizes=\"(max-width: 467px) 100vw, 467px\" \/><\/p>\n<p>Les visites touristiques dans la maison du Bishop ainsi que les moments de partages de repas conviviaux ont r\u00e9v\u00e9l\u00e9 une meilleure vision de l\u2019esprit de famille et d\u2019\u00e9quipe. Toutes les activit\u00e9s du camp se sont d\u00e9roul\u00e9es dans le respect strict des mesures pr\u00e9ventives \u00e0 la Covid-19 au Togo.<\/p>\n<p><strong>IMPRESSIONS DES DIFFERENTS CAMPISTES<\/strong><\/p>\n<p><img loading=\"lazy\" decoding=\"async\" class=\"size-full wp-image-8122 alignleft\" src=\"http:\/\/ajan.africa\/wp-content\/uploads\/2021\/06\/Picture1.jpg\" alt=\"\" width=\"225\" height=\"259\" \/><\/p>\n<p class=\"translation-block\">Je me nomme <strong><em>F\u00e9lix, j\u2019ai 11ans <\/em><\/strong>et je suis en classe de 6eme. &nbsp;Je vis avec ma grande m\u00e8re. Je suis fr\u00e9quente certains jeunes du quartier et nous consommons de l\u2019alcool et les drogues. Avec ce camp, j\u2019ai pris conscience de ma mauvaise compagnie et comportements. Les formations sur:&nbsp;<em>\u00ab&nbsp;Valeurs et vertus&nbsp;\u00bb et la \u00ab&nbsp;Diff\u00e9rence entre relation amicale et relation amoureuse&nbsp;\u00bb <\/em>m\u2019ont d\u00e9montr\u00e9 mes mauvais choix, et combien je nuis \u00e0 ma sant\u00e9 et \u00e0 mes \u00e9tudes. Je prends la ferme r\u00e9solution d\u2019\u00e9viter l\u2019alcool, la drogue, le multi partenariat et de sensibiliser les amis.<\/p>\n<p class=\"translation-block\">A 12 ans, j\u2019ai \u00e9t\u00e9 viol\u00e9e par le fils d\u2019un colocataire de maison qui avait 22 ans. Cela a beaucoup affect\u00e9 ma dignit\u00e9. Depuis ce temps, il m\u2019arrive de faire crises. Les th\u00e8mes d\u2019AHAPPY&nbsp;:&nbsp;<em>\u00ab&nbsp;Je suis une cr\u00e9ature bien aim\u00e9e de Dieu&nbsp;<\/em>\u00bb<em>; \u00ab&nbsp;Mon corps et Moi \u00bb<\/em>&nbsp;; les s\u00e9ances d\u2019Ecoute et Conseils, les c\u00e9l\u00e9brations eucharistiques et l\u2019ambiance du camp m\u2019ont permis de briser le silence et de sortir de cette situation qui me hantait. &nbsp;<strong>Fanny, 16 ans en classe de 1\u00e8re.<\/strong><\/p>\n<p><img loading=\"lazy\" decoding=\"async\" class=\"size-full wp-image-8124 alignleft\" src=\"http:\/\/ajan.africa\/wp-content\/uploads\/2021\/06\/Picture3.jpg\" alt=\"\" width=\"176\" height=\"199\" \/><\/p>\n<p class=\"translation-block\">Je m\u2019appelle <strong>Constantin ,18 ans \u00e9l\u00e8ve<\/strong> en classe de 1ere, ce qui m\u2019a le plus le marqu\u00e9 au camp c\u2019est la formation sure&nbsp;<em>\u00ab COMMENT SE PREPARER AU MARIAGE OU A LA VIE CONSACREE \u00bb <\/em>en plus du th\u00e8me sur \u00ab<em>&nbsp;QUI SONT LES JESUITES&nbsp;<\/em>\u00bb. J\u2019ai appris comment d\u00e9velopper la dimension spirituelle puisque j\u2019aspire \u00e0 la vie religieuse.<\/p>\n<p class=\"translation-block\"><img loading=\"lazy\" class=\"wp-image-8125 alignright\" src=\"https:\/\/ajan.africa\/wp-content\/uploads\/2021\/06\/Picture4.jpg\" alt=\"\" width=\"181\" height=\"182\" srcset=\"https:\/\/ajan.africa\/wp-content\/uploads\/2021\/06\/Picture4.jpg 282w, https:\/\/ajan.africa\/wp-content\/uploads\/2021\/06\/Picture4-150x150.jpg 150w, https:\/\/ajan.africa\/wp-content\/uploads\/2021\/06\/Picture4-189x189.jpg 189w, https:\/\/ajan.africa\/wp-content\/uploads\/2021\/06\/Picture4-85x85.jpg 85w\" sizes=\"(max-width: 181px) 100vw, 181px\">Je suis en formation en informatique bureautique, j\u2019ai mon BAC il y\u2019a 2 ans. J\u2019ai contract\u00e9 une grossesse pr\u00e9coce en terminale. Gr\u00e2ce \u00e0 ma m\u00e8re, j\u2019ai repris les cours apr\u00e8s l\u2019accouchement. &nbsp;J\u2019\u00e9tais dans l\u2019ignorance totale. Le camp m\u2019a permis de me rendre compte des risques que j\u2019ai pris en tombant enceinte tr\u00e8s jeune et mon exposition aux IST\/VIH SIDA\/HEPATITES, voir la mort. Je m\u2019engage \u00e0 sensibiliser mes fr\u00e8res et s\u0153urs qui sont actives sexuellement \u00e0 la seconde abstinence avant le mariage. Merci au CEL pour le camp. <strong><em>Carine, 24 ans.<\/em><\/strong><\/p>\n<p class=\"translation-block\"><img loading=\"lazy\" class=\"wp-image-8126 alignleft\" src=\"https:\/\/ajan.africa\/wp-content\/uploads\/2021\/06\/Picture5-247x300.jpg\" alt=\"\" width=\"187\" height=\"227\" srcset=\"https:\/\/ajan.africa\/wp-content\/uploads\/2021\/06\/Picture5-247x300.jpg 247w, https:\/\/ajan.africa\/wp-content\/uploads\/2021\/06\/Picture5.jpg 292w\" sizes=\"(max-width: 187px) 100vw, 187px\">Je suis le <strong>P\u00e8re Gabriel EPHAM<\/strong>, aum\u00f4nier du camp \u00e9ducatif 2021. Apr\u00e8s 10 jours pass\u00e9s avec les jeunes ainsi que les formateurs des Centres Sociaux Loyola\/Centre Esp\u00e9rance Loyola, nous avons compris que c\u2019est tout un programme de renforcement de capacit\u00e9s en dimension spirituelle, physique, sociale, \u00e9motionnelle et intelligence pour le d d\u00e9veloppement personnel de tout participant. En tant qu\u2019aum\u00f4nier, nous avons booster la spiritualit\u00e9 ignacienne chez les jeunes. C\u2019est le lieu de valoriser \u00ab&nbsp;AHAPPY&nbsp;\u00bb, un document riche qui a servi dans plusieurs domaines pour renforcer les comp\u00e9tences de nos jeunes. Chaque jeune a re\u00e7u AHAPPY qui va lui servir de former d\u2019autres jeunes qui n\u2019ont pas eu le privil\u00e8ge de participer \u00e0 ce camp. Je profite pour saluer le dynamisme de toute l\u2019\u00e9quipe.<\/p>","protected":false},"excerpt":{"rendered":"<p>Ornela Emefa PAKOU, Centres Sociaux Loyola (CCL \u2013 CEL) Une des activit\u00e9s phares qui r\u00e9pond aux 2\u00e8me Pr\u00e9f\u00e9rences Apostoliques Universel (PAU) dans le cheminement avec les jeunes est le \u00ab\u00a0Camp Educatif\u00a0\u00bb qu\u2019offre les Centres Sociaux Loyola \/ Centre Esp\u00e9rance Loyola (CEL) \u00e0 Lom\u00e9 au Togo. Chaque ann\u00e9e, le Centre Esp\u00e9rance<\/p>\n<p><a class=\"sd-more sd-all-trans\" href=\"https:\/\/ajan.africa\/fr\/camp-educatif-aux-jeunes-dans-le-diocese-de-kpalime-togo\/#more-8010\">Lire la suite<\/a><\/p>","protected":false},"author":155,"featured_media":8033,"comment_status":"open","ping_status":"open","sticky":false,"template":"","format":"standard","meta":{"om_disable_all_campaigns":false,"_monsterinsights_skip_tracking":false,"_monsterinsights_sitenote_active":false,"_monsterinsights_sitenote_note":"","_monsterinsights_sitenote_category":0,"footnotes":""},"categories":[98],"tags":[],"class_list":["post-8010","post","type-post","status-publish","format-standard","has-post-thumbnail","hentry","category-ajan-news-articles"],"aioseo_notices":[],"_links":{"self":[{"href":"https:\/\/ajan.africa\/fr\/wp-json\/wp\/v2\/posts\/8010","targetHints":{"allow":["GET"]}}],"collection":[{"href":"https:\/\/ajan.africa\/fr\/wp-json\/wp\/v2\/posts"}],"about":[{"href":"https:\/\/ajan.africa\/fr\/wp-json\/wp\/v2\/types\/post"}],"author":[{"embeddable":true,"href":"https:\/\/ajan.africa\/fr\/wp-json\/wp\/v2\/users\/155"}],"replies":[{"embeddable":true,"href":"https:\/\/ajan.africa\/fr\/wp-json\/wp\/v2\/comments?post=8010"}],"version-history":[{"count":0,"href":"https:\/\/ajan.africa\/fr\/wp-json\/wp\/v2\/posts\/8010\/revisions"}],"wp:featuredmedia":[{"embeddable":true,"href":"https:\/\/ajan.africa\/fr\/wp-json\/wp\/v2\/media\/8033"}],"wp:attachment":[{"href":"https:\/\/ajan.africa\/fr\/wp-json\/wp\/v2\/media?parent=8010"}],"wp:term":[{"taxonomy":"category","embeddable":true,"href":"https:\/\/ajan.africa\/fr\/wp-json\/wp\/v2\/categories?post=8010"},{"taxonomy":"post_tag","embeddable":true,"href":"https:\/\/ajan.africa\/fr\/wp-json\/wp\/v2\/tags?post=8010"}],"curies":[{"name":"wp","href":"https:\/\/api.w.org\/{rel}","templated":true}]}}